{"id":981,"date":"2023-10-08T00:12:19","date_gmt":"2023-10-07T22:12:19","guid":{"rendered":"https:\/\/parafiaparchowo.pl\/?p=981"},"modified":"2023-10-08T00:12:20","modified_gmt":"2023-10-07T22:12:20","slug":"katecheza-eucharystyczna-3-kiedy-rozpoczyna-sie-msza-swieta-przygotowanie-dalsze-do-mszy-swietej","status":"publish","type":"post","link":"https:\/\/parafiaparchowo.pl\/?p=981","title":{"rendered":"KATECHEZA EUCHARYSTYCZNA &#8211; 3. Kiedy rozpoczyna si\u0119 Msza \u015bwi\u0119ta? Przygotowanie dalsze do Mszy \u015bwi\u0119tej"},"content":{"rendered":"\n<p>Kiedy dok\u0142adnie rozpoczyna si\u0119 Msza \u015bwi\u0119ta? W sensie technicznym odpowied\u017a<br>jest prosta. Msza \u015bwi\u0119ta rozpoczyna si\u0119 wraz z procesj\u0105 wej\u015bcia lub pie\u015bni\u0105 na rozpocz\u0119cie.<br>Je\u015bli natomiast szukamy odpowiedzi w sensie duchowym i pytamy: kiedy DLA CIEBIE<br>rozpoczyna si\u0119 Msza \u015bwi\u0119ta \u2013 jest to ju\u017c znacznie bardziej skomplikowane. Tematem<br>dzisiejszej katechezy jest tzw. dalsze przygotowanie do Mszy \u015bwi\u0119tej. Je\u015bli go zabraknie,<br>nawet gdy b\u0119dziesz fizycznie obecny na Eucharystii, w Twoim sercu mo\u017ce si\u0119 ona wcale<br>nie rozpocz\u0105\u0107.<br>Jednym z cel\u00f3w Mszy \u015bwi\u0119tej, a zw\u0142aszcza Komunii \u015bwi\u0119tej, jest z\u0142\u0105czenie naszego \u017cycia<br>z \u017cyciem Boga. Chodzi o ca\u0142e \u017cycie, a nie tylko godzin\u0119 w tygodniu. Zrozumienie tej<br>prawdy pomo\u017ce nam odkry\u0107, dlaczego czasem tak trudno jest nam si\u0119 skupi\u0107 na Mszy<br>\u015bwi\u0119tej i dlaczego czujemy si\u0119 na niej obco.<br>Wyobra\u017amy sobie dwa ma\u0142\u017ce\u0144stwa, kt\u00f3re rocznic\u0119 \u015blubu chc\u0105 uczci\u0107 uroczyst\u0105 kolacj\u0105 we<br>dwoje. Jedna z par stale ze sob\u0105 rozmawia, okazuje wzajemnie mi\u0142o\u015b\u0107, ich relacja jest bliska<br>ka\u017cdego dnia. Druga para natomiast zazwyczaj ogranicza si\u0119 do s\u0142u\u017cbowej wymiany zda\u0144,<br>nie ma pomi\u0119dzy nimi wi\u0119zi i wymiany my\u015bli.<br>Kt\u00f3ra z tych par b\u0119dzie mia\u0142a udan\u0105 randk\u0119? Nie mamy w\u0105tpliwo\u015bci, \u017ce pierwsza. Ich<br>mi\u0142osne spotkanie jest naturalnym zwie\u0144czeniem relacji budowanej na co dzie\u0144. B\u0119dzie<br>wi\u0119c \u015bwi\u0119towaniem mi\u0142o\u015bci, kt\u00f3r\u0105 sobie okazuj\u0105 w codzienno\u015bci, a jednocze\u015bnie b\u0119dzie to<br>spotkanie, kt\u00f3re umocni ich mi\u0142o\u015b\u0107 na najbli\u017csze dni.<br>Dok\u0142adnie tak samo jest z naszym uczestnictwem we Mszy \u015bwi\u0119tej, kt\u00f3r\u0105 \u015bmia\u0142o mo\u017cemy<br>nazwa\u0107 \u201erandk\u0105 z Bogiem\u201d. To z jakim nastawieniem uczestniczymy w Eucharystii jest<br>w du\u017cej mierze wynikiem naszej codziennej relacji z Bogiem. Je\u015bli na co dzie\u0144 jeste\u015bmy<br>z Nim pok\u0142\u00f3ceni, a wi\u0119c \u017cyjemy w grzechu ci\u0119\u017ckim i nie chcemy nic z tym robi\u0107, nasz<br>udzia\u0142 w Mszy \u015bwi\u0119tej b\u0119dzie sztuczny, podobnie jak randka pok\u0142\u00f3conych ma\u0142\u017conk\u00f3w. Nie<br>dziwmy si\u0119, \u017ce Msza \u015bwi\u0119ta wtedy nie poci\u0105ga, wydaje si\u0119 przykrym obowi\u0105zkiem i nie<br>przynosi spodziewanych owoc\u00f3w.<br>Nieco lepsza, cho\u0107 nadal niedoskona\u0142a sytuacja jest wtedy, gdy staramy si\u0119 \u017cy\u0107 zgodnie<br>z przykazaniami, ale na co dzie\u0144 nie piel\u0119gnujemy naszej intymnej relacji z Bogiem. Je\u015bli<br>nasza rozmowa z Bogiem w ci\u0105gu dnia ogranicza si\u0119 do kilku rutynowo wypowiedzianych<br>\u201eOjcze nasz\u201d i \u201eZdrowa\u015b Maryjo\u201d, a nie ma tam miejsca na osobist\u0105 rozmow\u0119, s\u0142uchanie<br>Boga m\u00f3wi\u0105cego do nas w Biblii, czy te\u017c prostych, ale czu\u0142ych s\u0142\u00f3w, zwanych <br>w duchowo\u015bci aktami strzelistymi: \u201ePanie Jezu, kocham Ci\u0119\u201d, \u201ePanie Jezu, t\u0119skni\u0119\u201d,<br>\u201ePanie Jezu, przyjd\u017a!\u201d, Msza \u015bwi\u0119ta r\u00f3wnie\u017c b\u0119dzie nieco oderwana od \u017cycia.<br>Je\u015bli zatem chcemy dobrze prze\u017cy\u0107 Eucharysti\u0119, przygotowanie do Niej powinno zaczyna\u0107<br>si\u0119 tak naprawd\u0119 w zwyk\u0142ej codzienno\u015bci naszego \u017cycia, bo Msza \u015bwi\u0119ta i nasza modlitwa<br>to naczynia po\u0142\u0105czone. Gdy brakuje jednego, s\u0142abnie drugie. Codzienna modlitwa pomaga<br>g\u0142\u0119biej prze\u017cy\u0107 Eucharysti\u0119, kt\u00f3ra staje si\u0119 wtedy szczytem modlitwy, a Eucharystia daje<br>si\u0142y i motywacj\u0119 do codziennej modlitwy. Modlitwa, czyli nasza relacja z Bogiem, daje<br>ch\u0119\u0107 do \u017cycia, do czynienia dobra, do kochania, do przebaczania.<br>Pomy\u015bl dzi\u015b nad trudno\u015bciami, jakie masz w zwi\u0105zku z Eucharysti\u0105. Zastan\u00f3w si\u0119,<br>czy nie wynikaj\u0105 one z grzechu lub z braku codziennej rozmowy z Bogiem. A je\u015bli ta relacja<br>uleg\u0142a och\u0142odzeniu lub popsu\u0142a si\u0119 przez grzech \u2013 B\u00f3g czeka na ciebie w sakramencie<br>pokuty i pojednania. Zacznij tam wszystko od nowa i przyjmij w Komunii ogie\u0144 mi\u0142o\u015bci,<br>ogie\u0144 Ducha \u015awi\u0119tego. Decyzj\u0105 woli zapragnij blisko\u015bci Boga, a On spe\u0142ni pragnienia<br>twojego serca.<\/p>\n","protected":false},"excerpt":{"rendered":"<p>Kiedy dok\u0142adnie rozpoczyna si\u0119 Msza \u015bwi\u0119ta? W sensie technicznym odpowied\u017ajest prosta. Msza \u015bwi\u0119ta rozpoczyna si\u0119 wraz z procesj\u0105 wej\u015bcia lub pie\u015bni\u0105 na rozpocz\u0119cie.Je\u015bli natomiast &hellip;<\/p>\n","protected":false},"author":1,"featured_media":984,"comment_status":"closed","ping_status":"closed","sticky":false,"template":"","format":"standard","meta":{"footnotes":""},"categories":[4],"tags":[],"class_list":["post-981","post","type-post","status-publish","format-standard","has-post-thumbnail","hentry","category-aktualnosci"],"_links":{"self":[{"href":"https:\/\/parafiaparchowo.pl\/index.php?rest_route=\/wp\/v2\/posts\/981","targetHints":{"allow":["GET"]}}],"collection":[{"href":"https:\/\/parafiaparchowo.pl\/index.php?rest_route=\/wp\/v2\/posts"}],"about":[{"href":"https:\/\/parafiaparchowo.pl\/index.php?rest_route=\/wp\/v2\/types\/post"}],"author":[{"embeddable":true,"href":"https:\/\/parafiaparchowo.pl\/index.php?rest_route=\/wp\/v2\/users\/1"}],"replies":[{"embeddable":true,"href":"https:\/\/parafiaparchowo.pl\/index.php?rest_route=%2Fwp%2Fv2%2Fcomments&post=981"}],"version-history":[{"count":1,"href":"https:\/\/parafiaparchowo.pl\/index.php?rest_route=\/wp\/v2\/posts\/981\/revisions"}],"predecessor-version":[{"id":987,"href":"https:\/\/parafiaparchowo.pl\/index.php?rest_route=\/wp\/v2\/posts\/981\/revisions\/987"}],"wp:featuredmedia":[{"embeddable":true,"href":"https:\/\/parafiaparchowo.pl\/index.php?rest_route=\/wp\/v2\/media\/984"}],"wp:attachment":[{"href":"https:\/\/parafiaparchowo.pl\/index.php?rest_route=%2Fwp%2Fv2%2Fmedia&parent=981"}],"wp:term":[{"taxonomy":"category","embeddable":true,"href":"https:\/\/parafiaparchowo.pl\/index.php?rest_route=%2Fwp%2Fv2%2Fcategories&post=981"},{"taxonomy":"post_tag","embeddable":true,"href":"https:\/\/parafiaparchowo.pl\/index.php?rest_route=%2Fwp%2Fv2%2Ftags&post=981"}],"curies":[{"name":"wp","href":"https:\/\/api.w.org\/{rel}","templated":true}]}}