{"id":979,"date":"2023-10-08T00:12:17","date_gmt":"2023-10-07T22:12:17","guid":{"rendered":"https:\/\/parafiaparchowo.pl\/?p=979"},"modified":"2023-10-08T00:12:18","modified_gmt":"2023-10-07T22:12:18","slug":"katecheza-eucharystyczna-2-kazda-uczta-ma-swoj-porzadek","status":"publish","type":"post","link":"https:\/\/parafiaparchowo.pl\/?p=979","title":{"rendered":"KATECHEZA EUCHARYSTYCZNA &#8211; 2. Ka\u017cda uczta ma sw\u00f3j porz\u0105dek"},"content":{"rendered":"\n<p>Im bardziej wytworna uczta i wa\u017cniejsi go\u015bcie, tym wi\u0119ksza troska o ka\u017cdy<br>szczeg\u00f3\u0142, aby nic nie popsu\u0107, jak najgodniej podj\u0105\u0107 zaproszonych, a tym bardziej \u2013 nikogo<br>nie obrazi\u0107. R\u00f3wnie\u017c Eucharystia ma sw\u00f3j porz\u0105dek i \u0142ad. Nie ma tu ani jednej zb\u0119dnej<br>cz\u0119\u015bci i wszystko ma swoje g\u0142\u0119bokie uzasadnienie. Dlatego przepisy ko\u015bcielne zabraniaj\u0105<br>komukolwiek samowolnych zmian, dodawania czy usuwania czego\u015b z Mszy \u015awi\u0119tej.<br>Podczas dzisiejszej katechezy spr\u00f3bujemy odkry\u0107 sens liturgicznego porz\u0105dku. Mo\u017ce<br>pojawi\u0107 si\u0119 w naszych g\u0142owach my\u015bl, \u017ce skoro Msza \u015bwi\u0119ta jest mi\u0142osnym spotkaniem<br>z Bogiem, to lepsza by\u0142aby za ka\u017cdym razem spontaniczna, modlitwa \u201eprosto z serca\u201d,<br>w zale\u017cno\u015bci od potrzeb i duchowego stanu uczestnik\u00f3w. Mo\u017ce pojawi\u0107 si\u0119 pokusa<br>my\u015blenia, \u017ce liturgia i ustalone przez Ko\u015bci\u00f3\u0142 ramy s\u0105 pewnym ograniczeniem.<br>Okazuje si\u0119, \u017ce porz\u0105dek i dobrze poj\u0119ta rutyna wcale nie s\u0105 czym\u015b z\u0142ym, a wr\u0119cz s\u0105<br>konieczne do dobrego i g\u0142\u0119bokiego prze\u017cycia Mszy \u015bwi\u0119tej. Bez ustalonego porz\u0105dku<br>i planowania w pracy, niewiele by\u015bmy osi\u0105gn\u0119li. Prawdziwa ma\u0142\u017ce\u0144ska i rodzinna mi\u0142o\u015b\u0107<br>bardziej ni\u017c przez spontaniczno\u015b\u0107, wyra\u017ca si\u0119 przez sta\u0142o\u015b\u0107, kt\u00f3ra daje wszystkim poczucie<br>bezpiecze\u0144stwa. Gdy wiemy czego mo\u017cemy si\u0119 po sobie spodziewa\u0107, dopiero wtedy<br>mo\u017cemy sprawia\u0107 sobie mi\u0142e niespodzianki.<br>Tak te\u017c jest z przebiegiem liturgii Eucharystii i ka\u017cdego innego sakramentu. Cho\u0107 mo\u017ce<br>si\u0119 wydawa\u0107, \u017ce ten ustalony z g\u00f3ry porz\u0105dek ogranicza nas lub wydaje si\u0119 monotonny<br>i przewidywalny, a mo\u017ce nawet nieadekwatny do dzisiejszych czas\u00f3w, tak naprawd\u0119<br>u\u0142atwia nam on spotkanie z Bogiem. Dzi\u0119ki temu nie tracimy czasu na drobiazgi, wiemy<br>czego si\u0119 spodziewa\u0107 i uczymy si\u0119 dobrych nawyk\u00f3w \u2013 modlitwy Jezusa i Ko\u015bcio\u0142a.<br>Wprawdzie chrze\u015bcijanie w pierwszych wiekach nie mieli tak sprecyzowanego przebiegu<br>Mszy \u015bwi\u0119tej jaki my dzi\u015b posiadamy, bo by\u0142o tam wi\u0119cej spontanicznych modlitw.<br>Jednak\u017ce najwa\u017cniejsze momenty ka\u017cdej staro\u017cytnej liturgii zosta\u0142y takie same: s\u0142uchanie<br>S\u0142owa Bo\u017cego i \u0142amanie chleba. Kszta\u0142t liturgii w ci\u0105gu wiek\u00f3w zmienia\u0142 si\u0119 w odpowiedzi<br>na wyzwania konkretnych czas\u00f3w. Ostatni raz mia\u0142o to miejsce ponad 50 lat temu podczas<br>Soboru Watyka\u0144skiego II, gdzie ustalono ryt, czyli przebieg Mszy \u015bwi\u0119tej, kt\u00f3rym obecnie<br>pos\u0142ugujemy si\u0119 w ca\u0142ym zachodnim Ko\u015bciele katolickim.<br>Spr\u00f3buj dzi\u015b w tym ustalonym porz\u0105dku Mszy \u015bwi\u0119tej dostrzec nie tyle zagro\u017cenie,<br>nud\u0119 czy monotoni\u0119, lecz co\u015b co daje nam poczucie bezpiecze\u0144stwa i jest wyrazem jedno\u015bci<br>oraz powszechno\u015bci Ko\u015bcio\u0142a. Liturgia nie jest prywatn\u0105 w\u0142asno\u015bci\u0105 ani celebransa, ani<br><\/p>\n\n\n\n<p>wsp\u00f3lnoty, w kt\u00f3rej sprawowana jest tajemnica. Tak naucza nas \u015bw. Jan Pawe\u0142 II. Wierne<br>przestrzeganie tych norm jest wyrazem naszej mi\u0142o\u015bci i zaufania do Ko\u015bcio\u0142a. Je\u015bli sprawia<br>nam to problem i mieliby\u015bmy ochot\u0119 co\u015b po swojemu ulepsza\u0107 (np. na \u015blubie wybra\u0107 sobie<br>piosenki i instrumenty takie na jakie tylko mamy ochot\u0119, co\u015b z Mszy \u015bwi\u0119tej powyrzuca\u0107,<br>lub co\u015b pododawa\u0107), pomy\u015blmy, \u017ce zachowujemy si\u0119 wtedy jak zbuntowany nastolatek,<br>kt\u00f3ry my\u015bli sobie: \u201eJa wiem lepiej, kt\u00f3re zasady ustanowione przez doros\u0142ych s\u0105<br>nie\u017cyciowe. Zrobi\u0119 lepiej, po swojemu\u201d. Gdy kto\u015b taki dojrzewa i sam zak\u0142ada rodzin\u0119,<br>wtedy dopiero widzi, \u017ce rodzice zazwyczaj jednak mieli racj\u0119.<br>Podobnie jest z naszym dojrzewaniem do rozumienia liturgii. By\u0107 mo\u017ce na pocz\u0105tku<br>pewnych rzeczy nie rozumiemy, co\u015b nas dra\u017cni, ch\u0119tnie zrobiliby\u015bmy po swojemu,<br>lecz w miar\u0119 naszego wzrostu w wierze zaczynamy dostrzega\u0107 pi\u0119kno i warto\u015b\u0107 tego, o co<br>nas prosi Ko\u015bci\u00f3\u0142. Zaczynamy rozumie\u0107, \u017ce B\u00f3g przychodzi w prostocie, a \u201eupi\u0119kszanie\u201d<br>liturgii na si\u0142\u0119, niczego jej nie dodaje. Jednak zamiast skupia\u0107 nasz\u0105 uwag\u0119 na Bogu, robi<br>co\u015b przeciwnego \u2013 skupia j\u0105 na nas samych, na naszych odczuciach i emocjach. Ustalony<br>przez Ko\u015bci\u00f3\u0142 porz\u0105dek liturgii pozwala trwa\u0107 wiernie na modlitwie i \u0142amaniu chleba,<br>niezale\u017cnie od naszych emocji, stanu ducha i subiektywnych potrzeb.<br>Liturgia jest przede wszystkim dzie\u0142em samego Boga. Oznacza to, \u017ce nie jest<br>celebrowana ze wzgl\u0119du na wiernych i dla nich. Jest to modlitwa samego Boga, kt\u00f3ry do<br>swojej modlitwy nas zaprasza. Chodzi wi\u0119c o to, aby ustalony przez Ko\u015bci\u00f3\u0142 rytua\u0142<br>modlitwy liturgicznej przemienia\u0142 nas i nasza modlitw\u0119, a nie by\u015bmy to my zmieniali Boga<br>i dostosowywali Go do swoich przyziemnych oczekiwa\u0144. Ko\u015bci\u00f3\u0142, jako nasza Matka wie,<br>co robi, ustalaj\u0105c taki, a nie inny porz\u0105dek liturgii i konkretne przepisy liturgiczne. Czy<br>ufasz, \u017ce w tej prostocie znak\u00f3w mo\u017cesz spotka\u0107 \u017cywego Boga?<br>Ju\u017c za chwil\u0119 rozpocznie si\u0119 Msza \u015bwi\u0119ta. Pomy\u015bl, \u017ce jej schemat \u0142\u0105czy katolik\u00f3w<br>na ca\u0142ym \u015bwiecie. W\u0142\u0105czaj\u0105c si\u0119 aktywnie w uczestnictwo w Eucharystii tworzysz jedno<br>z Ko\u015bcio\u0142em powszechnym.<\/p>\n","protected":false},"excerpt":{"rendered":"<p>Im bardziej wytworna uczta i wa\u017cniejsi go\u015bcie, tym wi\u0119ksza troska o ka\u017cdyszczeg\u00f3\u0142, aby nic nie popsu\u0107, jak najgodniej podj\u0105\u0107 zaproszonych, a tym bardziej \u2013 &hellip;<\/p>\n","protected":false},"author":1,"featured_media":984,"comment_status":"closed","ping_status":"closed","sticky":false,"template":"","format":"standard","meta":{"footnotes":""},"categories":[4],"tags":[],"class_list":["post-979","post","type-post","status-publish","format-standard","has-post-thumbnail","hentry","category-aktualnosci"],"_links":{"self":[{"href":"https:\/\/parafiaparchowo.pl\/index.php?rest_route=\/wp\/v2\/posts\/979","targetHints":{"allow":["GET"]}}],"collection":[{"href":"https:\/\/parafiaparchowo.pl\/index.php?rest_route=\/wp\/v2\/posts"}],"about":[{"href":"https:\/\/parafiaparchowo.pl\/index.php?rest_route=\/wp\/v2\/types\/post"}],"author":[{"embeddable":true,"href":"https:\/\/parafiaparchowo.pl\/index.php?rest_route=\/wp\/v2\/users\/1"}],"replies":[{"embeddable":true,"href":"https:\/\/parafiaparchowo.pl\/index.php?rest_route=%2Fwp%2Fv2%2Fcomments&post=979"}],"version-history":[{"count":1,"href":"https:\/\/parafiaparchowo.pl\/index.php?rest_route=\/wp\/v2\/posts\/979\/revisions"}],"predecessor-version":[{"id":986,"href":"https:\/\/parafiaparchowo.pl\/index.php?rest_route=\/wp\/v2\/posts\/979\/revisions\/986"}],"wp:featuredmedia":[{"embeddable":true,"href":"https:\/\/parafiaparchowo.pl\/index.php?rest_route=\/wp\/v2\/media\/984"}],"wp:attachment":[{"href":"https:\/\/parafiaparchowo.pl\/index.php?rest_route=%2Fwp%2Fv2%2Fmedia&parent=979"}],"wp:term":[{"taxonomy":"category","embeddable":true,"href":"https:\/\/parafiaparchowo.pl\/index.php?rest_route=%2Fwp%2Fv2%2Fcategories&post=979"},{"taxonomy":"post_tag","embeddable":true,"href":"https:\/\/parafiaparchowo.pl\/index.php?rest_route=%2Fwp%2Fv2%2Ftags&post=979"}],"curies":[{"name":"wp","href":"https:\/\/api.w.org\/{rel}","templated":true}]}}