{"id":978,"date":"2023-10-08T00:12:14","date_gmt":"2023-10-07T22:12:14","guid":{"rendered":"https:\/\/parafiaparchowo.pl\/?p=978"},"modified":"2023-10-08T00:12:15","modified_gmt":"2023-10-07T22:12:15","slug":"katecheza-eucharystyczna-1-zaproszeni-na-uczte","status":"publish","type":"post","link":"https:\/\/parafiaparchowo.pl\/?p=978","title":{"rendered":"KATECHEZA EUCHARYSTYCZNA &#8211; 1. Zaproszeni na Uczt\u0119"},"content":{"rendered":"\n<p>\u201eSzcz\u0119\u015bliwy ten, kto b\u0119dzie ucztowa\u0142 w Kr\u00f3lestwie Bo\u017cym\u201d (\u0141k 14, 15). Tymi<br>s\u0142owami zwr\u00f3ci\u0142 si\u0119 do Jezusa pewien cz\u0142owiek wyobra\u017caj\u0105c sobie \u017cycie wieczne. Uczta<br>w Kr\u00f3lestwie Bo\u017cym, czyli do\u015bwiadczenie stanu, w kt\u00f3rym ka\u017cdy g\u0142\u00f3d naszego serca<br>b\u0119dzie zaspokojony ca\u0142kowicie. Zapowiedzi\u0105 i w pewnym stopniu uczestnictwem<br>w Niebia\u0144skiej Uczcie jest ka\u017cda Msza \u015bwi\u0119ta sprawowana tutaj na ziemi.<br>By\u0107 mo\u017ce nigdy wcze\u015bniej nie u\u015bwiadamia\u0142e\u015b sobie, \u017ce B\u00f3g podczas Mszy \u015bwi\u0119tej pragnie<br>Ci\u0119 duchowo nakarmi\u0107. Co to oznacza? B\u00f3g chce, aby\u015b uczestnicz\u0105c w obrz\u0119dach<br>Eucharystii do\u015bwiadczy\u0142 Bo\u017cej Mi\u0142o\u015bci, zrozumienia sensu Twojego codziennego \u017cycia<br>i pomocy Boga w tych sytuacjach, w kt\u00f3rych po ludzku sobie nie radzisz.<br>Czternasty rozdzia\u0142 Ewangelii wed\u0142ug \u015bw. \u0141ukasza zawiera przypowie\u015b\u0107<br>o zaproszonych na uczt\u0119. Jej bohaterowie nie przyjmuj\u0105 zaproszenia od gospodarza<br>podaj\u0105c r\u00f3\u017cne powody: zakup pola, wo\u0142\u00f3w, zawarcie ma\u0142\u017ce\u0144stwa. Jakiej wym\u00f3wki od<br>uczestniczenia w Uczcie Eucharystycznej u\u017cywaj\u0105 wsp\u00f3\u0142cze\u015bni katolicy?<br>Cz\u0119st\u0105 wym\u00f3wk\u0105 jest t\u0142umaczenie, \u017ce kto\u015b nie czuje potrzeby, aby we Mszy \u015bwi\u0119tej<br>uczestniczy\u0107. Faktycznie, cz\u0142owiek kt\u00f3ry karmi sw\u00f3j rozum i serce pokarmem jakiego<br>dostarczaj\u0105 media i reklamy, nie czuje g\u0142odu, a niekiedy cierpi nawet przesyt i duchow\u0105<br>niestrawno\u015b\u0107.<br>Nierzadko zdarza si\u0119, \u017ce ludzie uczestnicz\u0105cy w Eucharystii nigdy nie odkryli znaczenia<br>poszczeg\u00f3lnych cz\u0119\u015bci Mszy \u015bwi\u0119tej, nie znaj\u0105 symboliki gest\u00f3w i tre\u015bci modlitw. Tym<br>samym nie potrafi\u0105 w pe\u0142ni skorzysta\u0107 z \u0142ask, jakie daje udzia\u0142 w Eucharystii. To dlatego<br>po wyj\u015bciu z Ko\u015bcio\u0142a nadal do\u015bwiadczaj\u0105 g\u0142odu serca \u2013 wielkiej pustki i samotno\u015bci.<br>Wobec tych trudno\u015bci jawi si\u0119 potrzeba ci\u0105g\u0142ego pog\u0142\u0119biania wiedzy na temat Mszy<br>\u015bwi\u0119tej, aby zar\u00f3wno rozumem, jak i sercem odkry\u0107 J\u0105 jako najwi\u0119kszy skarb. Temu b\u0119dzie<br>s\u0142u\u017cy\u0107 kolejny cykl katechez o Eucharystii, zatytu\u0142owany \u201eZgromadzeni na \u015awi\u0119tej<br>Wieczerzy\u201d. Jego tre\u015bci\u0105 b\u0119d\u0105 obrz\u0119dy Mszy \u015bwi\u0119tej oraz znaczenie jej poszczeg\u00f3lnych<br>cz\u0119\u015bci. Dowiesz si\u0119 lub przypomnisz sobie jakie funkcje liturgiczne pe\u0142ni\u0105 poszczeg\u00f3lne<br>osoby zgromadzone wok\u00f3\u0142 o\u0142tarza, w tym wierni \u015bwieccy. Ponadto b\u0119dziesz m\u00f3g\u0142 odkry\u0107<br>symbolik\u0119 wystroju Uczty \u2013 dowiesz si\u0119 co oznaczaj\u0105 poszczeg\u00f3lne miejsca w ko\u015bciele,<br>sprz\u0119ty liturgiczne, stroje i kolory szat liturgicznych.<\/p>\n\n\n\n<p>Otrzymasz wiedz\u0119, kt\u00f3ra nie tylko nakarmi Tw\u00f3j rozum, ale przede wszystkim pozwoli<br>g\u0142\u0119biej prze\u017cy\u0107 tajemnic\u0119 Mszy \u015bwi\u0119tej. Odkrycie niezwyk\u0142ej duchowej rzeczywisto\u015bci,<br>kt\u00f3ra kryje si\u0119 w symbolicznych czynno\u015bciach Eucharystii, pozwoli do\u015bwiadczy\u0107 ci<br>obecno\u015bci \u017cywego Boga, kt\u00f3ry pragnie nakarmi\u0107 Ci\u0119 do syta swoim S\u0142owem i Cia\u0142em.<br>Zanim rozpocznie si\u0119 dzisiejsza Eucharystia pomy\u015bl przez chwil\u0119, z jakim g\u0142odem<br>serca przychodzisz do \u015bwi\u0105tyni? Czego potrzebujesz, aby czu\u0107 si\u0119 szcz\u0119\u015bliwy i syty<br>duchowo? Zastan\u00f3w si\u0119 nad swoj\u0105 postaw\u0105 wobec Eucharystii: Czy Tw\u00f3j udzia\u0142<br>w niedzielnej Mszy \u015bw. traktujesz jako odpowied\u017a na zaproszenie Boga, czy raczej jako<br>przykry, nudny cotygodniowy obowi\u0105zek? A mo\u017ce w twoim sercu jest jaka\u015b oboj\u0119tno\u015b\u0107<br>wobec tej rzeczywisto\u015bci? Powiedz Bogu prawd\u0119, a On poka\u017ce ci w\u0142a\u015bciw\u0105 drog\u0119.<\/p>\n","protected":false},"excerpt":{"rendered":"<p>\u201eSzcz\u0119\u015bliwy ten, kto b\u0119dzie ucztowa\u0142 w Kr\u00f3lestwie Bo\u017cym\u201d (\u0141k 14, 15). Tymis\u0142owami zwr\u00f3ci\u0142 si\u0119 do Jezusa pewien cz\u0142owiek wyobra\u017caj\u0105c sobie \u017cycie wieczne. Ucztaw Kr\u00f3lestwie &hellip;<\/p>\n","protected":false},"author":1,"featured_media":984,"comment_status":"closed","ping_status":"closed","sticky":false,"template":"","format":"standard","meta":{"footnotes":""},"categories":[4],"tags":[],"class_list":["post-978","post","type-post","status-publish","format-standard","has-post-thumbnail","hentry","category-aktualnosci"],"_links":{"self":[{"href":"https:\/\/parafiaparchowo.pl\/index.php?rest_route=\/wp\/v2\/posts\/978","targetHints":{"allow":["GET"]}}],"collection":[{"href":"https:\/\/parafiaparchowo.pl\/index.php?rest_route=\/wp\/v2\/posts"}],"about":[{"href":"https:\/\/parafiaparchowo.pl\/index.php?rest_route=\/wp\/v2\/types\/post"}],"author":[{"embeddable":true,"href":"https:\/\/parafiaparchowo.pl\/index.php?rest_route=\/wp\/v2\/users\/1"}],"replies":[{"embeddable":true,"href":"https:\/\/parafiaparchowo.pl\/index.php?rest_route=%2Fwp%2Fv2%2Fcomments&post=978"}],"version-history":[{"count":1,"href":"https:\/\/parafiaparchowo.pl\/index.php?rest_route=\/wp\/v2\/posts\/978\/revisions"}],"predecessor-version":[{"id":985,"href":"https:\/\/parafiaparchowo.pl\/index.php?rest_route=\/wp\/v2\/posts\/978\/revisions\/985"}],"wp:featuredmedia":[{"embeddable":true,"href":"https:\/\/parafiaparchowo.pl\/index.php?rest_route=\/wp\/v2\/media\/984"}],"wp:attachment":[{"href":"https:\/\/parafiaparchowo.pl\/index.php?rest_route=%2Fwp%2Fv2%2Fmedia&parent=978"}],"wp:term":[{"taxonomy":"category","embeddable":true,"href":"https:\/\/parafiaparchowo.pl\/index.php?rest_route=%2Fwp%2Fv2%2Fcategories&post=978"},{"taxonomy":"post_tag","embeddable":true,"href":"https:\/\/parafiaparchowo.pl\/index.php?rest_route=%2Fwp%2Fv2%2Ftags&post=978"}],"curies":[{"name":"wp","href":"https:\/\/api.w.org\/{rel}","templated":true}]}}