{"id":969,"date":"2023-10-02T18:25:48","date_gmt":"2023-10-02T16:25:48","guid":{"rendered":"https:\/\/parafiaparchowo.pl\/?p=969"},"modified":"2023-10-02T18:25:48","modified_gmt":"2023-10-02T16:25:48","slug":"rozaniec-w-pazdzierniku-2023r","status":"publish","type":"post","link":"https:\/\/parafiaparchowo.pl\/?p=969","title":{"rendered":"R\u00f3\u017caniec w pa\u017adzierniku 2023r."},"content":{"rendered":"\n<p> &#8222;<strong>R\u00f3\u017caniec<\/strong>\u00a0jest moj\u0105 codzienn\u0105 modlitw\u0105 &#8211; i musz\u0119 powiedzie\u0107, \u017ce jest modlitw\u0105 cudown\u0105, cudown\u0105 w swojej prostocie i w swej g\u0142\u0119bi&#8230; \u00a0\u00a0\u00a0\u00a0\u00a0 W tej modlitwie powtarzamy wiele razy te same s\u0142owa, lecz s\u0105 to s\u0142owa, kt\u00f3re Dziewica Maryja us\u0142ysza\u0142a od Archanio\u0142a i od swej krewnej \u015aw. El\u017cbiety. Z tymi s\u0142owami \u0142\u0105czy si\u0119 ca\u0142y Ko\u015bci\u00f3\u0142.<\/p>\n\n\n\n<p>\u00a0\u00a0\u00a0\u00a0\u00a0 R\u00f3wnocze\u015bnie za\u015b w te same dziesi\u0105tki R\u00f3\u017ca\u0144ca serce nasze mo\u017ce wprowadzi\u0107 wszystkie sprawy, kt\u00f3re sk\u0142adaj\u0105 si\u0119 na \u017cycie cz\u0142owieka, narodziny, narodu, Ko\u015bcio\u0142a i ludzko\u015bci. Sprawy osobiste, sprawy naszych najbli\u017cszych zw\u0142aszcza tych, kt\u00f3rzy s\u0105 nam najbli\u017cszi, tych o kt\u00f3rych najbardziej si\u0119 troszczymy, kt\u00f3rzy nam le\u017c\u0105 na sercu. W ten spos\u00f3b i ta prosta modlitwa r\u00f3\u017ca\u0144cowa pulsuje niejako \u017cyciem ludzkim.&#8221;<\/p>\n\n\n\n<p class=\"has-text-align-right\">(JPII)<\/p>\n\n\n\n<figure class=\"wp-block-image size-large\"><img loading=\"lazy\" decoding=\"async\" width=\"724\" height=\"1024\" src=\"https:\/\/parafiaparchowo.pl\/wp-content\/uploads\/2023\/10\/rozaniec-pazdziernik-2023-724x1024.jpg\" alt=\"\" class=\"wp-image-971\" srcset=\"https:\/\/parafiaparchowo.pl\/wp-content\/uploads\/2023\/10\/rozaniec-pazdziernik-2023-724x1024.jpg 724w, https:\/\/parafiaparchowo.pl\/wp-content\/uploads\/2023\/10\/rozaniec-pazdziernik-2023-212x300.jpg 212w, https:\/\/parafiaparchowo.pl\/wp-content\/uploads\/2023\/10\/rozaniec-pazdziernik-2023-768x1086.jpg 768w, https:\/\/parafiaparchowo.pl\/wp-content\/uploads\/2023\/10\/rozaniec-pazdziernik-2023-1086x1536.jpg 1086w, https:\/\/parafiaparchowo.pl\/wp-content\/uploads\/2023\/10\/rozaniec-pazdziernik-2023-1448x2048.jpg 1448w, https:\/\/parafiaparchowo.pl\/wp-content\/uploads\/2023\/10\/rozaniec-pazdziernik-2023.jpg 1654w\" sizes=\"auto, (max-width: 724px) 100vw, 724px\" \/><\/figure>\n","protected":false},"excerpt":{"rendered":"<p>&#8222;R\u00f3\u017caniec\u00a0jest moj\u0105 codzienn\u0105 modlitw\u0105 &#8211; i musz\u0119 powiedzie\u0107, \u017ce jest modlitw\u0105 cudown\u0105, cudown\u0105 w swojej prostocie i w swej g\u0142\u0119bi&#8230; \u00a0\u00a0\u00a0\u00a0\u00a0 W tej modlitwie &hellip;<\/p>\n","protected":false},"author":1,"featured_media":971,"comment_status":"closed","ping_status":"closed","sticky":false,"template":"","format":"standard","meta":{"footnotes":""},"categories":[4],"tags":[],"class_list":["post-969","post","type-post","status-publish","format-standard","has-post-thumbnail","hentry","category-aktualnosci"],"_links":{"self":[{"href":"https:\/\/parafiaparchowo.pl\/index.php?rest_route=\/wp\/v2\/posts\/969","targetHints":{"allow":["GET"]}}],"collection":[{"href":"https:\/\/parafiaparchowo.pl\/index.php?rest_route=\/wp\/v2\/posts"}],"about":[{"href":"https:\/\/parafiaparchowo.pl\/index.php?rest_route=\/wp\/v2\/types\/post"}],"author":[{"embeddable":true,"href":"https:\/\/parafiaparchowo.pl\/index.php?rest_route=\/wp\/v2\/users\/1"}],"replies":[{"embeddable":true,"href":"https:\/\/parafiaparchowo.pl\/index.php?rest_route=%2Fwp%2Fv2%2Fcomments&post=969"}],"version-history":[{"count":1,"href":"https:\/\/parafiaparchowo.pl\/index.php?rest_route=\/wp\/v2\/posts\/969\/revisions"}],"predecessor-version":[{"id":972,"href":"https:\/\/parafiaparchowo.pl\/index.php?rest_route=\/wp\/v2\/posts\/969\/revisions\/972"}],"wp:featuredmedia":[{"embeddable":true,"href":"https:\/\/parafiaparchowo.pl\/index.php?rest_route=\/wp\/v2\/media\/971"}],"wp:attachment":[{"href":"https:\/\/parafiaparchowo.pl\/index.php?rest_route=%2Fwp%2Fv2%2Fmedia&parent=969"}],"wp:term":[{"taxonomy":"category","embeddable":true,"href":"https:\/\/parafiaparchowo.pl\/index.php?rest_route=%2Fwp%2Fv2%2Fcategories&post=969"},{"taxonomy":"post_tag","embeddable":true,"href":"https:\/\/parafiaparchowo.pl\/index.php?rest_route=%2Fwp%2Fv2%2Ftags&post=969"}],"curies":[{"name":"wp","href":"https:\/\/api.w.org\/{rel}","templated":true}]}}