{"id":966,"date":"2023-10-01T07:30:00","date_gmt":"2023-10-01T05:30:00","guid":{"rendered":"https:\/\/parafiaparchowo.pl\/?p=966"},"modified":"2023-10-02T00:20:12","modified_gmt":"2023-10-01T22:20:12","slug":"ogloszenia-parafialne-xxvi-niedziela-zwykla-1-10-2023","status":"publish","type":"post","link":"https:\/\/parafiaparchowo.pl\/?p=966","title":{"rendered":"Og\u0142oszenia parafialne \u2013 XXVI Niedziela Zwyk\u0142a \u2013 1.10.2023"},"content":{"rendered":"\n<ol class=\"wp-block-list\">\n<li>W tym tygodniu w liturgii Ko\u015bcio\u0142a obchodzimy:\u00a0<br>&#8211; w poniedzia\u0142ek 2.10. \u2013 \u015awi\u0119tych Anio\u0142\u00f3w Str\u00f3\u017c\u00f3w<br>&#8211; w\u00a0 \u015brod\u0119 4.10. \u2013 \u015bw. Franciszka z Asy\u017cu\u00a0\u00a0<br>&#8211; w czwartek 5.10. \u2013 \u015bw. Faustyny Kowalskiej\u00a0<br>&#8211; w pi\u0105tek 6.10. \u2013 \u015bw. Brunona\u00a0\u00a0<br>&#8211; w sobot\u0119 7.10 \u2013 NMP R\u00f3\u017ca\u0144cowej\u00a0<\/li>\n<\/ol>\n\n\n\n<ol class=\"wp-block-list\" start=\"2\">\n<li>Adoracja Naj\u015bwi\u0119tszego Sakramentu w \u015brod\u0119 od godz. 18:30, oraz w czwartek od godz. 16:00, w intencji powo\u0142a\u0144 do kap\u0142a\u0144stwa, s\u0142u\u017cby zakonnej i pracy misyjnej. W czasie adoracji w \u015brod\u0119 i czwartek jest mo\u017cliwo\u015b\u0107 skorzystania z sakramentu pokuty i pojednania.\u00a0<\/li>\n<\/ol>\n\n\n\n<ol class=\"wp-block-list\" start=\"3\">\n<li>W I pi\u0105tek od godz. 8:30 odwiedziny chorych z pos\u0142ug\u0105 sakramentaln\u0105, po po\u0142udniu spowied\u017a od godz. 16:00. &nbsp; Po Mszy \u015bw. o godz. 18:00, Adoracja Naj\u015bwi\u0119tszego Sakramentu i R\u00f3\u017caniec.&nbsp;<\/li>\n<\/ol>\n\n\n\n<ol class=\"wp-block-list\" start=\"4\">\n<li>Rozpocz\u0105\u0142 si\u0119 pa\u017adziernik \u2013 miesi\u0105c r\u00f3\u017ca\u0144cowy. Zapraszam do udzia\u0142u w modlitwie r\u00f3\u017ca\u0144cowej codziennie o godz. 16:30. W niedziel\u0119 o godz. 11:00. O prowadzenie r\u00f3\u017ca\u0144ca bardzo prosz\u0119 R\u00f3\u017ce R\u00f3\u017ca\u0144cowe oraz dzieci i m\u0142odzie\u017c. Plan dy\u017cur\u00f3w na tablicy og\u0142osze\u0144 oraz na stronie internetowej naszej parafii.&nbsp;<\/li>\n<\/ol>\n\n\n\n<ol class=\"wp-block-list\" start=\"5\">\n<li>7 pa\u017adziernika na godz. 17:00 zapraszam dzieci klas 3 wraz z rodzicami na Msze \u015bw., w czasie kt\u00f3rej odb\u0119dzie si\u0119 po\u015bwi\u0119cenie r\u00f3\u017ca\u0144c\u00f3w.&nbsp;<\/li>\n<\/ol>\n\n\n\n<ol class=\"wp-block-list\" start=\"6\">\n<li>7 pa\u017adziernika w \u015awi\u0119to Matki Bo\u017cej R\u00f3\u017ca\u0144cowej zapraszam wszystkie R\u00f3\u017ce \u017bywego R\u00f3\u017ca\u0144ca na Msz\u0119 \u015bw. o godz. 18:00. W tym dniu kolekta na Papieskie Dzie\u0142o Rozkrzewiania Wiary.&nbsp;<\/li>\n\n\n\n<li>W niedziel\u0119 8 pa\u017adziernika kolekta inwestycyjna.<\/li>\n<\/ol>\n\n\n\n<figure class=\"wp-block-image size-large\"><img loading=\"lazy\" decoding=\"async\" width=\"724\" height=\"1024\" src=\"https:\/\/parafiaparchowo.pl\/wp-content\/uploads\/2023\/10\/intencje-01102023-724x1024.jpg\" alt=\"\" class=\"wp-image-967\" srcset=\"https:\/\/parafiaparchowo.pl\/wp-content\/uploads\/2023\/10\/intencje-01102023-724x1024.jpg 724w, https:\/\/parafiaparchowo.pl\/wp-content\/uploads\/2023\/10\/intencje-01102023-212x300.jpg 212w, https:\/\/parafiaparchowo.pl\/wp-content\/uploads\/2023\/10\/intencje-01102023-768x1086.jpg 768w, https:\/\/parafiaparchowo.pl\/wp-content\/uploads\/2023\/10\/intencje-01102023-1086x1536.jpg 1086w, https:\/\/parafiaparchowo.pl\/wp-content\/uploads\/2023\/10\/intencje-01102023-1448x2048.jpg 1448w, https:\/\/parafiaparchowo.pl\/wp-content\/uploads\/2023\/10\/intencje-01102023.jpg 1654w\" sizes=\"auto, (max-width: 724px) 100vw, 724px\" \/><\/figure>\n","protected":false},"excerpt":{"rendered":"","protected":false},"author":1,"featured_media":253,"comment_status":"closed","ping_status":"closed","sticky":false,"template":"","format":"standard","meta":{"footnotes":""},"categories":[5],"tags":[],"class_list":["post-966","post","type-post","status-publish","format-standard","has-post-thumbnail","hentry","category-ogloszenia"],"_links":{"self":[{"href":"https:\/\/parafiaparchowo.pl\/index.php?rest_route=\/wp\/v2\/posts\/966","targetHints":{"allow":["GET"]}}],"collection":[{"href":"https:\/\/parafiaparchowo.pl\/index.php?rest_route=\/wp\/v2\/posts"}],"about":[{"href":"https:\/\/parafiaparchowo.pl\/index.php?rest_route=\/wp\/v2\/types\/post"}],"author":[{"embeddable":true,"href":"https:\/\/parafiaparchowo.pl\/index.php?rest_route=\/wp\/v2\/users\/1"}],"replies":[{"embeddable":true,"href":"https:\/\/parafiaparchowo.pl\/index.php?rest_route=%2Fwp%2Fv2%2Fcomments&post=966"}],"version-history":[{"count":1,"href":"https:\/\/parafiaparchowo.pl\/index.php?rest_route=\/wp\/v2\/posts\/966\/revisions"}],"predecessor-version":[{"id":968,"href":"https:\/\/parafiaparchowo.pl\/index.php?rest_route=\/wp\/v2\/posts\/966\/revisions\/968"}],"wp:featuredmedia":[{"embeddable":true,"href":"https:\/\/parafiaparchowo.pl\/index.php?rest_route=\/wp\/v2\/media\/253"}],"wp:attachment":[{"href":"https:\/\/parafiaparchowo.pl\/index.php?rest_route=%2Fwp%2Fv2%2Fmedia&parent=966"}],"wp:term":[{"taxonomy":"category","embeddable":true,"href":"https:\/\/parafiaparchowo.pl\/index.php?rest_route=%2Fwp%2Fv2%2Fcategories&post=966"},{"taxonomy":"post_tag","embeddable":true,"href":"https:\/\/parafiaparchowo.pl\/index.php?rest_route=%2Fwp%2Fv2%2Ftags&post=966"}],"curies":[{"name":"wp","href":"https:\/\/api.w.org\/{rel}","templated":true}]}}