{"id":959,"date":"2023-09-24T07:30:00","date_gmt":"2023-09-24T05:30:00","guid":{"rendered":"https:\/\/parafiaparchowo.pl\/?p=959"},"modified":"2023-09-24T01:34:49","modified_gmt":"2023-09-23T23:34:49","slug":"ogloszenia-parafialne-xxv-niedziela-zwykla-24-09-2023","status":"publish","type":"post","link":"https:\/\/parafiaparchowo.pl\/?p=959","title":{"rendered":"Og\u0142oszenia parafialne \u2013 XXV Niedziela Zwyk\u0142a \u2013 24.09.2023"},"content":{"rendered":"\n<ol class=\"wp-block-list\">\n<li>W tym tygodniu w liturgii Ko\u015bcio\u0142a obchodzimy:\u00a0<br>&#8211; w \u015brod\u0119 27.09. \u2013 \u015bw. Wincentego a Paulo<br>&#8211; w czwartek 28.09 \u2013 \u015bw. Wac\u0142awa<br>&#8211; w pi\u0105tek 29.09 \u2013 \u015awi\u0119tych Archanio\u0142\u00f3w Micha\u0142a, Gabriela i Rafa\u0142a\u00a0\u00a0<br>&#8211; w sobot\u0119 30.09. \u2013 \u015bw. Hieronima<\/li>\n<\/ol>\n\n\n\n<ol class=\"wp-block-list\" start=\"2\">\n<li>Adoracja Naj\u015bwi\u0119tszego Sakramentu w \u015brod\u0119 od 18:30, oraz w czwartek od godz. 16:00 w intencji powo\u0142a\u0144 do kap\u0142a\u0144stwa, s\u0142u\u017cby zakonnej i pracy misyjnej.\u00a0<\/li>\n<\/ol>\n\n\n\n<ol class=\"wp-block-list\" start=\"3\">\n<li>W niedziel\u0119 rozpoczyna si\u0119 pa\u017adziernik \u2013 miesi\u0105c r\u00f3\u017ca\u0144cowy. Zapraszam do udzia\u0142u w modlitwie r\u00f3\u017ca\u0144cowej codziennie o godz. 16:30. W niedziel\u0119 o godz. 11:00. O prowadzenie r\u00f3\u017ca\u0144ca bardzo prosz\u0119 R\u00f3\u017ce R\u00f3\u017ca\u0144cowe oraz dzieci i m\u0142odzie\u017c. Plan dy\u017cur\u00f3w na tablicy og\u0142osze\u0144 oraz na stronie internetowej naszej parafii.&nbsp;<\/li>\n<\/ol>\n\n\n\n<ol class=\"wp-block-list\" start=\"4\">\n<li>W sobot\u0119 o godz. 10:00 zbi\u00f3rka dla wszystkich ministrant\u00f3w.\u00a0<br><\/li>\n\n\n\n<li>Parafia w Sul\u0119czynie organizuje Pielgrzymk\u0119 do Ziemi \u015awi\u0119tej w dniach 3.02.2024 \u2013 10.02.2024. <br>Wylot z Gda\u0144ska. Koszt 2490 z\u0142 i 650 USD. Kontakt: ks. Arkadiusz Guz, tel.: 880951729<\/li>\n<\/ol>\n\n\n\n<figure class=\"wp-block-image size-large\"><img loading=\"lazy\" decoding=\"async\" width=\"724\" height=\"1024\" src=\"https:\/\/parafiaparchowo.pl\/wp-content\/uploads\/2023\/09\/intencje-24092023-1-724x1024.jpg\" alt=\"\" class=\"wp-image-962\" srcset=\"https:\/\/parafiaparchowo.pl\/wp-content\/uploads\/2023\/09\/intencje-24092023-1-724x1024.jpg 724w, https:\/\/parafiaparchowo.pl\/wp-content\/uploads\/2023\/09\/intencje-24092023-1-212x300.jpg 212w, https:\/\/parafiaparchowo.pl\/wp-content\/uploads\/2023\/09\/intencje-24092023-1-768x1086.jpg 768w, https:\/\/parafiaparchowo.pl\/wp-content\/uploads\/2023\/09\/intencje-24092023-1-1086x1536.jpg 1086w, https:\/\/parafiaparchowo.pl\/wp-content\/uploads\/2023\/09\/intencje-24092023-1-1448x2048.jpg 1448w, https:\/\/parafiaparchowo.pl\/wp-content\/uploads\/2023\/09\/intencje-24092023-1.jpg 1654w\" sizes=\"auto, (max-width: 724px) 100vw, 724px\" \/><\/figure>\n","protected":false},"excerpt":{"rendered":"","protected":false},"author":1,"featured_media":253,"comment_status":"closed","ping_status":"closed","sticky":false,"template":"","format":"standard","meta":{"footnotes":""},"categories":[5],"tags":[],"class_list":["post-959","post","type-post","status-publish","format-standard","has-post-thumbnail","hentry","category-ogloszenia"],"_links":{"self":[{"href":"https:\/\/parafiaparchowo.pl\/index.php?rest_route=\/wp\/v2\/posts\/959","targetHints":{"allow":["GET"]}}],"collection":[{"href":"https:\/\/parafiaparchowo.pl\/index.php?rest_route=\/wp\/v2\/posts"}],"about":[{"href":"https:\/\/parafiaparchowo.pl\/index.php?rest_route=\/wp\/v2\/types\/post"}],"author":[{"embeddable":true,"href":"https:\/\/parafiaparchowo.pl\/index.php?rest_route=\/wp\/v2\/users\/1"}],"replies":[{"embeddable":true,"href":"https:\/\/parafiaparchowo.pl\/index.php?rest_route=%2Fwp%2Fv2%2Fcomments&post=959"}],"version-history":[{"count":1,"href":"https:\/\/parafiaparchowo.pl\/index.php?rest_route=\/wp\/v2\/posts\/959\/revisions"}],"predecessor-version":[{"id":963,"href":"https:\/\/parafiaparchowo.pl\/index.php?rest_route=\/wp\/v2\/posts\/959\/revisions\/963"}],"wp:featuredmedia":[{"embeddable":true,"href":"https:\/\/parafiaparchowo.pl\/index.php?rest_route=\/wp\/v2\/media\/253"}],"wp:attachment":[{"href":"https:\/\/parafiaparchowo.pl\/index.php?rest_route=%2Fwp%2Fv2%2Fmedia&parent=959"}],"wp:term":[{"taxonomy":"category","embeddable":true,"href":"https:\/\/parafiaparchowo.pl\/index.php?rest_route=%2Fwp%2Fv2%2Fcategories&post=959"},{"taxonomy":"post_tag","embeddable":true,"href":"https:\/\/parafiaparchowo.pl\/index.php?rest_route=%2Fwp%2Fv2%2Ftags&post=959"}],"curies":[{"name":"wp","href":"https:\/\/api.w.org\/{rel}","templated":true}]}}