{"id":955,"date":"2023-09-17T07:30:00","date_gmt":"2023-09-17T05:30:00","guid":{"rendered":"https:\/\/parafiaparchowo.pl\/?p=955"},"modified":"2023-09-17T04:17:14","modified_gmt":"2023-09-17T02:17:14","slug":"ogloszenia-parafialne-xxiv-niedziela-zwykla-17-09-2023","status":"publish","type":"post","link":"https:\/\/parafiaparchowo.pl\/?p=955","title":{"rendered":"Og\u0142oszenia parafialne \u2013 XXIV Niedziela Zwyk\u0142a \u2013 17.09.2023"},"content":{"rendered":"\n<ol class=\"wp-block-list\">\n<li>B\u00f3g zap\u0142a\u0107 za ofiary z\u0142o\u017cone tydzie\u0144 temu, na inwestycje w naszej parafii. Zako\u0144czyli\u015bmy inwestycj\u0119 zwi\u0105zan\u0105 z o\u015bwietleniem cmentarza. Koszt inwestycji wyni\u00f3s\u0142 59 ty\u015b.&nbsp;<\/li>\n<\/ol>\n\n\n\n<ol class=\"wp-block-list\" start=\"2\">\n<li>W tym tygodniu w liturgii Ko\u015bcio\u0142a obchodzimy:\u00a0<br>&#8211; w poniedzia\u0142ek 18.09. \u2013 \u015bw. Stanis\u0142awa Kostki, Patrona Polski<br>&#8211; w \u015brod\u0119 20.09. \u2013 \u015bw. Andrzeja Kim Taegon i Paw\u0142a Chong Hasang, m\u0119czennik\u00f3w z Korei<br>&#8211; w czwartek 21.09. \u2013 \u015bw. Mateusza Aposto\u0142a i Ewangelisty\u00a0<br>&#8211; w sobot\u0119 23.09 \u2013 \u015bw. Ojca Pio z Pietrelciny<\/li>\n<\/ol>\n\n\n\n<ol class=\"wp-block-list\" start=\"3\">\n<li>W poniedzia\u0142ek na godz. 18:00 zapraszam m\u0142odzie\u017c klasy 8 wraz z rodzicami, na rozpocz\u0119cie formacji przygotowuj\u0105cej do sakramentu bierzmowania.&nbsp;<\/li>\n<\/ol>\n\n\n\n<ol class=\"wp-block-list\" start=\"4\">\n<li>Zapraszam na Adoracj\u0119 Naj\u015bwi\u0119tszego Sakramentu w \u015brod\u0119, w tym tygodniu wyj\u0105tkowo przed Msz\u0105 \u015bw. od godz. 16:00 i w czwartek tradycyjnie od godz. 16:00.<\/li>\n<\/ol>\n\n\n\n<ol class=\"wp-block-list\" start=\"5\">\n<li>W czwartek 21 wrze\u015bnia na godz. 18:00, zapraszam dzieci klas 3 wraz z rodzicami na Msz\u0119 \u015bw. i spotkanie odno\u015bnie przygotowania do I Komunii \u015bwi\u0119tej.\u00a0<\/li>\n<\/ol>\n\n\n\n<ol class=\"wp-block-list\" start=\"6\">\n<li>Bardzo dzi\u0119kuj\u0119 Domownikom Boga i Wszystkim Ludziom Dobrej woli, kt\u00f3rzy zaanga\u017cowali si\u0119 w kolejne prace porz\u0105dkowe przy ko\u015bciele i plebanii.&nbsp;<\/li>\n<\/ol>\n\n\n\n<ol class=\"wp-block-list\" start=\"7\">\n<li>Parafia w Sul\u0119czynie organizuje Pielgrzymk\u0119 do Ziemi \u015awi\u0119tej w dniach 3.02.2024 \u2013 10.02.2024. Wylot z Gda\u0144ska. Koszt 2490 z\u0142 i 650 USD. Kontakt: ks. Arkadiusz Guz, tel.: 880951729<\/li>\n<\/ol>\n\n\n\n<figure class=\"wp-block-image size-large\"><img loading=\"lazy\" decoding=\"async\" width=\"723\" height=\"1024\" src=\"https:\/\/parafiaparchowo.pl\/wp-content\/uploads\/2023\/09\/Intencje-mszalne-17.09.2023r-723x1024.jpg\" alt=\"\" class=\"wp-image-956\" srcset=\"https:\/\/parafiaparchowo.pl\/wp-content\/uploads\/2023\/09\/Intencje-mszalne-17.09.2023r-723x1024.jpg 723w, https:\/\/parafiaparchowo.pl\/wp-content\/uploads\/2023\/09\/Intencje-mszalne-17.09.2023r-212x300.jpg 212w, https:\/\/parafiaparchowo.pl\/wp-content\/uploads\/2023\/09\/Intencje-mszalne-17.09.2023r-768x1088.jpg 768w, https:\/\/parafiaparchowo.pl\/wp-content\/uploads\/2023\/09\/Intencje-mszalne-17.09.2023r-1084x1536.jpg 1084w, https:\/\/parafiaparchowo.pl\/wp-content\/uploads\/2023\/09\/Intencje-mszalne-17.09.2023r-1445x2048.jpg 1445w, https:\/\/parafiaparchowo.pl\/wp-content\/uploads\/2023\/09\/Intencje-mszalne-17.09.2023r.jpg 1653w\" sizes=\"auto, (max-width: 723px) 100vw, 723px\" \/><\/figure>\n","protected":false},"excerpt":{"rendered":"","protected":false},"author":1,"featured_media":253,"comment_status":"closed","ping_status":"closed","sticky":false,"template":"","format":"standard","meta":{"footnotes":""},"categories":[5],"tags":[],"class_list":["post-955","post","type-post","status-publish","format-standard","has-post-thumbnail","hentry","category-ogloszenia"],"_links":{"self":[{"href":"https:\/\/parafiaparchowo.pl\/index.php?rest_route=\/wp\/v2\/posts\/955","targetHints":{"allow":["GET"]}}],"collection":[{"href":"https:\/\/parafiaparchowo.pl\/index.php?rest_route=\/wp\/v2\/posts"}],"about":[{"href":"https:\/\/parafiaparchowo.pl\/index.php?rest_route=\/wp\/v2\/types\/post"}],"author":[{"embeddable":true,"href":"https:\/\/parafiaparchowo.pl\/index.php?rest_route=\/wp\/v2\/users\/1"}],"replies":[{"embeddable":true,"href":"https:\/\/parafiaparchowo.pl\/index.php?rest_route=%2Fwp%2Fv2%2Fcomments&post=955"}],"version-history":[{"count":1,"href":"https:\/\/parafiaparchowo.pl\/index.php?rest_route=\/wp\/v2\/posts\/955\/revisions"}],"predecessor-version":[{"id":957,"href":"https:\/\/parafiaparchowo.pl\/index.php?rest_route=\/wp\/v2\/posts\/955\/revisions\/957"}],"wp:featuredmedia":[{"embeddable":true,"href":"https:\/\/parafiaparchowo.pl\/index.php?rest_route=\/wp\/v2\/media\/253"}],"wp:attachment":[{"href":"https:\/\/parafiaparchowo.pl\/index.php?rest_route=%2Fwp%2Fv2%2Fmedia&parent=955"}],"wp:term":[{"taxonomy":"category","embeddable":true,"href":"https:\/\/parafiaparchowo.pl\/index.php?rest_route=%2Fwp%2Fv2%2Fcategories&post=955"},{"taxonomy":"post_tag","embeddable":true,"href":"https:\/\/parafiaparchowo.pl\/index.php?rest_route=%2Fwp%2Fv2%2Ftags&post=955"}],"curies":[{"name":"wp","href":"https:\/\/api.w.org\/{rel}","templated":true}]}}