{"id":952,"date":"2023-09-10T07:30:00","date_gmt":"2023-09-10T05:30:00","guid":{"rendered":"https:\/\/parafiaparchowo.pl\/?p=952"},"modified":"2023-09-09T23:57:21","modified_gmt":"2023-09-09T21:57:21","slug":"ogloszenia-parafialne-xxiii-niedziela-zwykla-10-09-2023","status":"publish","type":"post","link":"https:\/\/parafiaparchowo.pl\/?p=952","title":{"rendered":"Og\u0142oszenia parafialne \u2013 XXIII Niedziela Zwyk\u0142a \u2013 10.09.2023"},"content":{"rendered":"\n<ol class=\"wp-block-list\">\n<li>B\u00f3g zap\u0142a\u0107 za ofiary z\u0142o\u017cone na inwestycje w naszej parafii.&nbsp;<\/li>\n<\/ol>\n\n\n\n<ol class=\"wp-block-list\" start=\"2\">\n<li>Swoj\u0105 pos\u0142ug\u0119 jako zakrystianka zako\u0144czy\u0142a Pani Wac\u0142awa. Z ca\u0142ego serca dzi\u0119kuj\u0119 za wieloletni\u0105 pos\u0142ug\u0119 w ko\u015bciele i nasz\u0105 dwuletni\u0105 wsp\u00f3\u0142prac\u0119. Nowym zakrystianinem zosta\u0142 Pan Stanis\u0142aw W\u0119sierski.&nbsp;&nbsp;<\/li>\n<\/ol>\n\n\n\n<ol class=\"wp-block-list\" start=\"3\">\n<li>Dzi\u015b w Markowej na Podkarpaciu odb\u0119dzie si\u0119 beatyfikacja dziewi\u0119cioosobowej rodziny J\u00f3zefa<br>i Wiktorii Ulm\u00f3w zamordowanych w marcu 1944 roku za pomoc \u017bydom. To pierwsza w historii Ko\u015bcio\u0142a taka beatyfikacja.&nbsp;<\/li>\n<\/ol>\n\n\n\n<ol class=\"wp-block-list\" start=\"4\">\n<li>W tym tygodniu w liturgii Ko\u015bcio\u0142a obchodzimy:\u00a0<br>&#8211; we wtorek 12.09. \u2013 Naj\u015bwi\u0119tszego Imienia Maryi\u00a0<br>&#8211; w \u015brod\u0119 &#8211; 13.09. \u2013 \u015bw. Jana Chryzostoma\u00a0<br>&#8211; w czwartek 14.09. \u2013 \u015awi\u0119to Podwy\u017cszenia Krzy\u017ca \u015awi\u0119tego\u00a0<br>&#8211; w pi\u0105tek 15.09. \u2013 NMP\u00a0 Bolesnej\u00a0<br>&#8211; w sobot\u0119 16.09 \u2013 \u015bwi\u0119tych Korneliusza i Cypriana\u00a0\u00a0<\/li>\n<\/ol>\n\n\n\n<ol class=\"wp-block-list\" start=\"5\">\n<li>Zapraszam na Adoracj\u0119 Naj\u015bwi\u0119tszego Sakramentu w czwartek od godz. 16:00 oraz w \u015brod\u0119 od godz. 18:30 do 20:00.\u00a0<\/li>\n\n\n\n<li>Osoby, kt\u00f3re planuj\u0105 zawrze\u0107 ma\u0142\u017ce\u0144stwo sakramentalne w roku przysz\u0142ym, proszone s\u0105, aby do ko\u0144ca wrze\u015bnia zg\u0142osi\u0142y si\u0119 do biura parafialnego w celu om\u00f3wienia przygotowania do \u015blubu. Zach\u0119camy narzeczonych, \u017ceby uczestniczyli w jesiennych terminach Weekend\u00f3w dla narzeczonych oraz Spotka\u0144 dla narzeczonych, r\u00f3wnie\u017c je\u017celi \u015blub jest zaplanowany na lato. Terminy i zapisy na stronie <a href=\"http:\/\/www.dobry-poczatek.pl\"><strong>www.dobry-poczatek.pl<\/strong><\/a><strong>.<\/strong><\/li>\n<\/ol>\n\n\n\n<figure class=\"wp-block-image size-large\"><img loading=\"lazy\" decoding=\"async\" width=\"724\" height=\"1024\" src=\"https:\/\/parafiaparchowo.pl\/wp-content\/uploads\/2023\/09\/intencje-11092023-724x1024.jpg\" alt=\"\" class=\"wp-image-953\" srcset=\"https:\/\/parafiaparchowo.pl\/wp-content\/uploads\/2023\/09\/intencje-11092023-724x1024.jpg 724w, https:\/\/parafiaparchowo.pl\/wp-content\/uploads\/2023\/09\/intencje-11092023-212x300.jpg 212w, https:\/\/parafiaparchowo.pl\/wp-content\/uploads\/2023\/09\/intencje-11092023-768x1086.jpg 768w, https:\/\/parafiaparchowo.pl\/wp-content\/uploads\/2023\/09\/intencje-11092023-1086x1536.jpg 1086w, https:\/\/parafiaparchowo.pl\/wp-content\/uploads\/2023\/09\/intencje-11092023-1448x2048.jpg 1448w, https:\/\/parafiaparchowo.pl\/wp-content\/uploads\/2023\/09\/intencje-11092023.jpg 1654w\" sizes=\"auto, (max-width: 724px) 100vw, 724px\" \/><\/figure>\n","protected":false},"excerpt":{"rendered":"","protected":false},"author":1,"featured_media":253,"comment_status":"closed","ping_status":"closed","sticky":false,"template":"","format":"standard","meta":{"footnotes":""},"categories":[5],"tags":[],"class_list":["post-952","post","type-post","status-publish","format-standard","has-post-thumbnail","hentry","category-ogloszenia"],"_links":{"self":[{"href":"https:\/\/parafiaparchowo.pl\/index.php?rest_route=\/wp\/v2\/posts\/952","targetHints":{"allow":["GET"]}}],"collection":[{"href":"https:\/\/parafiaparchowo.pl\/index.php?rest_route=\/wp\/v2\/posts"}],"about":[{"href":"https:\/\/parafiaparchowo.pl\/index.php?rest_route=\/wp\/v2\/types\/post"}],"author":[{"embeddable":true,"href":"https:\/\/parafiaparchowo.pl\/index.php?rest_route=\/wp\/v2\/users\/1"}],"replies":[{"embeddable":true,"href":"https:\/\/parafiaparchowo.pl\/index.php?rest_route=%2Fwp%2Fv2%2Fcomments&post=952"}],"version-history":[{"count":1,"href":"https:\/\/parafiaparchowo.pl\/index.php?rest_route=\/wp\/v2\/posts\/952\/revisions"}],"predecessor-version":[{"id":954,"href":"https:\/\/parafiaparchowo.pl\/index.php?rest_route=\/wp\/v2\/posts\/952\/revisions\/954"}],"wp:featuredmedia":[{"embeddable":true,"href":"https:\/\/parafiaparchowo.pl\/index.php?rest_route=\/wp\/v2\/media\/253"}],"wp:attachment":[{"href":"https:\/\/parafiaparchowo.pl\/index.php?rest_route=%2Fwp%2Fv2%2Fmedia&parent=952"}],"wp:term":[{"taxonomy":"category","embeddable":true,"href":"https:\/\/parafiaparchowo.pl\/index.php?rest_route=%2Fwp%2Fv2%2Fcategories&post=952"},{"taxonomy":"post_tag","embeddable":true,"href":"https:\/\/parafiaparchowo.pl\/index.php?rest_route=%2Fwp%2Fv2%2Ftags&post=952"}],"curies":[{"name":"wp","href":"https:\/\/api.w.org\/{rel}","templated":true}]}}