{"id":948,"date":"2023-09-03T10:51:00","date_gmt":"2023-09-03T08:51:00","guid":{"rendered":"https:\/\/parafiaparchowo.pl\/?p=948"},"modified":"2023-09-03T10:51:01","modified_gmt":"2023-09-03T08:51:01","slug":"ogloszenia-parafialne-xxii-niedziela-zwykla-3-09-2023","status":"publish","type":"post","link":"https:\/\/parafiaparchowo.pl\/?p=948","title":{"rendered":"Og\u0142oszenia parafialne \u2013 XXII Niedziela Zwyk\u0142a \u2013 3.09.2023"},"content":{"rendered":"\n<ol class=\"wp-block-list\">\n<li>Za tydzie\u0144 w niedziel\u0119 b\u0119dziemy go\u015bci\u0107 ojca ze zgromadzenia Oblat\u00f3w Maryi Niepokalanej, kt\u00f3ry wyg\u0142osi homilie i b\u0119dzie rozprowadza\u0142 kalendarze na nowy rok. Doch\u00f3d przeznaczony b\u0119dzie na dzia\u0142alno\u015b\u0107 misyjn\u0105 zgromadzenia.<\/li>\n<\/ol>\n\n\n\n<ol class=\"wp-block-list\" start=\"2\">\n<li>Za tydzie\u0144 kolekta inwestycyjna.<\/li>\n<\/ol>\n\n\n\n<ol class=\"wp-block-list\" start=\"3\">\n<li>Adoracja Naj\u015bwi\u0119tszego Sakramentu w \u015brod\u0119 od 18:30, oraz w czwartek od<br>godz. 16:00 w intencji powo\u0142a\u0144 do kap\u0142a\u0144stwa, s\u0142u\u017cby zakonnej i pracy misyjnej.<br><\/li>\n\n\n\n<li>W tym tygodniu w liturgii Ko\u015bcio\u0142a obchodzimy:\u00a0<br>&#8211; w pi\u0105tek 8.09. \u2013 \u015awi\u0119to Narodzenia NMP\u00a0\u00a0<br>&#8211; w sobot\u0119 9.09 \u2013 \u015bw. Piotra Klawera\u00a0<\/li>\n<\/ol>\n\n\n\n<ol class=\"wp-block-list\" start=\"5\">\n<li>Kustosz Sanktuarium Matki Bo\u017cej Kr\u00f3lowej Kaszub w Sianowie zaprasza na odpust ku czci Narodzenia NMP, kt\u00f3ry odb\u0119dzie si\u0119 w dniach 9 i 10 wrze\u015bnia w Sianowie. Suma odpustowa w niedziel\u0119, o godz. 11:30.<\/li>\n<\/ol>\n\n\n\n<ol class=\"wp-block-list\" start=\"6\">\n<li>8 wrze\u015bnia obchodzimy \u015awi\u0119to Narodzenia NMP. W tym dniu w czasie Mszy \u015bwi\u0119tych po\u015bwi\u0119cimy ziarno na zasiew.&nbsp;<\/li>\n<\/ol>\n\n\n\n<ol class=\"wp-block-list\" start=\"7\">\n<li>W pi\u0105tek 8 wrze\u015bnia po Mszy \u015bw. zapraszam na spotkanie Rady Parafialnej na plebanii.&nbsp;<\/li>\n<\/ol>\n\n\n\n<ol class=\"wp-block-list\" start=\"8\">\n<li>Jest nowy \u201ePielgrzym\u201d oraz gratisowe numery czasopisma \u201eMisje dzisiaj\u201d zach\u0119cam do lektury.&nbsp;<\/li>\n<\/ol>\n\n\n\n<ol class=\"wp-block-list\" start=\"9\">\n<li>Osoby, kt\u00f3re planuj\u0105 zawrze\u0107 ma\u0142\u017ce\u0144stwo sakramentalne w roku przysz\u0142ym, proszone s\u0105, aby do ko\u0144ca wrze\u015bnia zg\u0142osi\u0142y si\u0119 do biura parafialnego w celu om\u00f3wienia przygotowania do \u015blubu. Zach\u0119camy narzeczonych, \u017ceby uczestniczyli w jesiennych terminach Weekend\u00f3w dla narzeczonych oraz Spotka\u0144 dla narzeczonych, r\u00f3wnie\u017c je\u017celi \u015blub jest zaplanowany na lato. Terminy i zapisy na stronie <a href=\"http:\/\/www.dobry-poczatek.pl\"><strong>www.dobry-poczatek.pl<\/strong><\/a><strong>.<\/strong><\/li>\n<\/ol>\n\n\n\n<ol class=\"wp-block-list\" start=\"10\">\n<li>Pan So\u0142tys Parchowa zaprasza mieszka\u0144c\u00f3w na Zebranie Wiejskie, kt\u00f3re odb\u0119dzie si\u0119 7 wrze\u015bnia o godz. 19:00 w Gminnym Centrum Kultury.\u00a0<\/li>\n<\/ol>\n\n\n\n<figure class=\"wp-block-image size-large\"><img loading=\"lazy\" decoding=\"async\" width=\"723\" height=\"1024\" src=\"https:\/\/parafiaparchowo.pl\/wp-content\/uploads\/2023\/09\/Intencje-mszalne-03.09.2023r-723x1024.jpg\" alt=\"\" class=\"wp-image-949\" srcset=\"https:\/\/parafiaparchowo.pl\/wp-content\/uploads\/2023\/09\/Intencje-mszalne-03.09.2023r-723x1024.jpg 723w, https:\/\/parafiaparchowo.pl\/wp-content\/uploads\/2023\/09\/Intencje-mszalne-03.09.2023r-212x300.jpg 212w, https:\/\/parafiaparchowo.pl\/wp-content\/uploads\/2023\/09\/Intencje-mszalne-03.09.2023r-768x1088.jpg 768w, https:\/\/parafiaparchowo.pl\/wp-content\/uploads\/2023\/09\/Intencje-mszalne-03.09.2023r-1084x1536.jpg 1084w, https:\/\/parafiaparchowo.pl\/wp-content\/uploads\/2023\/09\/Intencje-mszalne-03.09.2023r-1445x2048.jpg 1445w, https:\/\/parafiaparchowo.pl\/wp-content\/uploads\/2023\/09\/Intencje-mszalne-03.09.2023r.jpg 1653w\" sizes=\"auto, (max-width: 723px) 100vw, 723px\" \/><\/figure>\n","protected":false},"excerpt":{"rendered":"","protected":false},"author":1,"featured_media":253,"comment_status":"closed","ping_status":"closed","sticky":false,"template":"","format":"standard","meta":{"footnotes":""},"categories":[5],"tags":[],"class_list":["post-948","post","type-post","status-publish","format-standard","has-post-thumbnail","hentry","category-ogloszenia"],"_links":{"self":[{"href":"https:\/\/parafiaparchowo.pl\/index.php?rest_route=\/wp\/v2\/posts\/948","targetHints":{"allow":["GET"]}}],"collection":[{"href":"https:\/\/parafiaparchowo.pl\/index.php?rest_route=\/wp\/v2\/posts"}],"about":[{"href":"https:\/\/parafiaparchowo.pl\/index.php?rest_route=\/wp\/v2\/types\/post"}],"author":[{"embeddable":true,"href":"https:\/\/parafiaparchowo.pl\/index.php?rest_route=\/wp\/v2\/users\/1"}],"replies":[{"embeddable":true,"href":"https:\/\/parafiaparchowo.pl\/index.php?rest_route=%2Fwp%2Fv2%2Fcomments&post=948"}],"version-history":[{"count":1,"href":"https:\/\/parafiaparchowo.pl\/index.php?rest_route=\/wp\/v2\/posts\/948\/revisions"}],"predecessor-version":[{"id":950,"href":"https:\/\/parafiaparchowo.pl\/index.php?rest_route=\/wp\/v2\/posts\/948\/revisions\/950"}],"wp:featuredmedia":[{"embeddable":true,"href":"https:\/\/parafiaparchowo.pl\/index.php?rest_route=\/wp\/v2\/media\/253"}],"wp:attachment":[{"href":"https:\/\/parafiaparchowo.pl\/index.php?rest_route=%2Fwp%2Fv2%2Fmedia&parent=948"}],"wp:term":[{"taxonomy":"category","embeddable":true,"href":"https:\/\/parafiaparchowo.pl\/index.php?rest_route=%2Fwp%2Fv2%2Fcategories&post=948"},{"taxonomy":"post_tag","embeddable":true,"href":"https:\/\/parafiaparchowo.pl\/index.php?rest_route=%2Fwp%2Fv2%2Ftags&post=948"}],"curies":[{"name":"wp","href":"https:\/\/api.w.org\/{rel}","templated":true}]}}