{"id":945,"date":"2023-08-27T09:20:15","date_gmt":"2023-08-27T07:20:15","guid":{"rendered":"https:\/\/parafiaparchowo.pl\/?p=945"},"modified":"2023-08-27T09:20:16","modified_gmt":"2023-08-27T07:20:16","slug":"ogloszenia-parafialne-xxi-niedziela-zwykla-27-08-2023r","status":"publish","type":"post","link":"https:\/\/parafiaparchowo.pl\/?p=945","title":{"rendered":"Og\u0142oszenia parafialne \u2013 XXI Niedziela Zwyk\u0142a \u2013 27.08.2023r."},"content":{"rendered":"\n<ol class=\"wp-block-list\">\n<li>W poniedzia\u0142ek 4 wrze\u015bnia rozpocznie si\u0119 nowy rok szkolny, zach\u0119cam dzieci<br>i m\u0142odzie\u017c do skorzystania z sakramentu pokuty i pojednania. Mo\u017cliwo\u015b\u0107 spowiedzi jest p\u00f3\u0142 godziny przed ka\u017cd\u0105 Msz\u0105 \u015bw., a tak\u017ce w czasie adoracji w \u015brod\u0119 od. godz. 18:30 do 20:00, w czwartek od 16:00 i w pi\u0105tek od 16:00.<\/li>\n<\/ol>\n\n\n\n<ol class=\"wp-block-list\" start=\"2\">\n<li><strong>W tym tygodniu w liturgii Ko\u015bcio\u0142a obchodzimy:<\/strong>\u00a0<br>&#8211; w poniedzia\u0142ek 28.08. \u2013 \u015bw. Augustyna\u00a0<br>&#8211; we wtorek 29.08. &#8211; M\u0119cze\u0144stwo \u015bw. Jana Chrzciciela<\/li>\n<\/ol>\n\n\n\n<ol class=\"wp-block-list\" start=\"3\">\n<li>Adoracja Naj\u015bwi\u0119tszego Sakramentu w \u015brod\u0119 od 18:30, oraz w czwartek od<br>godz. 16:00 w intencji powo\u0142a\u0144 do kap\u0142a\u0144stwa, s\u0142u\u017cby zakonnej i pracy misyjnej.<\/li>\n<\/ol>\n\n\n\n<ol class=\"wp-block-list\" start=\"4\">\n<li>W I pi\u0105tek od godz. 8:30 odwiedziny chorych z pos\u0142uga sakramentaln\u0105, po po\u0142udniu spowied\u017a od godz. 16:00. &nbsp; Po mszy \u015bw. Adoracja Naj\u015bwi\u0119tszego Sakramentu i R\u00f3\u017caniec.&nbsp;<\/li>\n<\/ol>\n\n\n\n<ol class=\"wp-block-list\" start=\"5\">\n<li>W I sobot\u0119 o godz. 18:30 nabo\u017ce\u0144stwo do Niepokalanego Serca NMP i nabo\u017ce\u0144stwo wynagradzaj\u0105ce w ramach pierwszej soboty miesi\u0105ca.<\/li>\n<\/ol>\n\n\n\n<ol class=\"wp-block-list\" start=\"6\">\n<li>9 wrze\u015bnia odb\u0119dzie si\u0119 wyjazd autokarem na Dzie\u0144 Wsp\u00f3lnoty Domownik\u00f3w Boga do Starogardu Gda\u0144skiego. Wyjazd o godz. 8:15. Koszt za przejazd 25 z\u0142. i za posi\u0142ek 35 z\u0142. Razem 60 z\u0142.&nbsp; Zapraszam naszych Domownik\u00f3w Boga do zapisywania si\u0119.&nbsp;<\/li>\n<\/ol>\n\n\n\n<ol class=\"wp-block-list\" start=\"7\">\n<li>Mobilne Centrum Bada\u0144 organizuje badania pod k\u0105tem: mia\u017cd\u017cycy t\u0119tnic, osteoporozy ko\u015bci, wydolno\u015bci p\u0142uc i oskrzeli. Badania odb\u0119d\u0105 si\u0119 w Ambulansie Diagnostycznym w \u015brod\u0119 30 sierpnia o godz. 12:00 na parkingu przy ko\u015bciele. Szczeg\u00f3\u0142y na plakatach<br>i ulotkach na stoliku.\u00a0<\/li>\n<\/ol>\n\n\n\n<figure class=\"wp-block-image size-large\"><img loading=\"lazy\" decoding=\"async\" width=\"723\" height=\"1024\" src=\"https:\/\/parafiaparchowo.pl\/wp-content\/uploads\/2023\/08\/Intencje-mszalne-27.08.2023r-723x1024.jpg\" alt=\"\" class=\"wp-image-946\" srcset=\"https:\/\/parafiaparchowo.pl\/wp-content\/uploads\/2023\/08\/Intencje-mszalne-27.08.2023r-723x1024.jpg 723w, https:\/\/parafiaparchowo.pl\/wp-content\/uploads\/2023\/08\/Intencje-mszalne-27.08.2023r-212x300.jpg 212w, https:\/\/parafiaparchowo.pl\/wp-content\/uploads\/2023\/08\/Intencje-mszalne-27.08.2023r-768x1088.jpg 768w, https:\/\/parafiaparchowo.pl\/wp-content\/uploads\/2023\/08\/Intencje-mszalne-27.08.2023r-1084x1536.jpg 1084w, https:\/\/parafiaparchowo.pl\/wp-content\/uploads\/2023\/08\/Intencje-mszalne-27.08.2023r-1445x2048.jpg 1445w, https:\/\/parafiaparchowo.pl\/wp-content\/uploads\/2023\/08\/Intencje-mszalne-27.08.2023r.jpg 1653w\" sizes=\"auto, (max-width: 723px) 100vw, 723px\" \/><\/figure>\n","protected":false},"excerpt":{"rendered":"","protected":false},"author":1,"featured_media":253,"comment_status":"closed","ping_status":"closed","sticky":false,"template":"","format":"standard","meta":{"footnotes":""},"categories":[5],"tags":[],"class_list":["post-945","post","type-post","status-publish","format-standard","has-post-thumbnail","hentry","category-ogloszenia"],"_links":{"self":[{"href":"https:\/\/parafiaparchowo.pl\/index.php?rest_route=\/wp\/v2\/posts\/945","targetHints":{"allow":["GET"]}}],"collection":[{"href":"https:\/\/parafiaparchowo.pl\/index.php?rest_route=\/wp\/v2\/posts"}],"about":[{"href":"https:\/\/parafiaparchowo.pl\/index.php?rest_route=\/wp\/v2\/types\/post"}],"author":[{"embeddable":true,"href":"https:\/\/parafiaparchowo.pl\/index.php?rest_route=\/wp\/v2\/users\/1"}],"replies":[{"embeddable":true,"href":"https:\/\/parafiaparchowo.pl\/index.php?rest_route=%2Fwp%2Fv2%2Fcomments&post=945"}],"version-history":[{"count":1,"href":"https:\/\/parafiaparchowo.pl\/index.php?rest_route=\/wp\/v2\/posts\/945\/revisions"}],"predecessor-version":[{"id":947,"href":"https:\/\/parafiaparchowo.pl\/index.php?rest_route=\/wp\/v2\/posts\/945\/revisions\/947"}],"wp:featuredmedia":[{"embeddable":true,"href":"https:\/\/parafiaparchowo.pl\/index.php?rest_route=\/wp\/v2\/media\/253"}],"wp:attachment":[{"href":"https:\/\/parafiaparchowo.pl\/index.php?rest_route=%2Fwp%2Fv2%2Fmedia&parent=945"}],"wp:term":[{"taxonomy":"category","embeddable":true,"href":"https:\/\/parafiaparchowo.pl\/index.php?rest_route=%2Fwp%2Fv2%2Fcategories&post=945"},{"taxonomy":"post_tag","embeddable":true,"href":"https:\/\/parafiaparchowo.pl\/index.php?rest_route=%2Fwp%2Fv2%2Ftags&post=945"}],"curies":[{"name":"wp","href":"https:\/\/api.w.org\/{rel}","templated":true}]}}