{"id":941,"date":"2023-08-20T08:02:00","date_gmt":"2023-08-20T06:02:00","guid":{"rendered":"https:\/\/parafiaparchowo.pl\/?p=941"},"modified":"2023-08-20T08:02:01","modified_gmt":"2023-08-20T06:02:01","slug":"ogloszenia-parafialne-xx-niedziela-zwykla-20-08-2023r","status":"publish","type":"post","link":"https:\/\/parafiaparchowo.pl\/?p=941","title":{"rendered":"Og\u0142oszenia parafialne \u2013 XX Niedziela Zwyk\u0142a \u2013 20.08.2023r."},"content":{"rendered":"\n<ol class=\"wp-block-list\">\n<li>B\u00f3g zap\u0142a\u0107 za ofiary z\u0142o\u017cone w zesz\u0142\u0105 niedziel\u0119 na inwestycje w naszej parafii. Zebrali\u015bmy .&nbsp;<\/li>\n<\/ol>\n\n\n\n<ol class=\"wp-block-list\" start=\"2\">\n<li>Dzi\u015b w naszej parafii obchodzimy Do\u017cynki, dzie\u0144 dzi\u0119kczynienia za tegoroczne plony. Msza \u015bwi\u0119ta dzi\u0119kczynna o godz. 15:00. Dalsza cz\u0119\u015b\u0107 od godz. 16:30 w Strefie Aktywnego Wypoczynku i Edukacji przy ul Stra\u017cackiej. Serdecznie zapraszam.<br><\/li>\n\n\n\n<li><strong>W tym tygodniu w liturgii Ko\u015bcio\u0142a obchodzimy:<\/strong>\u00a0<br>&#8211; w poniedzia\u0142ek 21.08. \u2013 \u015bw. Piusa X papie\u017ca<br>&#8211; we wtorek 22.08. \u2013 NMP Kr\u00f3lowej<br>&#8211; w \u015brod\u0119 23.08. \u2013 \u015bw. R\u00f3\u017cy z Limy\u00a0<br>&#8211; w czwartek 24.08. \u2013 \u015bw. Bart\u0142omieja Aposto\u0142a<br>&#8211; w sobot\u0119 26.08 \u2013\u00a0 Uroczysto\u015b\u0107 NMP Cz\u0119stochowskiej<\/li>\n<\/ol>\n\n\n\n<ol class=\"wp-block-list\" start=\"4\">\n<li>Adoracja Naj\u015bwi\u0119tszego Sakramentu w \u015brod\u0119 od 18:30, oraz w czwartek od<br>godz. 16:00 w intencji powo\u0142a\u0144 do kap\u0142a\u0144stwa, s\u0142u\u017cby zakonnej i pracy misyjnej.<\/li>\n<\/ol>\n\n\n\n<ol class=\"wp-block-list\" start=\"5\">\n<li>Z ca\u0142ego serca pragn\u0119 podzi\u0119kowa\u0107 wszystkim, kt\u00f3rzy w\u0142\u0105czyli si\u0119 w przygotowanie<br>i organizacj\u0119 naszego Parafialnego Pikniku Rodzinnego. Wiele os\u00f3b zaoferowa\u0142o r\u00f3\u017cn\u0105 pomoc i wsparcie. Dzi\u0119kuj\u0119 Wsp\u00f3lnocie Domownicy Boga, Urz\u0119dowi Gminy w Parchowie i pracownikom, OSP Go\u0142czewo i KGW z Jamna. Dzi\u0119kuj\u0119 wszystkim, kt\u00f3rzy przyj\u0119li zaproszenie i wzi\u0119li udzia\u0142 w pikniku. By\u0142 to pi\u0119kny czas wsp\u00f3lnego \u015bwi\u0119towania.\u00a0<br><\/li>\n\n\n\n<li>Serdecznie zapraszam na&nbsp; Wiecz\u00f3r Uwielbienia, kt\u00f3ry odb\u0119dzie si\u0119 26 sierpnia. Msza \u015bwi\u0119ta o godz. 17:00, o godz. 18:00 modlitewne czuwanie przed Naj\u015bwi\u0119tszym Sakramentem z rozwa\u017caniami i \u015bpiewem.<\/li>\n<\/ol>\n\n\n\n<figure class=\"wp-block-image size-large\"><img loading=\"lazy\" decoding=\"async\" width=\"723\" height=\"1024\" src=\"https:\/\/parafiaparchowo.pl\/wp-content\/uploads\/2023\/08\/Intencje-mszalne-20.08.2023r-723x1024.jpg\" alt=\"\" class=\"wp-image-942\" srcset=\"https:\/\/parafiaparchowo.pl\/wp-content\/uploads\/2023\/08\/Intencje-mszalne-20.08.2023r-723x1024.jpg 723w, https:\/\/parafiaparchowo.pl\/wp-content\/uploads\/2023\/08\/Intencje-mszalne-20.08.2023r-212x300.jpg 212w, https:\/\/parafiaparchowo.pl\/wp-content\/uploads\/2023\/08\/Intencje-mszalne-20.08.2023r-768x1088.jpg 768w, https:\/\/parafiaparchowo.pl\/wp-content\/uploads\/2023\/08\/Intencje-mszalne-20.08.2023r-1084x1536.jpg 1084w, https:\/\/parafiaparchowo.pl\/wp-content\/uploads\/2023\/08\/Intencje-mszalne-20.08.2023r-1445x2048.jpg 1445w, https:\/\/parafiaparchowo.pl\/wp-content\/uploads\/2023\/08\/Intencje-mszalne-20.08.2023r.jpg 1653w\" sizes=\"auto, (max-width: 723px) 100vw, 723px\" \/><\/figure>\n","protected":false},"excerpt":{"rendered":"","protected":false},"author":1,"featured_media":253,"comment_status":"closed","ping_status":"closed","sticky":false,"template":"","format":"standard","meta":{"footnotes":""},"categories":[5],"tags":[],"class_list":["post-941","post","type-post","status-publish","format-standard","has-post-thumbnail","hentry","category-ogloszenia"],"_links":{"self":[{"href":"https:\/\/parafiaparchowo.pl\/index.php?rest_route=\/wp\/v2\/posts\/941","targetHints":{"allow":["GET"]}}],"collection":[{"href":"https:\/\/parafiaparchowo.pl\/index.php?rest_route=\/wp\/v2\/posts"}],"about":[{"href":"https:\/\/parafiaparchowo.pl\/index.php?rest_route=\/wp\/v2\/types\/post"}],"author":[{"embeddable":true,"href":"https:\/\/parafiaparchowo.pl\/index.php?rest_route=\/wp\/v2\/users\/1"}],"replies":[{"embeddable":true,"href":"https:\/\/parafiaparchowo.pl\/index.php?rest_route=%2Fwp%2Fv2%2Fcomments&post=941"}],"version-history":[{"count":1,"href":"https:\/\/parafiaparchowo.pl\/index.php?rest_route=\/wp\/v2\/posts\/941\/revisions"}],"predecessor-version":[{"id":943,"href":"https:\/\/parafiaparchowo.pl\/index.php?rest_route=\/wp\/v2\/posts\/941\/revisions\/943"}],"wp:featuredmedia":[{"embeddable":true,"href":"https:\/\/parafiaparchowo.pl\/index.php?rest_route=\/wp\/v2\/media\/253"}],"wp:attachment":[{"href":"https:\/\/parafiaparchowo.pl\/index.php?rest_route=%2Fwp%2Fv2%2Fmedia&parent=941"}],"wp:term":[{"taxonomy":"category","embeddable":true,"href":"https:\/\/parafiaparchowo.pl\/index.php?rest_route=%2Fwp%2Fv2%2Fcategories&post=941"},{"taxonomy":"post_tag","embeddable":true,"href":"https:\/\/parafiaparchowo.pl\/index.php?rest_route=%2Fwp%2Fv2%2Ftags&post=941"}],"curies":[{"name":"wp","href":"https:\/\/api.w.org\/{rel}","templated":true}]}}