{"id":938,"date":"2023-08-13T10:05:50","date_gmt":"2023-08-13T08:05:50","guid":{"rendered":"https:\/\/parafiaparchowo.pl\/?p=938"},"modified":"2023-08-13T10:05:51","modified_gmt":"2023-08-13T08:05:51","slug":"ogloszenia-parafialne-xix-niedziela-zwykla-13-08-2023r","status":"publish","type":"post","link":"https:\/\/parafiaparchowo.pl\/?p=938","title":{"rendered":"Og\u0142oszenia parafialne \u2013 XIX Niedziela Zwyk\u0142a \u2013 13.08.2023r."},"content":{"rendered":"\n<ol class=\"wp-block-list\">\n<li>B\u00f3g zap\u0142a\u0107 za ofiary z\u0142o\u017cone na inwestycje w naszej parafii.&nbsp;<\/li>\n<\/ol>\n\n\n\n<ol class=\"wp-block-list\" start=\"2\">\n<li>We wtorek Uroczysto\u015b\u0107 Wniebowzi\u0119cia NMP, nasz odpust parafialny. Suma odpustowa o godz. 11:30. Po Mszy \u015bw. procesja eucharystyczna wok\u00f3\u0142 ko\u015bcio\u0142a. W tym dniu na ka\u017cdej mszy \u015bw. b\u0142ogos\u0142awie\u0144stwo k\u0142os\u00f3w zb\u00f3\u017c, zi\u00f3\u0142 i kwiat\u00f3w.<\/li>\n<\/ol>\n\n\n\n<ol class=\"wp-block-list\" start=\"3\">\n<li>15 sierpnia w dzie\u0144 odpustu, bardzo serdecznie zapraszam na rodzinny piknik parafialny, kt\u00f3ry odb\u0119dzie si\u0119 w parafialnym ogrodzie w godz. od 15:00 do 18:00. Zapewniamy smaczne kie\u0142baski z grilla, dobr\u0105 kaw\u0119 i ciasto oraz mi\u0142e towarzystwo.<br><\/li>\n\n\n\n<li><strong>W tym tygodniu w liturgii Ko\u015bcio\u0142a obchodzimy:<\/strong>\u00a0<br>&#8211; w poniedzia\u0142ek 14.08. \u2013 \u015bw. Maksymiliana Kolbego<br>&#8211; we wtorek 15.08. \u2013 Uroczysto\u015b\u0107 Wniebowzi\u0119cia NMP<br>&#8211; w czwartek 17.08. \u2013 \u015bw. Jacka\u00a0<\/li>\n<\/ol>\n\n\n\n<ol class=\"wp-block-list\" start=\"5\">\n<li>Adoracja Naj\u015bwi\u0119tszego Sakramentu w \u015brod\u0119 od 18:30, oraz w czwartek od godz. 16:00 w intencji powo\u0142a\u0144 do kap\u0142a\u0144stwa, s\u0142u\u017cby zakonnej i pracy misyjnej.<\/li>\n<\/ol>\n\n\n\n<ol class=\"wp-block-list\" start=\"6\">\n<li>W przysz\u0142\u0105 niedziel\u0119 20 sierpnia b\u0119dziemy obchodzi\u0107 Do\u017cynki Gminno &#8211; Parafialne. Msza \u015bw. w ko\u015bciele o godz. 15:00. Dalsza cz\u0119\u015b\u0107 od godz. 16:30 w Strefie Aktywnego Wypoczynku i Edukacji przy ul Stra\u017cackiej. Serdecznie zapraszam.&nbsp;<\/li>\n<\/ol>\n\n\n\n<ol class=\"wp-block-list\" start=\"7\">\n<li>Bardzo dzi\u0119kuj\u0119 wszystkim zaanga\u017cowanym w koszenie trawy na cmentarzu, przy ko\u015bciele i w parafialnym ogrodzie, oraz za wszelkie prace porz\u0105dkowe przy ko\u015bciele.&nbsp;<\/li>\n<\/ol>\n\n\n\n<ol class=\"wp-block-list\" start=\"8\">\n<li>15 sierpnia b\u0119dziemy r\u00f3wnie\u017c prze\u017cywa\u0107 w ca\u0142ej Polsce, Dzie\u0144 Og\u00f3lnopolskiej Solidarno\u015bci ze S\u0142oweni\u0105. W tym dniu b\u0119dziemy modli\u0107 si\u0119 za poszkodowanych w powodzi, oraz przed ko\u015bcio\u0142em odb\u0119dzie si\u0119 zbi\u00f3rka do puszek, na pomoc materialn\u0105.\u00a0<\/li>\n<\/ol>\n\n\n\n<figure class=\"wp-block-image size-large\"><img loading=\"lazy\" decoding=\"async\" width=\"723\" height=\"1024\" src=\"https:\/\/parafiaparchowo.pl\/wp-content\/uploads\/2023\/08\/Intencje-mszalne-13.08.2023r-723x1024.jpg\" alt=\"\" class=\"wp-image-939\" srcset=\"https:\/\/parafiaparchowo.pl\/wp-content\/uploads\/2023\/08\/Intencje-mszalne-13.08.2023r-723x1024.jpg 723w, https:\/\/parafiaparchowo.pl\/wp-content\/uploads\/2023\/08\/Intencje-mszalne-13.08.2023r-212x300.jpg 212w, https:\/\/parafiaparchowo.pl\/wp-content\/uploads\/2023\/08\/Intencje-mszalne-13.08.2023r-768x1088.jpg 768w, https:\/\/parafiaparchowo.pl\/wp-content\/uploads\/2023\/08\/Intencje-mszalne-13.08.2023r-1084x1536.jpg 1084w, https:\/\/parafiaparchowo.pl\/wp-content\/uploads\/2023\/08\/Intencje-mszalne-13.08.2023r-1445x2048.jpg 1445w, https:\/\/parafiaparchowo.pl\/wp-content\/uploads\/2023\/08\/Intencje-mszalne-13.08.2023r.jpg 1653w\" sizes=\"auto, (max-width: 723px) 100vw, 723px\" \/><\/figure>\n","protected":false},"excerpt":{"rendered":"","protected":false},"author":1,"featured_media":253,"comment_status":"closed","ping_status":"closed","sticky":false,"template":"","format":"standard","meta":{"footnotes":""},"categories":[5],"tags":[],"class_list":["post-938","post","type-post","status-publish","format-standard","has-post-thumbnail","hentry","category-ogloszenia"],"_links":{"self":[{"href":"https:\/\/parafiaparchowo.pl\/index.php?rest_route=\/wp\/v2\/posts\/938","targetHints":{"allow":["GET"]}}],"collection":[{"href":"https:\/\/parafiaparchowo.pl\/index.php?rest_route=\/wp\/v2\/posts"}],"about":[{"href":"https:\/\/parafiaparchowo.pl\/index.php?rest_route=\/wp\/v2\/types\/post"}],"author":[{"embeddable":true,"href":"https:\/\/parafiaparchowo.pl\/index.php?rest_route=\/wp\/v2\/users\/1"}],"replies":[{"embeddable":true,"href":"https:\/\/parafiaparchowo.pl\/index.php?rest_route=%2Fwp%2Fv2%2Fcomments&post=938"}],"version-history":[{"count":1,"href":"https:\/\/parafiaparchowo.pl\/index.php?rest_route=\/wp\/v2\/posts\/938\/revisions"}],"predecessor-version":[{"id":940,"href":"https:\/\/parafiaparchowo.pl\/index.php?rest_route=\/wp\/v2\/posts\/938\/revisions\/940"}],"wp:featuredmedia":[{"embeddable":true,"href":"https:\/\/parafiaparchowo.pl\/index.php?rest_route=\/wp\/v2\/media\/253"}],"wp:attachment":[{"href":"https:\/\/parafiaparchowo.pl\/index.php?rest_route=%2Fwp%2Fv2%2Fmedia&parent=938"}],"wp:term":[{"taxonomy":"category","embeddable":true,"href":"https:\/\/parafiaparchowo.pl\/index.php?rest_route=%2Fwp%2Fv2%2Fcategories&post=938"},{"taxonomy":"post_tag","embeddable":true,"href":"https:\/\/parafiaparchowo.pl\/index.php?rest_route=%2Fwp%2Fv2%2Ftags&post=938"}],"curies":[{"name":"wp","href":"https:\/\/api.w.org\/{rel}","templated":true}]}}