{"id":934,"date":"2023-08-06T13:57:18","date_gmt":"2023-08-06T11:57:18","guid":{"rendered":"https:\/\/parafiaparchowo.pl\/?p=934"},"modified":"2023-08-06T13:57:19","modified_gmt":"2023-08-06T11:57:19","slug":"ogloszenia-parafialne-xviii-niedziela-zwykla-6-08-2023r","status":"publish","type":"post","link":"https:\/\/parafiaparchowo.pl\/?p=934","title":{"rendered":"Og\u0142oszenia parafialne \u2013 XVIII Niedziela Zwyk\u0142a \u2013 6.08.2023r."},"content":{"rendered":"\n<ol class=\"wp-block-list\">\n<li><strong>W tym tygodniu w liturgii Ko\u015bcio\u0142a obchodzimy:<\/strong>\u00a0<br>&#8211; we wtorek 8.08. \u2013 \u015bw. Dominika<br>&#8211; w \u015brod\u0119 9.08 \u2013 \u015bwi\u0119to \u015bw. Teresy Benedykty od Krzy\u017ca, patronki Europy<br>&#8211; w czwartek 10.08. \u2013 Uroczysto\u015b\u0107 \u015bw. Wawrzy\u0144ca \u2013 g\u0142\u00f3wnego patrona diecezji\u00a0\u00a0<br>&#8211; w pi\u0105tek 11.08 \u2013 \u015bw. Klary\u00a0<\/li>\n<\/ol>\n\n\n\n<ol class=\"wp-block-list\" start=\"2\">\n<li>Adoracja Naj\u015bwi\u0119tszego Sakramentu w \u015brod\u0119 od 18:30, oraz w czwartek od<br>godz. 16:00 w intencji powo\u0142a\u0144 do kap\u0142a\u0144stwa, s\u0142u\u017cby zakonnej i pracy misyjnej.<\/li>\n<\/ol>\n\n\n\n<ol class=\"wp-block-list\" start=\"3\">\n<li>W przysz\u0142\u0105 niedziel\u0119 13.08 kolekta inwestycyjna.&nbsp;<\/li>\n<\/ol>\n\n\n\n<ol class=\"wp-block-list\" start=\"4\">\n<li>Bardzo dzi\u0119kuj\u0119 za sk\u0142adane ofiary na inwestycje w naszej parafii. Koszt dotychczasowych prac dotycz\u0105cych schod\u00f3w prowadz\u0105cych do ko\u015bcio\u0142a i nowych schod\u00f3w na cmentarzu wyni\u00f3s\u0142 w sumie 45 ty\u015b. z\u0142. Przed nami jeszcze inwestycja zwi\u0105zana z o\u015bwietleniem cmentarza.&nbsp;<\/li>\n<\/ol>\n\n\n\n<ol class=\"wp-block-list\" start=\"5\">\n<li>Zmar\u0142a nasza parafianka z Parchowa, sp. W\u0142adys\u0142awa Reszka. Pogrzeb w \u015brod\u0119<br>o godz. 10:00. Dobry Jezu a nasz Panie\u2026\u00a0<br><\/li>\n\n\n\n<li>15 sierpnia prze\u017cywa\u0107 b\u0119dziemy odpust parafialny Wniebowzi\u0119cia NMP<\/li>\n<\/ol>\n\n\n\n<figure class=\"wp-block-image size-large\"><img loading=\"lazy\" decoding=\"async\" width=\"723\" height=\"1024\" src=\"https:\/\/parafiaparchowo.pl\/wp-content\/uploads\/2023\/08\/Intencje-mszalne-06.08.2023r-723x1024.jpg\" alt=\"\" class=\"wp-image-935\" srcset=\"https:\/\/parafiaparchowo.pl\/wp-content\/uploads\/2023\/08\/Intencje-mszalne-06.08.2023r-723x1024.jpg 723w, https:\/\/parafiaparchowo.pl\/wp-content\/uploads\/2023\/08\/Intencje-mszalne-06.08.2023r-212x300.jpg 212w, https:\/\/parafiaparchowo.pl\/wp-content\/uploads\/2023\/08\/Intencje-mszalne-06.08.2023r-768x1088.jpg 768w, https:\/\/parafiaparchowo.pl\/wp-content\/uploads\/2023\/08\/Intencje-mszalne-06.08.2023r-1084x1536.jpg 1084w, https:\/\/parafiaparchowo.pl\/wp-content\/uploads\/2023\/08\/Intencje-mszalne-06.08.2023r-1445x2048.jpg 1445w, https:\/\/parafiaparchowo.pl\/wp-content\/uploads\/2023\/08\/Intencje-mszalne-06.08.2023r.jpg 1653w\" sizes=\"auto, (max-width: 723px) 100vw, 723px\" \/><\/figure>\n","protected":false},"excerpt":{"rendered":"","protected":false},"author":1,"featured_media":253,"comment_status":"closed","ping_status":"closed","sticky":false,"template":"","format":"standard","meta":{"footnotes":""},"categories":[5],"tags":[],"class_list":["post-934","post","type-post","status-publish","format-standard","has-post-thumbnail","hentry","category-ogloszenia"],"_links":{"self":[{"href":"https:\/\/parafiaparchowo.pl\/index.php?rest_route=\/wp\/v2\/posts\/934","targetHints":{"allow":["GET"]}}],"collection":[{"href":"https:\/\/parafiaparchowo.pl\/index.php?rest_route=\/wp\/v2\/posts"}],"about":[{"href":"https:\/\/parafiaparchowo.pl\/index.php?rest_route=\/wp\/v2\/types\/post"}],"author":[{"embeddable":true,"href":"https:\/\/parafiaparchowo.pl\/index.php?rest_route=\/wp\/v2\/users\/1"}],"replies":[{"embeddable":true,"href":"https:\/\/parafiaparchowo.pl\/index.php?rest_route=%2Fwp%2Fv2%2Fcomments&post=934"}],"version-history":[{"count":1,"href":"https:\/\/parafiaparchowo.pl\/index.php?rest_route=\/wp\/v2\/posts\/934\/revisions"}],"predecessor-version":[{"id":936,"href":"https:\/\/parafiaparchowo.pl\/index.php?rest_route=\/wp\/v2\/posts\/934\/revisions\/936"}],"wp:featuredmedia":[{"embeddable":true,"href":"https:\/\/parafiaparchowo.pl\/index.php?rest_route=\/wp\/v2\/media\/253"}],"wp:attachment":[{"href":"https:\/\/parafiaparchowo.pl\/index.php?rest_route=%2Fwp%2Fv2%2Fmedia&parent=934"}],"wp:term":[{"taxonomy":"category","embeddable":true,"href":"https:\/\/parafiaparchowo.pl\/index.php?rest_route=%2Fwp%2Fv2%2Fcategories&post=934"},{"taxonomy":"post_tag","embeddable":true,"href":"https:\/\/parafiaparchowo.pl\/index.php?rest_route=%2Fwp%2Fv2%2Ftags&post=934"}],"curies":[{"name":"wp","href":"https:\/\/api.w.org\/{rel}","templated":true}]}}