{"id":919,"date":"2023-07-23T07:30:00","date_gmt":"2023-07-23T05:30:00","guid":{"rendered":"https:\/\/parafiaparchowo.pl\/?p=919"},"modified":"2023-07-23T07:18:23","modified_gmt":"2023-07-23T05:18:23","slug":"ogloszenia-parafialne-xvi-niedziela-zwykla-23-07-2023r","status":"publish","type":"post","link":"https:\/\/parafiaparchowo.pl\/?p=919","title":{"rendered":"Og\u0142oszenia parafialne \u2013 XVI Niedziela Zwyk\u0142a \u2013 23.07.2023r."},"content":{"rendered":"\n<ol class=\"wp-block-list\">\n<li>Dzi\u015b po ka\u017cdej mszy \u015bw. odb\u0119dzie si\u0119 \u015bwi\u0119cenie pojazd\u00f3w z ok. \u015bw. Krzysztofa \u2013 patrona kierowc\u00f3w. Przy tej okazji odbywa si\u0119 zbi\u00f3rka na rzecz MIVA Polska, zebrane \u015brodki przeznaczone b\u0119d\u0105 na zakup \u015brodk\u00f3w transportu dla polskich misjonarzy.<\/li>\n<\/ol>\n\n\n\n<ol class=\"wp-block-list\" start=\"2\">\n<li><strong>W tym tygodniu w liturgii Ko\u015bcio\u0142a obchodzimy:<\/strong>\u00a0<br> w poniedzia\u0142ek 24.07. \u2013 \u015bw. Kingi<br>&#8211; we wtorek 25.07. \u2013 \u015bw. Jakuba Starszego, Aposto\u0142a<br> w \u015brod\u0119 26.07 \u2013 \u015bwi\u0119tych Joachima i Anny \u2013 rodzic\u00f3w NMP<br>&#8211; w sobot\u0119 29.07. \u2013 \u015bwi\u0119tych Marty, Marii i \u0141azarza<\/li>\n<\/ol>\n\n\n\n<ol class=\"wp-block-list\" start=\"3\">\n<li>Adoracja Naj\u015bwi\u0119tszego Sakramentu w \u015brod\u0119 od 18:30, oraz w czwartek od<br>godz. 16:00 w intencji powo\u0142a\u0144 do kap\u0142a\u0144stwa, s\u0142u\u017cby zakonnej i pracy misyjnej.&nbsp;<\/li>\n<\/ol>\n\n\n\n<ol class=\"wp-block-list\" start=\"4\">\n<li><strong>Zapowiedzi przed\u015blubne<\/strong><br>&#8211; Grzegorz Dalecki, rzymskokat., zam. w parafii Parchowo<br>&#8211; Ewelina Brinken, rzymskokat., zam. w parafii Tuchomie\u00a0<br><br>&#8211; Dawid Cybula, rzymskokat., zam. w Bytowie<br>&#8211; Magdalena Majkowska, rzymskokat., zam. w parafii Parchowo<br><br>&#8211; Bart\u0142omiej Grzenkowski, rzymskokat., zam. w parafii Parchowo<br>&#8211; Daria Mielewczyk, rzymskokat., zam. w parafii Parchowo<\/li>\n<\/ol>\n\n\n\n<figure class=\"wp-block-image size-large\"><img loading=\"lazy\" decoding=\"async\" width=\"723\" height=\"1024\" src=\"https:\/\/parafiaparchowo.pl\/wp-content\/uploads\/2023\/07\/Intencje-mszalne-23.07.2023r-723x1024.jpg\" alt=\"\" class=\"wp-image-920\" srcset=\"https:\/\/parafiaparchowo.pl\/wp-content\/uploads\/2023\/07\/Intencje-mszalne-23.07.2023r-723x1024.jpg 723w, https:\/\/parafiaparchowo.pl\/wp-content\/uploads\/2023\/07\/Intencje-mszalne-23.07.2023r-212x300.jpg 212w, https:\/\/parafiaparchowo.pl\/wp-content\/uploads\/2023\/07\/Intencje-mszalne-23.07.2023r-768x1088.jpg 768w, https:\/\/parafiaparchowo.pl\/wp-content\/uploads\/2023\/07\/Intencje-mszalne-23.07.2023r-1084x1536.jpg 1084w, https:\/\/parafiaparchowo.pl\/wp-content\/uploads\/2023\/07\/Intencje-mszalne-23.07.2023r-1445x2048.jpg 1445w, https:\/\/parafiaparchowo.pl\/wp-content\/uploads\/2023\/07\/Intencje-mszalne-23.07.2023r.jpg 1653w\" sizes=\"auto, (max-width: 723px) 100vw, 723px\" \/><\/figure>\n","protected":false},"excerpt":{"rendered":"","protected":false},"author":1,"featured_media":253,"comment_status":"closed","ping_status":"closed","sticky":false,"template":"","format":"standard","meta":{"footnotes":""},"categories":[5],"tags":[],"class_list":["post-919","post","type-post","status-publish","format-standard","has-post-thumbnail","hentry","category-ogloszenia"],"_links":{"self":[{"href":"https:\/\/parafiaparchowo.pl\/index.php?rest_route=\/wp\/v2\/posts\/919","targetHints":{"allow":["GET"]}}],"collection":[{"href":"https:\/\/parafiaparchowo.pl\/index.php?rest_route=\/wp\/v2\/posts"}],"about":[{"href":"https:\/\/parafiaparchowo.pl\/index.php?rest_route=\/wp\/v2\/types\/post"}],"author":[{"embeddable":true,"href":"https:\/\/parafiaparchowo.pl\/index.php?rest_route=\/wp\/v2\/users\/1"}],"replies":[{"embeddable":true,"href":"https:\/\/parafiaparchowo.pl\/index.php?rest_route=%2Fwp%2Fv2%2Fcomments&post=919"}],"version-history":[{"count":1,"href":"https:\/\/parafiaparchowo.pl\/index.php?rest_route=\/wp\/v2\/posts\/919\/revisions"}],"predecessor-version":[{"id":921,"href":"https:\/\/parafiaparchowo.pl\/index.php?rest_route=\/wp\/v2\/posts\/919\/revisions\/921"}],"wp:featuredmedia":[{"embeddable":true,"href":"https:\/\/parafiaparchowo.pl\/index.php?rest_route=\/wp\/v2\/media\/253"}],"wp:attachment":[{"href":"https:\/\/parafiaparchowo.pl\/index.php?rest_route=%2Fwp%2Fv2%2Fmedia&parent=919"}],"wp:term":[{"taxonomy":"category","embeddable":true,"href":"https:\/\/parafiaparchowo.pl\/index.php?rest_route=%2Fwp%2Fv2%2Fcategories&post=919"},{"taxonomy":"post_tag","embeddable":true,"href":"https:\/\/parafiaparchowo.pl\/index.php?rest_route=%2Fwp%2Fv2%2Ftags&post=919"}],"curies":[{"name":"wp","href":"https:\/\/api.w.org\/{rel}","templated":true}]}}