{"id":918,"date":"2023-07-30T07:30:00","date_gmt":"2023-07-30T05:30:00","guid":{"rendered":"https:\/\/parafiaparchowo.pl\/?p=918"},"modified":"2023-07-23T07:20:46","modified_gmt":"2023-07-23T05:20:46","slug":"ogloszenia-parafialne-xvii-niedziela-zwykla-30-07-2023r","status":"publish","type":"post","link":"https:\/\/parafiaparchowo.pl\/?p=918","title":{"rendered":"Og\u0142oszenia parafialne \u2013 XVII Niedziela Zwyk\u0142a \u2013 30.07.2023r."},"content":{"rendered":"\n<ol class=\"wp-block-list\">\n<li>We wtorek rozpoczyna si\u0119 sierpie\u0144, miesi\u0105c trze\u017awo\u015bci. Pami\u0119tajmy o modlitwie w intencji trze\u017awo\u015bci w naszym Narodzie.&nbsp;<\/li>\n\n\n\n<li><strong>W tym tygodniu w liturgii Ko\u015bcio\u0142a obchodzimy:<\/strong><br>&#8211; we wtorek 1.08. \u2013 \u015bw. Alfonsa Marii Liguoriego\u00a0<br>&#8211; w pi\u0105tek 4.08 \u2013 \u015bw. Jana Marii Vianneya<br>&#8211; w niedziel\u0119 6.08 \u2013 \u015awi\u0119to Przemienienia Pa\u0144skiego\u00a0<\/li>\n<\/ol>\n\n\n\n<ol class=\"wp-block-list\" start=\"3\">\n<li>&nbsp;Adoracja Naj\u015bwi\u0119tszego Sakramentu w \u015brod\u0119 od 18:30, oraz w czwartek od<br>godz. 16:00 w intencji powo\u0142a\u0144 do kap\u0142a\u0144stwa, s\u0142u\u017cby zakonnej i pracy misyjnej. Po Mszy \u015bw. dalsza Adoracja i R\u00f3\u017caniec.<\/li>\n\n\n\n<li>W I pi\u0105tek od godz. 8:30 odwiedziny chorych z pos\u0142uga sakramentaln\u0105, po po\u0142udniu spowied\u017a od godz. 16:00.\u00a0\u00a0\u00a0<\/li>\n\n\n\n<li>W I sobot\u0119 o godz. 18:30 nabo\u017ce\u0144stwo do Niepokalanego Serca NMP i nabo\u017ce\u0144stwo wynagradzaj\u0105ce w ramach pierwszej soboty miesi\u0105ca.<\/li>\n<\/ol>\n\n\n\n<figure class=\"wp-block-image size-large\"><img loading=\"lazy\" decoding=\"async\" width=\"723\" height=\"1024\" src=\"https:\/\/parafiaparchowo.pl\/wp-content\/uploads\/2023\/07\/Intencje-mszalne-30.07.2023r-723x1024.jpg\" alt=\"\" class=\"wp-image-922\" srcset=\"https:\/\/parafiaparchowo.pl\/wp-content\/uploads\/2023\/07\/Intencje-mszalne-30.07.2023r-723x1024.jpg 723w, https:\/\/parafiaparchowo.pl\/wp-content\/uploads\/2023\/07\/Intencje-mszalne-30.07.2023r-212x300.jpg 212w, https:\/\/parafiaparchowo.pl\/wp-content\/uploads\/2023\/07\/Intencje-mszalne-30.07.2023r-768x1088.jpg 768w, https:\/\/parafiaparchowo.pl\/wp-content\/uploads\/2023\/07\/Intencje-mszalne-30.07.2023r-1084x1536.jpg 1084w, https:\/\/parafiaparchowo.pl\/wp-content\/uploads\/2023\/07\/Intencje-mszalne-30.07.2023r-1445x2048.jpg 1445w, https:\/\/parafiaparchowo.pl\/wp-content\/uploads\/2023\/07\/Intencje-mszalne-30.07.2023r.jpg 1653w\" sizes=\"auto, (max-width: 723px) 100vw, 723px\" \/><\/figure>\n","protected":false},"excerpt":{"rendered":"","protected":false},"author":1,"featured_media":253,"comment_status":"closed","ping_status":"closed","sticky":false,"template":"","format":"standard","meta":{"footnotes":""},"categories":[5],"tags":[],"class_list":["post-918","post","type-post","status-publish","format-standard","has-post-thumbnail","hentry","category-ogloszenia"],"_links":{"self":[{"href":"https:\/\/parafiaparchowo.pl\/index.php?rest_route=\/wp\/v2\/posts\/918","targetHints":{"allow":["GET"]}}],"collection":[{"href":"https:\/\/parafiaparchowo.pl\/index.php?rest_route=\/wp\/v2\/posts"}],"about":[{"href":"https:\/\/parafiaparchowo.pl\/index.php?rest_route=\/wp\/v2\/types\/post"}],"author":[{"embeddable":true,"href":"https:\/\/parafiaparchowo.pl\/index.php?rest_route=\/wp\/v2\/users\/1"}],"replies":[{"embeddable":true,"href":"https:\/\/parafiaparchowo.pl\/index.php?rest_route=%2Fwp%2Fv2%2Fcomments&post=918"}],"version-history":[{"count":1,"href":"https:\/\/parafiaparchowo.pl\/index.php?rest_route=\/wp\/v2\/posts\/918\/revisions"}],"predecessor-version":[{"id":923,"href":"https:\/\/parafiaparchowo.pl\/index.php?rest_route=\/wp\/v2\/posts\/918\/revisions\/923"}],"wp:featuredmedia":[{"embeddable":true,"href":"https:\/\/parafiaparchowo.pl\/index.php?rest_route=\/wp\/v2\/media\/253"}],"wp:attachment":[{"href":"https:\/\/parafiaparchowo.pl\/index.php?rest_route=%2Fwp%2Fv2%2Fmedia&parent=918"}],"wp:term":[{"taxonomy":"category","embeddable":true,"href":"https:\/\/parafiaparchowo.pl\/index.php?rest_route=%2Fwp%2Fv2%2Fcategories&post=918"},{"taxonomy":"post_tag","embeddable":true,"href":"https:\/\/parafiaparchowo.pl\/index.php?rest_route=%2Fwp%2Fv2%2Ftags&post=918"}],"curies":[{"name":"wp","href":"https:\/\/api.w.org\/{rel}","templated":true}]}}