{"id":660,"date":"2023-08-06T09:00:00","date_gmt":"2023-08-06T07:00:00","guid":{"rendered":"https:\/\/parafiaparchowo.pl\/?p=660"},"modified":"2023-01-14T12:24:19","modified_gmt":"2023-01-14T11:24:19","slug":"katecheza-eucharystyczna-rozeslanie","status":"publish","type":"post","link":"https:\/\/parafiaparchowo.pl\/?p=660","title":{"rendered":"KATECHEZA EUCHARYSTYCZNA &#8211; Rozes\u0142anie"},"content":{"rendered":"\n<p>Po czym mo\u017cna pozna\u0107, \u017ce Msz\u0119 \u015bwi\u0119t\u0105 prze\u017cyli\u015bmy dobrze? Najcz\u0119\u015bciej przez \u201edobr\u0105\u201d i \u201eowocn\u0105\u201d<br>Msz\u0119 rozumiemy tak\u0105, na kt\u00f3rej pos\u0142uchali\u015bmy dobrego kazania, z kt\u00f3rego mogli\u015bmy co\u015b wynie\u015b\u0107 dla<br>siebie, b\u0105d\u017a te\u017c mieli\u015bmy do\u015bwiadczenie blisko\u015bci Jezusa, albo poruszy\u0142o nas co\u015b innego np. muzyka lub<br>dekoracja ko\u015bcio\u0142a. Owszem, wszystko to jest wa\u017cne, lecz najwa\u017cniejszym kryterium tego, czy Msza by\u0142a<br>dla nas owocna jest to, jak wygl\u0105da nasze \u017cycie po wyj\u015bciu z ko\u015bcio\u0142a.<br>Dobrze prze\u017cyta Msza \u015bwi\u0119ta to nie taka, na kt\u00f3rej czuli\u015bmy si\u0119 dobrze, tylko taka dzi\u0119ki kt\u00f3rej innym<br>jest dobrze z nami. Owocna Msza \u015bwi\u0119ta to nie taka, w kt\u00f3rej skupiamy si\u0119 na tym, jak bardzo odczuwamy<br>blisko\u015b\u0107 Jezusa, tylko taka, dzi\u0119ki kt\u00f3rej to do\u015bwiadczenie chcemy zanie\u015b\u0107 innym. Dlatego, gdy ko\u0144czy si\u0119<br>Eucharystia, otrzymujemy b\u0142ogos\u0142awie\u0144stwo i pos\u0142anie, by i\u015b\u0107 i z pokojem prze\u017cywa\u0107 wszelkie sytuacje,<br>kt\u00f3re nas spotkaj\u0105, a tak\u017ce, by ten pok\u00f3j zanie\u015b\u0107 innym. Taka jest w\u0142a\u015bnie wymowa rozes\u0142ania: \u201eId\u017acie<br>w pokoju Chrystusa\u201d. Nie jest to komunikat w stylu: \u201eTo ju\u017c koniec, mo\u017cecie sobie i\u015b\u0107\u201d, tylko jest to<br>uroczyste rozes\u0142anie nas na misj\u0119. Tak jak Jezus rozsy\u0142a\u0142 swoich uczni\u00f3w po dw\u00f3ch, tak my jeste\u015bmy<br>pos\u0142ani, aby\u015bmy sami mieli moc do \u017cycia Ewangeli\u0105, a tak\u017ce swoim \u015bwiadectwem g\u0142osili J\u0105 tam, gdzie B\u00f3g<br>nas postawi.<br>Nie mamy si\u0119 czego ba\u0107, poniewa\u017c je\u015bli wychodz\u0105c z ko\u015bcio\u0142a jeste\u015bmy dzi\u0119ki Komunii w stanie \u0142aski<br>u\u015bwi\u0119caj\u0105cej, to znaczy, \u017ce mamy w sobie obecno\u015b\u0107 \u017cywego Boga. Zostali\u015bmy obdarzeni przez Ducha<br>\u015awi\u0119tego \u201eMoc\u0105 z Wysoka\u201d i jeste\u015bmy prowadzeni przez Bo\u017c\u0105 Opatrzno\u015b\u0107. \u201eJe\u015bli B\u00f3g z nami \u2013 kt\u00f3\u017c<br>przeciwko nam\u201d powie \u015bwi\u0119ty Pawe\u0142. Zgodnie z tym, co Jezus obieca\u0142, wystarczy nam Jego \u0142aski, bo moc<br>w s\u0142abo\u015bci si\u0119 doskonali (por. Rz 8, 31, 2 Kor 12, 9).<br>Rozes\u0142anie jest zatem skierowaniem nas do \u015bwiata, z jednoczesnym przypomnieniem<br>i zapewnieniem, \u017ce otrzymali\u015bmy w Eucharystii absolutnie wszystko, co jest nam potrzebne a\u017c do<br>kolejnego spotkania z Bogiem na Mszy \u015bwi\u0119tej. Nie mo\u017cemy teraz tych skarb\u00f3w zostawi\u0107 tylko dla siebie,<br>bo \u015bwiat czeka na Dobr\u0105 Nowin\u0119. Nie skupiamy si\u0119 na swojej niemocy, grzechu i s\u0142abo\u015bci, tylko na sile<br>pochodz\u0105cej z obecno\u015bci Boga po\u015br\u00f3d nas i w nas. Jest to si\u0142a tak wielka, \u017ce papie\u017c Benedykt XVI<br>por\u00f3wnuje j\u0105 do \u201enuklearnego rozszczepienia\u201d, kt\u00f3re swoim zasi\u0119giem obejmuje ca\u0142y \u015bwiat. Komentuj\u0105c t\u0119<br>papiesk\u0105 my\u015bl, jeden z teolog\u00f3w liturgii idzie jeszcze krok dalej i pisze: \u201ePromieniowanie tych<br>sakramentalnych wybuch\u00f3w nie powinno ogranicza\u0107 si\u0119 do \u015bcian prezbiterium. Budynek ko\u015bcio\u0142a jest tak<br>zaprojektowany, \u017ceby od prezbiterium przez naw\u0119 i poza naw\u0119 bieg\u0142a linia prosta; i ta liniowa konstrukcja<br>kieruje si\u0142\u0119 liturgicznego wybuchu na ulic\u0119\u201d.<br>Oznacza to, \u017ce cho\u0107 nie widzimy tego wprost i cz\u0119sto nie czujemy naszymi emocjami, co si\u0119 dzieje podczas<br>Mszy \u015bwi\u0119tej, to jednak spotkanie z Bogiem zmienia nasze serce i uczy nas kocha\u0107 innych do tego stopnia,<br>\u017ce czujemy si\u0119 odpowiedzialni za zbawienie naszych braci i si\u00f3str. Je\u015bli naprawd\u0119 na kim\u015b nam zale\u017cy,<br>b\u0119dziemy kreatywni w dotarciu do takiej osoby.<br>Ewangelizacja to nie tylko samo g\u0142oszenie Ewangelii. Mo\u017cna g\u0142osi\u0107 Ewangeli\u0119 na r\u00f3\u017cne sposoby. Mo\u017cesz<br>by\u0107 po prostu sob\u0105 w rodzinie i w pracy, robi\u0107 swoje, czyli by\u0107 dobrym cz\u0142owiekiem i pracownikiem,<br>kocha\u0107, przebacza\u0107, by\u0107 uprzejmym, a dzi\u0119ki temu dawa\u0107 \u015bwiadectwo. Mo\u017cesz te\u017c \u201eupatrze\u0107\u201d sobie jak\u0105\u015b<br>osob\u0119 na kt\u00f3rej ci zale\u017cy i systematycznie modli\u0107 si\u0119 za ni\u0105, ofiarowywa\u0107 za ni\u0105 swoje cierpienia i trudno\u015bci,<br>aby ta osoba spotka\u0142a na swojej drodze kogo\u015b, kto zaprowadzi j\u0105 do Boga. Mo\u017cesz r\u00f3wnie\u017c sam wej\u015b\u0107 do<br>jakiej\u015b wsp\u00f3lnoty formacyjnej, tam duchowo wzrasta\u0107 i uczy\u0107 si\u0119 jak dzieli\u0107 si\u0119 Ewangeli\u0105 z innymi.<br>Sposob\u00f3w na wype\u0142nienie polecenia \u201eId\u017acie i g\u0142o\u015bcie\u201d jest tyle, ile tylko b\u0119dziemy mieli pomys\u0142\u00f3w i ch\u0119ci<br>pochodz\u0105cych od Ducha \u015awi\u0119tego.<br>Czego si\u0119 boisz w \u015bwiadczeniu o Jezusie? Co jest dla ciebie przeszkod\u0105 nie do pokonania? Poczucie<br>w\u0142asnej grzeszno\u015bci? Brak kompetencji? Mylne wra\u017cenie, \u017ce je\u015bli kogo\u015b napomnisz to przesadzasz lub \u017ce<br>stracisz t\u0119 osob\u0119? To s\u0105 diabelskie pokusy, aby\u015bmy zamkn\u0119li si\u0119 z Ewangeli\u0105 w swoich czterech \u015bcianach<br>i z l\u0119ku przed strat\u0105 Jej nie g\u0142osili. Przyjmij dzi\u015b Ducha \u015awi\u0119tego i ca\u0142\u0105 moc Ewangelii, kt\u00f3r\u0105 otrzymasz<br>w Eucharystii i w ko\u0144cowym b\u0142ogos\u0142awie\u0144stwie. Jeste\u015b pos\u0142any przez samego Boga, kt\u00f3ry stoi za tob\u0105<br>i kt\u00f3remu tak bardzo zale\u017cy na swoich dzieciach. Bez Jego wiedzy i zgody w\u0142os ci z g\u0142owy nie spadnie.<br>Ty tylko daj Mu swoje r\u0119ce i serce gotowe, aby m\u00f3g\u0142 przez ciebie dzia\u0142a\u0107, a zdziwisz si\u0119 jak szybko odkryjesz<br>wtedy \u017cywego Boga.<\/p>\n","protected":false},"excerpt":{"rendered":"<p>Po czym mo\u017cna pozna\u0107, \u017ce Msz\u0119 \u015bwi\u0119t\u0105 prze\u017cyli\u015bmy dobrze? Najcz\u0119\u015bciej przez \u201edobr\u0105\u201d i \u201eowocn\u0105\u201dMsz\u0119 rozumiemy tak\u0105, na kt\u00f3rej pos\u0142uchali\u015bmy dobrego kazania, z kt\u00f3rego mogli\u015bmy &hellip;<\/p>\n","protected":false},"author":1,"featured_media":596,"comment_status":"closed","ping_status":"closed","sticky":false,"template":"","format":"standard","meta":{"footnotes":""},"categories":[4],"tags":[],"class_list":["post-660","post","type-post","status-publish","format-standard","has-post-thumbnail","hentry","category-aktualnosci"],"_links":{"self":[{"href":"https:\/\/parafiaparchowo.pl\/index.php?rest_route=\/wp\/v2\/posts\/660","targetHints":{"allow":["GET"]}}],"collection":[{"href":"https:\/\/parafiaparchowo.pl\/index.php?rest_route=\/wp\/v2\/posts"}],"about":[{"href":"https:\/\/parafiaparchowo.pl\/index.php?rest_route=\/wp\/v2\/types\/post"}],"author":[{"embeddable":true,"href":"https:\/\/parafiaparchowo.pl\/index.php?rest_route=\/wp\/v2\/users\/1"}],"replies":[{"embeddable":true,"href":"https:\/\/parafiaparchowo.pl\/index.php?rest_route=%2Fwp%2Fv2%2Fcomments&post=660"}],"version-history":[{"count":1,"href":"https:\/\/parafiaparchowo.pl\/index.php?rest_route=\/wp\/v2\/posts\/660\/revisions"}],"predecessor-version":[{"id":672,"href":"https:\/\/parafiaparchowo.pl\/index.php?rest_route=\/wp\/v2\/posts\/660\/revisions\/672"}],"wp:featuredmedia":[{"embeddable":true,"href":"https:\/\/parafiaparchowo.pl\/index.php?rest_route=\/wp\/v2\/media\/596"}],"wp:attachment":[{"href":"https:\/\/parafiaparchowo.pl\/index.php?rest_route=%2Fwp%2Fv2%2Fmedia&parent=660"}],"wp:term":[{"taxonomy":"category","embeddable":true,"href":"https:\/\/parafiaparchowo.pl\/index.php?rest_route=%2Fwp%2Fv2%2Fcategories&post=660"},{"taxonomy":"post_tag","embeddable":true,"href":"https:\/\/parafiaparchowo.pl\/index.php?rest_route=%2Fwp%2Fv2%2Ftags&post=660"}],"curies":[{"name":"wp","href":"https:\/\/api.w.org\/{rel}","templated":true}]}}