{"id":659,"date":"2023-07-30T09:00:00","date_gmt":"2023-07-30T07:00:00","guid":{"rendered":"https:\/\/parafiaparchowo.pl\/?p=659"},"modified":"2023-01-14T12:23:52","modified_gmt":"2023-01-14T11:23:52","slug":"katecheza-eucharystyczna-dziekczynienie-i-adoracja","status":"publish","type":"post","link":"https:\/\/parafiaparchowo.pl\/?p=659","title":{"rendered":"KATECHEZA EUCHARYSTYCZNA &#8211; Dzi\u0119kczynienie i adoracja"},"content":{"rendered":"\n<p>Wiele os\u00f3b uczestnicz\u0105cych w Eucharystii nie wie, jak zachowa\u0107 si\u0119 po przyj\u0119ciu Komunii \u015bwi\u0119tej,<br>jak\u0105 postaw\u0119 przyj\u0105\u0107, jakie modlitwy odm\u00f3wi\u0107. Dlatego w dzisiejszej katechezie spr\u00f3bujemy wyja\u015bni\u0107, na<br>czym polega dzi\u0119kczynienie i adoracja Jezusa, kt\u00f3rego przyj\u0119li\u015bmy do naszych serc w Komunii \u015bwi\u0119tej.<br>Po przyj\u0119ciu Cia\u0142a Pa\u0144skiego powinni\u015bmy uda\u0107 si\u0119 na wcze\u015bniej zajmowane miejsce i w pozycji<br>siedz\u0105cej (lub stoj\u0105cej, je\u015bli zabraknie miejsc) uczestniczy\u0107 w \u015bpiewie. Je\u015bli nie wykonuje si\u0119 \u015bpiewu, nale\u017cy<br>zachowa\u0107 \u015bwi\u0119te milczenie. Je\u015bli trwa pie\u015b\u0144, nale\u017cy mo\u017cliwie szybko w\u0142\u0105czy\u0107 si\u0119 w \u015bpiew, poniewa\u017c to<br>w\u0142a\u015bnie on wyra\u017ca wsp\u00f3lne dzi\u0119kczynienie Bogu Ojcu za dar i ofiar\u0119 Jezusa, z kt\u00f3rym mogli\u015bmy zjednoczy\u0107<br>si\u0119 w Komunii \u015bwi\u0119tej. Nast\u0119pnie wszyscy obecni na Eucharystii w\u0142\u0105czaj\u0105 si\u0119 w dzi\u0119kczynn\u0105 modlitw\u0119 po<br>komunii, kt\u00f3rej przewodzi ksi\u0105dz.<br>Dzi\u0119kczynienie po komunii s\u0142u\u017cy przed\u0142u\u017ceniu zjednoczenia z Bogiem, z Ko\u015bcio\u0142em i bli\u017animi w \u017cyciu<br>codziennym. Jest to czas, w kt\u00f3rym w milczeniu, b\u0105d\u017a \u015bpiewaj\u0105c pie\u015bni, rozwa\u017cam w sercu to, co si\u0119<br>dokona\u0142o. Prowadz\u0119 wtedy bardzo osobisty dialog z Tym, kt\u00f3ry \u201eumi\u0142owa\u0142 nas i samego siebie wyda\u0142 za<br>nas\u201d (Ga 2, 20). Nie jest to czas adoracji Jezusa obecnego w tabernakulum, bo tym tabernakulum jestem ja<br>sam. Jest to moment, w kt\u00f3rym odkrywam, \u017ce komunia to nie tylko zamieszkanie Boga we mnie, ale co\u015b<br>niesko\u0144czenie g\u0142\u0119bszego: \u017ce jest to relacja z Bogiem, zjednoczenie Boga ze mn\u0105, wsp\u00f3lne \u017cycie z Bogiem<br>i przemienianie mnie przez Boga.<br>Pi\u0119knie to wyrazi\u0142a siostra Faustyna, gdy w czasie Mszy \u015bwi\u0119tej przyj\u0119\u0142a Komuni\u0119 \u015bwi\u0119t\u0105. Zapisa\u0142a<br>w Dzienniczku s\u0142owa modlitwy, kt\u00f3r\u0105 wtedy wypowiedzia\u0142a. Czytamy tam:<br>\u201eDzi\u0119kuj\u0119 Ci, Jezu, za \u015bwi\u0119t\u0105 Komuni\u0119, W kt\u00f3rej sam siebie dajesz nam.<br>Czuj\u0119, jak Twe Serce w mej piersi bije, Jak \u017cycie Bo\u017ce rozwijasz we mnie sam\u201d. (Dz 1286)<br>Bezpo\u015brednio po przyj\u0119ciu Komunii jest niewiele czasu na indywidualn\u0105 osobist\u0105 modlitw\u0119, poniewa\u017c<br>Eucharystia jest zawsze wsp\u00f3lnotowa. D\u0142ugie odmawianie modlitw w ciszy chwil\u0119 po przyj\u0119ciu Cia\u0142a<br>Pa\u0144skiego, w trakcie gdy pozostali ludzie modl\u0105 si\u0119 \u015bpiewem, nie jest w\u0142a\u015bciw\u0105 postaw\u0105 liturgiczn\u0105. Na<br>komunii trwamy jako Ko\u015bci\u00f3\u0142, a wi\u0119c wsp\u00f3lnota. Dlatego dzi\u0119kczynienie i adoracja Jezusa ma polega\u0107 na<br>wsp\u00f3lnej modlitwie \u015bpiewem lub innej formie modlitwy, ale zawsze wsp\u00f3lnej, \u0142\u0105cz\u0105cej wszystkich wiernych<br>zgromadzonych na Mszy \u015bwi\u0119tej.<br>Na osobist\u0105 modlitw\u0119, kt\u00f3rej celem jest uwielbienie Jezusa obecnego w Naj\u015bwi\u0119tszym Sakramencie, jest<br>czas po zako\u0144czeniu Eucharystii. Zamiast w po\u015bpiechu t\u0142umnie opuszcza\u0107 \u015bwi\u0105tyni\u0119 warto zatrzyma\u0107 si\u0119 na<br>kilka lub kilkana\u015bcie minut i swoimi s\u0142owami, albo korzystaj\u0105c z modlitewnika, podzi\u0119kowa\u0107 Bogu za Jego<br>obecno\u015b\u0107, za mi\u0142o\u015b\u0107, kt\u00f3r\u0105 najpe\u0142niej okaza\u0142 w Komunii \u015bwi\u0119tej. Wszystko po to, by jeszcze raz u\u015bwiadomi\u0107<br>sobie, \u017ce jestem zjednoczony z Chrystusem, r\u00f3wnie\u017c fizycznie. To dzi\u0119kczynienie i adoracja pozwala nam<br>uzmys\u0142owi\u0107 sobie, \u017ce obrz\u0119d komunii \u015bwi\u0119tej nie jest zwyk\u0142ym pobo\u017cnym gestem, ale jest intymnym<br>spotkaniem z \u017cywym Bogiem. O tym spotkaniu siostra Faustyna pisze, \u017ce obecno\u015b\u0107 Boga trwa w nas potem<br>a\u017c do kolejnej Komunii \u015bwi\u0119tej chyba, \u017ce sami wyrzucimy Jezusa z naszego serca przez grzech \u015bmiertelny.<br>\u015awi\u0119ta Faustyna Kowalska zostawi\u0142a nam r\u00f3wnie\u017c w Dzienniczku s\u0142owa Jezusa, kt\u00f3ry pokazuje, na<br>czym ma polega\u0107 dzi\u0119kczynienie. Czytamy tam: \u201eWiedz o tym, c\u00f3rko Moja, kiedy przychodz\u0119 w Komunii \u015aw.<br>do serca ludzkiego, mam r\u0119ce pe\u0142ne \u0142ask wszelkich, pragn\u0119 je odda\u0107 duszy, ale dusze nawet nie zwracaj\u0105<br>uwagi na Mnie pozostawiaj\u0105 Mnie samego, a zajmuj\u0105 si\u0119 czym innym. O jak mi smutno, \u017ce dusze nie<br>pozna\u0142y Mi\u0142o\u015bci. Obchodz\u0105 si\u0119 ze mn\u0105 jak z czym\u015b martwym (\u2026)\u201d (Dz 1385).<br>\u201eAch, jak mnie to boli, \u017ce dusze tak ma\u0142o si\u0119 \u0142\u0105cz\u0105 ze mn\u0105 w Komunii \u015bw. Czekam na dusze, a one s\u0105 dla<br>mnie oboj\u0119tne. Kocham je tak czule i szczerze, a one mi nie dowierzaj\u0105. Chc\u0119 je obsypa\u0107 \u0142askami \u2013 one<br>przyj\u0105\u0107 ich nie chc\u0105. Obchodz\u0105 si\u0119 ze mn\u0105, jak z czym\u015b martwym, a przecie\u017c mam serce pe\u0142ne mi\u0142o\u015bci<br>i mi\u0142osierdzia. \u2013 Aby\u015b pozna\u0142a cho\u0107 troch\u0119 m\u00f3j b\u00f3l, wyobra\u017a sobie najczulsz\u0105 matk\u0119, kt\u00f3ra bardzo kocha<br>swe dzieci, jednak te dzieci gardz\u0105 mi\u0142o\u015bci\u0105 matki; rozwa\u017c jej b\u00f3l, nikt jej nie pocieszy. To s\u0142aby obraz<br>i podobie\u0144stwo mojej mi\u0142o\u015bci\u201d (Dz 1447) .<br>\u015awi\u0119ty Jan Maria Vianney napisa\u0142, \u017ce \u201epo Komunii \u015bwi\u0119tej dusza zanurzona jest w balsamie mi\u0142o\u015bci,<br>tak jak pszczo\u0142a w kwiecie\u201d oraz \u201eszcz\u0119\u015bliwe dusze czyste, kt\u00f3re prze\u017cywaj\u0105 rado\u015b\u0107 zjednoczenia z Panem<br>w Komunii \u015bwi\u0119tej. W niebie b\u0119d\u0105 one b\u0142yszcze\u0107 jak drogocenne diamenty, b\u0119d\u0105 ja\u015bnie\u0107 blaskiem samego<br>Boga\u201d. \u015awi\u0119ty Proboszcz z Ars zapewnia\u0142: \u201eJe\u015bli po Komunii \u015bwi\u0119tej b\u0119dziecie strzegli Pana w waszej duszy,<br>d\u0142ugo b\u0119dziecie odczuwali \u00f3w pal\u0105cy ogie\u0144, kt\u00f3ry sk\u0142ania serce do dobra i wzbudza odraz\u0119 do z\u0142a\u201d.<br>Jezus zaprasza ci\u0119 dzisiaj, by\u015b po sko\u0144czonej Mszy \u015bwi\u0119tej przynajmniej przez chwil\u0119 spotka\u0142 si\u0119 z Nim<br>w swoim sercu podczas cichej modlitwy. Nie \u015bpiesz si\u0119 z wychodzeniem z ko\u015bcio\u0142a. Spotkaj si\u0119 z Jezusem<br>i rozwa\u017caj g\u0142\u0119bi\u0119 tajemnic, w kt\u00f3rych uczestniczysz.<\/p>\n","protected":false},"excerpt":{"rendered":"<p>Wiele os\u00f3b uczestnicz\u0105cych w Eucharystii nie wie, jak zachowa\u0107 si\u0119 po przyj\u0119ciu Komunii \u015bwi\u0119tej,jak\u0105 postaw\u0119 przyj\u0105\u0107, jakie modlitwy odm\u00f3wi\u0107. Dlatego w dzisiejszej katechezie spr\u00f3bujemy &hellip;<\/p>\n","protected":false},"author":1,"featured_media":596,"comment_status":"closed","ping_status":"closed","sticky":false,"template":"","format":"standard","meta":{"footnotes":""},"categories":[4],"tags":[],"class_list":["post-659","post","type-post","status-publish","format-standard","has-post-thumbnail","hentry","category-aktualnosci"],"_links":{"self":[{"href":"https:\/\/parafiaparchowo.pl\/index.php?rest_route=\/wp\/v2\/posts\/659","targetHints":{"allow":["GET"]}}],"collection":[{"href":"https:\/\/parafiaparchowo.pl\/index.php?rest_route=\/wp\/v2\/posts"}],"about":[{"href":"https:\/\/parafiaparchowo.pl\/index.php?rest_route=\/wp\/v2\/types\/post"}],"author":[{"embeddable":true,"href":"https:\/\/parafiaparchowo.pl\/index.php?rest_route=\/wp\/v2\/users\/1"}],"replies":[{"embeddable":true,"href":"https:\/\/parafiaparchowo.pl\/index.php?rest_route=%2Fwp%2Fv2%2Fcomments&post=659"}],"version-history":[{"count":1,"href":"https:\/\/parafiaparchowo.pl\/index.php?rest_route=\/wp\/v2\/posts\/659\/revisions"}],"predecessor-version":[{"id":671,"href":"https:\/\/parafiaparchowo.pl\/index.php?rest_route=\/wp\/v2\/posts\/659\/revisions\/671"}],"wp:featuredmedia":[{"embeddable":true,"href":"https:\/\/parafiaparchowo.pl\/index.php?rest_route=\/wp\/v2\/media\/596"}],"wp:attachment":[{"href":"https:\/\/parafiaparchowo.pl\/index.php?rest_route=%2Fwp%2Fv2%2Fmedia&parent=659"}],"wp:term":[{"taxonomy":"category","embeddable":true,"href":"https:\/\/parafiaparchowo.pl\/index.php?rest_route=%2Fwp%2Fv2%2Fcategories&post=659"},{"taxonomy":"post_tag","embeddable":true,"href":"https:\/\/parafiaparchowo.pl\/index.php?rest_route=%2Fwp%2Fv2%2Ftags&post=659"}],"curies":[{"name":"wp","href":"https:\/\/api.w.org\/{rel}","templated":true}]}}