{"id":658,"date":"2023-07-23T09:00:00","date_gmt":"2023-07-23T07:00:00","guid":{"rendered":"https:\/\/parafiaparchowo.pl\/?p=658"},"modified":"2023-01-14T12:22:56","modified_gmt":"2023-01-14T11:22:56","slug":"katecheza-eucharystyczna-zjednoczony-z-jezusem-dla-innych-mam-stac-sie-jezusem","status":"publish","type":"post","link":"https:\/\/parafiaparchowo.pl\/?p=658","title":{"rendered":"KATECHEZA EUCHARYSTYCZNA &#8211; Zjednoczony z Jezusem, dla innych mam sta\u0107 si\u0119 Jezusem"},"content":{"rendered":"\n<p>Podczas ka\u017cdej Komunii \u015bwi\u0119tej jeste\u015bmy zaproszeni nie tylko do jedno\u015bci z Chrystusem, ale te\u017c do<br>zjednoczenia mi\u0119dzy sob\u0105. Nie tylko ty przyj\u0105\u0142e\u015b Komuni\u0119 \u015bwi\u0119t\u0105. Zrobili to r\u00f3wnie\u017c twoi bracia i siostry,<br>dlatego Eucharysti\u0119 prze\u017cywamy r\u00f3wnie\u017c w wymiarze wsp\u00f3lnotowym. Jedno\u015b\u0107 mi\u0119dzy lud\u017ami<br>zgromadzonymi na Mszy \u015bwi\u0119tej ma pokazywa\u0107, \u017ce jeste\u015bmy wsp\u00f3lnot\u0105, Ko\u015bcio\u0142em, Ludem Bo\u017cym. Si\u0142a tej<br>jedno\u015bci zale\u017cy od nas, od naszego otwarcia si\u0119 nie tylko na Boga, ale tak\u017ce na osoby uczestnicz\u0105ce<br>w Eucharystii i pozosta\u0142ych ludzi, kt\u00f3rych B\u00f3g stawia na naszej drodze.<br>Warunkiem pe\u0142nego uczestnictwa w Mszy \u015bwi\u0119tej jest przede wszystkim przebaczenie i pojednanie<br>si\u0119 ze wszystkimi lud\u017ami oraz wyrzucenie z serca tego, co mo\u017ce nas od nich oddziela\u0107. W Kazaniu na G\u00f3rze<br>Jezus podkre\u015bli\u0142, \u017ce \u201eJe\u015bli przyniesiesz dar sw\u00f3j przed o\u0142tarz i tam wspomnisz, \u017ce brat tw\u00f3j ma co\u015b przeciw<br>tobie, zostaw tam dar sw\u00f3j przez o\u0142tarzem, a najpierw id\u017a i pojednaj si\u0119 z bratem swoim! Potem przyjd\u017a<br>i dar sw\u00f3j ofiaruj!\u201d (Mt 5,23-24).<br>Te s\u0142owa Chrystusa odnosz\u0105 si\u0119 przede wszystkim do naszego uczestnictwa w zgromadzeniu<br>eucharystycznym i pokazuj\u0105, \u017ce je\u015bli jeste\u015b sk\u0142\u00f3cony z drugim cz\u0142owiekiem, masz do kogo\u015b pretensje,<br>nienawidzisz kogo\u015b lub jeszcze komu\u015b nie przebaczy\u0142e\u015b, rozbijasz jedno\u015b\u0107 wsp\u00f3lnoty i nie mo\u017cesz uczciwie<br>powiedzie\u0107, \u017ce przyj\u0105\u0142e\u015b Komuni\u0119 \u015bwi\u0119t\u0105, bo nie jeste\u015b zjednoczony ze swoimi bra\u0107mi.<br>Podobnie jak w \u017cyciu codziennym kto\u015b, kto jest sk\u0142\u00f3cony i wrogo nastawiony nie siada przy<br>wsp\u00f3lnym stole, tak i podczas Eucharystii, je\u015bli nie ma w twoim sercu mi\u0142o\u015bci wobec innych ludzi, nie jeste\u015b<br>gotowy wszystkim przebaczy\u0107, nie jeste\u015b ze wszystkimi pojednany, wtedy przyjmuj\u0105c komuni\u0119 robisz co\u015b,<br>co jest przeciwie\u0144stwem i zak\u0142amaniem s\u0142owa \u201ekomunia\u201d, kt\u00f3re oznacza w\u0142a\u015bnie \u201ezjednoczenie\u201d.<br>Jak wi\u0119c uczy\u0107 si\u0119 przebacza\u0107 i nie dzieli\u0107 Cia\u0142a Chrystusa naszym zagniewaniem wobec tych, kt\u00f3rzy nam<br>zawinili? Ot\u00f3\u017c nie ma lepszej szko\u0142y mi\u0142o\u015bci mi\u0142osiernej ni\u017c mi\u0142o\u015b\u0107 kt\u00f3r\u0105 B\u00f3g kocha ka\u017cdego z nas. On nie<br>tylko \u201epierwszy nas umi\u0142owa\u0142\u201d jak uczy \u015bwi\u0119ty Jan, ale tak\u017ce okaza\u0142 nam swoj\u0105 mi\u0142o\u015b\u0107 przez to, \u017ce \u201eumar\u0142<br>za nas, gdy\u015bmy byli jeszcze grzesznikami\u201d (1 J 4, Rz 5, 8). W\u0142a\u015bnie takiej mi\u0142o\u015bci uczymy si\u0119 ca\u0142e \u017cycie na<br>Eucharystii. Mi\u0142o\u015bci, kt\u00f3ra jest cierpliwa, \u0142askawa, nie p\u0142onie gniewem na wieki, ale wszystko przetrzyma<br>i nigdy nie ustaje. Mi\u0142o\u015bci, kt\u00f3ra chce z\u0142o dobrem zwyci\u0119\u017ca\u0107.<br>Cz\u0142owiek sam z siebie nie jest w stanie tak kocha\u0107, ale jednocz\u0105c si\u0119 z Bogiem mo\u017ce to robi\u0107, bo b\u0119dzie<br>kocha\u0142 innych mi\u0142o\u015bci\u0105 nie swoj\u0105, lecz Bo\u017c\u0105, nadprzyrodzon\u0105. Potrzebna jest do tego jednak nasza decyzja,<br>wyra\u017caj\u0105ca si\u0119 w s\u0142owach \u201ePrzebaczam. Nie chc\u0119 si\u0119 m\u015bci\u0107. Nie \u017cycz\u0119 ci \u017ale. Wyci\u0105gam do ciebie r\u0119k\u0119 na<br>zgod\u0119\u201d.<br>O takiej mi\u0142o\u015bci m\u00f3wi nam \u015bwi\u0119ty Jan i tylko taka mi\u0142o\u015b\u0107 jest prawdziwa: \u201eJe\u015bliby kto\u015b m\u00f3wi\u0142: \u00abMi\u0142uj\u0119<br>Boga\u00bb, a brata swego nienawidzi\u0142, jest k\u0142amc\u0105, albowiem kto nie mi\u0142uje brata swego, kt\u00f3rego widzi, nie<br>mo\u017ce mi\u0142owa\u0107 Boga, kt\u00f3rego nie widzi. Takie za\u015b mamy od Niego przykazanie, aby ten, kto mi\u0142uje Boga,<br>mi\u0142owa\u0142 te\u017c i brata swego.\u201d (1 J 4,20-21)<br>Je\u015bli sam chc\u0119 do\u015bwiadczy\u0107 najg\u0142\u0119bszych owoc\u00f3w Komunii \u015bwi\u0119tej i zjednoczenia z Bogiem, musz\u0119<br>zadba\u0107 o zjednoczenie z lud\u017ami. Je\u015bli nie przebacz\u0119 im grzech\u00f3w i win, Ojciec Niebieski te\u017c mi ich nie<br>przebaczy. T\u0119 prawd\u0119 wyra\u017camy codziennie w modlitwie \u201eOjcze nasz\u201d. Po przyj\u0119ciu Komunii \u015bwi\u0119tej mam<br>zatem dla innych sta\u0107 si\u0119 Jezusem, a inni maj\u0105 we mnie do\u015bwiadczy\u0107 mi\u0142osiernej i przebaczaj\u0105cej mi\u0142o\u015bci<br>Boga. Jednocz\u0105c si\u0119 z Chrystusem mam sta\u0107 si\u0119 narz\u0119dziem, przez kt\u00f3re On b\u0119dzie m\u00f3g\u0142 okazywa\u0107 mi\u0142o\u015b\u0107<br>innym ludziom. Eucharystia nie jest wi\u0119c czasem oderwanym od rzeczywisto\u015bci. Msza \u015bwi\u0119ta nie ko\u0144czy si\u0119<br>w momencie wyj\u015bcia z ko\u015bcio\u0142a. S\u0142u\u017c\u0105c innym sprawiasz, \u017ce ca\u0142e Twoje codzienne \u017cycie staje si\u0119 w pewnym<br>sensie kontynuacj\u0105 Eucharystii.<br>Pomy\u015bl dzisiaj jak wygl\u0105da twoja postawa wobec innych ludzi po przyj\u0119ciu Komunii \u015bwi\u0119tej. Na jak<br>d\u0142ugo zazwyczaj wystarcza ci cierpliwo\u015bci, \u0142agodno\u015bci, przebaczenia i pokory \u2013 tych cech, kt\u00f3re nale\u017c\u0105 do<br>istoty mi\u0142o\u015bci. Popro\u015b Chrystusa ukrytego w Naj\u015bwi\u0119tszym Sakramencie, by da\u0142 ci \u0142ask\u0119 poznania prawdy<br>o sobie. Co mo\u017cesz zmieni\u0107 w swoim zachowaniu, by drugi cz\u0142owiek dostrzeg\u0142 w tobie Chrystusa?<\/p>\n","protected":false},"excerpt":{"rendered":"<p>Podczas ka\u017cdej Komunii \u015bwi\u0119tej jeste\u015bmy zaproszeni nie tylko do jedno\u015bci z Chrystusem, ale te\u017c dozjednoczenia mi\u0119dzy sob\u0105. Nie tylko ty przyj\u0105\u0142e\u015b Komuni\u0119 \u015bwi\u0119t\u0105. Zrobili &hellip;<\/p>\n","protected":false},"author":1,"featured_media":596,"comment_status":"closed","ping_status":"closed","sticky":false,"template":"","format":"standard","meta":{"footnotes":""},"categories":[4],"tags":[],"class_list":["post-658","post","type-post","status-publish","format-standard","has-post-thumbnail","hentry","category-aktualnosci"],"_links":{"self":[{"href":"https:\/\/parafiaparchowo.pl\/index.php?rest_route=\/wp\/v2\/posts\/658","targetHints":{"allow":["GET"]}}],"collection":[{"href":"https:\/\/parafiaparchowo.pl\/index.php?rest_route=\/wp\/v2\/posts"}],"about":[{"href":"https:\/\/parafiaparchowo.pl\/index.php?rest_route=\/wp\/v2\/types\/post"}],"author":[{"embeddable":true,"href":"https:\/\/parafiaparchowo.pl\/index.php?rest_route=\/wp\/v2\/users\/1"}],"replies":[{"embeddable":true,"href":"https:\/\/parafiaparchowo.pl\/index.php?rest_route=%2Fwp%2Fv2%2Fcomments&post=658"}],"version-history":[{"count":1,"href":"https:\/\/parafiaparchowo.pl\/index.php?rest_route=\/wp\/v2\/posts\/658\/revisions"}],"predecessor-version":[{"id":670,"href":"https:\/\/parafiaparchowo.pl\/index.php?rest_route=\/wp\/v2\/posts\/658\/revisions\/670"}],"wp:featuredmedia":[{"embeddable":true,"href":"https:\/\/parafiaparchowo.pl\/index.php?rest_route=\/wp\/v2\/media\/596"}],"wp:attachment":[{"href":"https:\/\/parafiaparchowo.pl\/index.php?rest_route=%2Fwp%2Fv2%2Fmedia&parent=658"}],"wp:term":[{"taxonomy":"category","embeddable":true,"href":"https:\/\/parafiaparchowo.pl\/index.php?rest_route=%2Fwp%2Fv2%2Fcategories&post=658"},{"taxonomy":"post_tag","embeddable":true,"href":"https:\/\/parafiaparchowo.pl\/index.php?rest_route=%2Fwp%2Fv2%2Ftags&post=658"}],"curies":[{"name":"wp","href":"https:\/\/api.w.org\/{rel}","templated":true}]}}