{"id":657,"date":"2023-07-16T09:00:00","date_gmt":"2023-07-16T07:00:00","guid":{"rendered":"https:\/\/parafiaparchowo.pl\/?p=657"},"modified":"2023-01-14T12:22:30","modified_gmt":"2023-01-14T11:22:30","slug":"katecheza-eucharystyczna-zjednoczenie-z-bracmi","status":"publish","type":"post","link":"https:\/\/parafiaparchowo.pl\/?p=657","title":{"rendered":"KATECHEZA EUCHARYSTYCZNA &#8211; Zjednoczenie z bra\u0107mi"},"content":{"rendered":"\n<p>Eucharystia nie tylko przemienia nas w Tego, kogo przyjmujemy. Eucharystia staje si\u0119 r\u00f3wnie\u017c<br>sakramentem jedno\u015bci i braterstwa, tworz\u0105c z nas wszystkich Ko\u015bci\u00f3\u0142 \u2013 mistyczne Cia\u0142o Chrystusa. Dlatego<br>chcemy dzi\u015b przyjrze\u0107 si\u0119 temu, jakie s\u0105 skutki przyjmowania Eucharystii w wymiarze wsp\u00f3lnotowym, gdy<br>prze\u017cywamy j\u0105 w duchowej wsp\u00f3lnocie z innymi uczniami Pana, zgromadzonymi w Ko\u015bciele.<br>W Pierwszym Li\u015bcie do Koryntian czytamy: \u201eChleb, kt\u00f3ry \u0142amiemy, czy\u017c nie jest udzia\u0142em w Ciele<br>Chrystusa? Poniewa\u017c jeden jest chleb, przeto my, liczni, tworzymy jedno Cia\u0142o. Wszyscy bowiem bierzemy<br>z tego samego chleba\u201d (1 Kor, 10,16-17).<br>\u015aw. Jan Chryzostom w jednym ze swoich komentarzy do powy\u017cszego fragmentu Pisma \u015bw. rozwin\u0105\u0142 my\u015bl<br>\u015bw. Paw\u0142a, przypominaj\u0105c: \u201eCzym w rzeczywisto\u015bci jest chleb? Jest Cia\u0142em Chrystusa. Kim staj\u0105 si\u0119 ci, kt\u00f3rzy<br>go przyjmuj\u0105? Cia\u0142em Chrystusa; ale nie wieloma cia\u0142ami, lecz jednym cia\u0142em. Faktycznie, jak chleb jest<br>jedno\u015bci\u0105, cho\u0107 sk\u0142ada si\u0119 na\u0144 wiele ziaren, kt\u00f3re cho\u0107 si\u0119 nie znaj\u0105, w nim si\u0119 znajduj\u0105, tak \u017ce ich<br>r\u00f3\u017cnorodno\u015b\u0107 zanika w ich doskona\u0142ym zjednoczeniu \u2014 w ten sam spos\u00f3b r\u00f3wnie\u017c my jeste\u015bmy wzajemnie<br>ze sob\u0105 zjednoczeni, a wszyscy razem z Chrystusem\u201d.<br>Poprzez Eucharysti\u0119, a zw\u0142aszcza poprzez przyj\u0119cie Jezusa w Komunii \u015bwi\u0119tej, stajemy si\u0119 jedno\u015bci\u0105 ze<br>wszystkimi, kt\u00f3rzy to Cia\u0142o przyjmuj\u0105. Ta jedno\u015b\u0107 jest przygotowywana w nas najpierw przez obrz\u0119dy<br>wst\u0119pne liturgii, poprzez Liturgi\u0119 S\u0142owa, nast\u0119pnie przez Liturgi\u0119 Eucharystyczn\u0105, kiedy sk\u0142adamy dary na<br>rzecz wsp\u00f3lnoty, aby wyrazi\u0107 nasz\u0105 gotowo\u015b\u0107 s\u0142u\u017cenia innym i dawania innym czego\u015b jako nasz\u0105 ofiar\u0119.<br>Prowadzi to do tego, by w Komunii \u015bwi\u0119tej prze\u017cy\u0107 nie tylko zjednoczenie z Bogiem, ale r\u00f3wnie\u017c i z naszymi<br>bra\u0107mi oraz do\u015bwiadczy\u0107, \u017ce jeste\u015bmy wsp\u00f3lnot\u0105.<br>Najg\u0142\u0119bszym wyrazem jedno\u015bci jest wsp\u00f3lna Uczta Eucharystyczna: spo\u017cywamy ten sam chleb, gromadz\u0105c<br>si\u0119 wok\u00f3\u0142 tego samego o\u0142tarza. Zasiadanie do wsp\u00f3lnego sto\u0142u i wsp\u00f3lne spo\u017cywanie posi\u0142ku od zawsze<br>by\u0142o znakiem jedno\u015bci, pokoju, mi\u0142o\u015bci. Tymczasem w naszych parafialnych wsp\u00f3lnotach cz\u0119sto zdarza si\u0119,<br>\u017ce spo\u015br\u00f3d kilkuset os\u00f3b zgromadzonych na Mszy \u015bw., tylko garstka przyst\u0119puje do Komunii \u015bwi\u0119tej,<br>natomiast wi\u0119kszo\u015b\u0107 wy\u0142\u0105cza si\u0119 z jedno\u015bci. Spr\u00f3bujmy sobie wyobrazi\u0107 tak\u0105 sytuacj\u0119 podczas jakiej\u015b innej<br>uroczysto\u015bci, gdy przy suto zastawionym stole zasiada jedynie niewielka grupa os\u00f3b, a pozostali, czuj\u0105c<br>wi\u0119kszy lub mniejszy g\u0142\u00f3d, w tym samym czasie podpieraj\u0105 \u015bciany i chowaj\u0105 si\u0119 po k\u0105tach.<br>Wsp\u00f3lnot\u0119 podczas liturgii buduje r\u00f3wnie\u017c wsp\u00f3lna modlitwa, st\u0105d bardzo wa\u017cne dla jedno\u015bci os\u00f3b<br>zgromadzonych na Eucharystii jest g\u0142o\u015bne odmawianie modlitw i wsp\u00f3lny \u015bpiew. Jednym z moment\u00f3w,<br>w kt\u00f3rym jest to cz\u0119sto zaniedbywane, jest \u015bpiew w trakcie udzielania komunii \u015bwi\u0119tej. Wiele os\u00f3b czas po<br>przyj\u0119ciu Cia\u0142a Chrystusa po\u015bwi\u0119ca na przed\u0142u\u017con\u0105 modlitw\u0119 osobist\u0105 co powoduje, \u017ce nie w\u0142\u0105czaj\u0105 si\u0119 we<br>wsp\u00f3ln\u0105 modlitw\u0119. Warto po raz kolejny przypomnie\u0107, \u017ce czas po Komunii \u015bwi\u0119tej nie jest czasem d\u0142ugiej<br>modlitwy osobistej, ale wsp\u00f3lnego dzi\u0119kczynienia i uwielbienia. Na indywidualne spotkanie z Jezusem,<br>kt\u00f3rego przyj\u0119li\u015bmy w Naj\u015bwi\u0119tszym Sakramencie, mo\u017cemy przeznaczy\u0107 czas po zako\u0144czonej Mszy \u015bwi\u0119tej,<br>pozosta\u0107 w ko\u015bciele.<br>Tym, kt\u00f3ry \u0142\u0105czy ludzi o r\u00f3\u017cnych pogl\u0105dach, temperamentach i darach podczas Mszy \u015bwi\u0119tej jest B\u00f3g.<br>W mocy Ducha \u015awi\u0119tego tworzy z nas jedn\u0105 wsp\u00f3lnot\u0119, jedno cia\u0142o, jeden Ko\u015bci\u00f3\u0142. \u0141\u0105czy w jedno to, co po<br>ludzku jest niemo\u017cliwe do po\u0142\u0105czenia Robi to jednak nie bez naszego udzia\u0142u. Dlatego zastan\u00f3w si\u0119, w jaki<br>spos\u00f3b ty mo\u017cesz dzisiaj t\u0119 jedno\u015b\u0107 pog\u0142\u0119bi\u0107 i co mo\u017cesz zrobi\u0107, by jedno\u015bci nie rozrywa\u0107. Pomy\u015bl<br>szczeg\u00f3lnie o s\u0142owach, kt\u00f3re wypowiadasz o innych, o swoim ocenianiu innych os\u00f3b, o plotkach przez<br>kt\u00f3re niszczymy jedno\u015b\u0107 mi\u0119dzy nami i dobre imi\u0119 naszych braci.<br>Popro\u015b, by Jezus da\u0142 ci \u0142ask\u0119 kochania ludzi, kt\u00f3rzy s\u0105 trudni, a dzi\u0119ki kt\u00f3rym mo\u017cesz nauczy\u0107 si\u0119<br>prawdziwie kocha\u0107. Niech Komunia \u015bwi\u0119ta nie stanie si\u0119 dla ciebie miejscem egoistycznego spotkania<br>z Bogiem, lecz niech zjednoczenie z Nim, otworzy ci\u0119 na innych ludzi, aby\u015b m\u00f3g\u0142 sta\u0107 si\u0119 dla innych darem,<br>czyli \u201ekana\u0142em\u201d mi\u0142o\u015bci Bo\u017cej, a nie tylko zadaniem, czyli trudn\u0105 osob\u0105 do pokochania.<\/p>\n","protected":false},"excerpt":{"rendered":"<p>Eucharystia nie tylko przemienia nas w Tego, kogo przyjmujemy. Eucharystia staje si\u0119 r\u00f3wnie\u017csakramentem jedno\u015bci i braterstwa, tworz\u0105c z nas wszystkich Ko\u015bci\u00f3\u0142 \u2013 mistyczne Cia\u0142o &hellip;<\/p>\n","protected":false},"author":1,"featured_media":596,"comment_status":"closed","ping_status":"closed","sticky":false,"template":"","format":"standard","meta":{"footnotes":""},"categories":[4],"tags":[],"class_list":["post-657","post","type-post","status-publish","format-standard","has-post-thumbnail","hentry","category-aktualnosci"],"_links":{"self":[{"href":"https:\/\/parafiaparchowo.pl\/index.php?rest_route=\/wp\/v2\/posts\/657","targetHints":{"allow":["GET"]}}],"collection":[{"href":"https:\/\/parafiaparchowo.pl\/index.php?rest_route=\/wp\/v2\/posts"}],"about":[{"href":"https:\/\/parafiaparchowo.pl\/index.php?rest_route=\/wp\/v2\/types\/post"}],"author":[{"embeddable":true,"href":"https:\/\/parafiaparchowo.pl\/index.php?rest_route=\/wp\/v2\/users\/1"}],"replies":[{"embeddable":true,"href":"https:\/\/parafiaparchowo.pl\/index.php?rest_route=%2Fwp%2Fv2%2Fcomments&post=657"}],"version-history":[{"count":1,"href":"https:\/\/parafiaparchowo.pl\/index.php?rest_route=\/wp\/v2\/posts\/657\/revisions"}],"predecessor-version":[{"id":669,"href":"https:\/\/parafiaparchowo.pl\/index.php?rest_route=\/wp\/v2\/posts\/657\/revisions\/669"}],"wp:featuredmedia":[{"embeddable":true,"href":"https:\/\/parafiaparchowo.pl\/index.php?rest_route=\/wp\/v2\/media\/596"}],"wp:attachment":[{"href":"https:\/\/parafiaparchowo.pl\/index.php?rest_route=%2Fwp%2Fv2%2Fmedia&parent=657"}],"wp:term":[{"taxonomy":"category","embeddable":true,"href":"https:\/\/parafiaparchowo.pl\/index.php?rest_route=%2Fwp%2Fv2%2Fcategories&post=657"},{"taxonomy":"post_tag","embeddable":true,"href":"https:\/\/parafiaparchowo.pl\/index.php?rest_route=%2Fwp%2Fv2%2Ftags&post=657"}],"curies":[{"name":"wp","href":"https:\/\/api.w.org\/{rel}","templated":true}]}}