{"id":509,"date":"2022-09-11T07:30:00","date_gmt":"2022-09-11T05:30:00","guid":{"rendered":"https:\/\/parafiaparchowo.pl\/?p=509"},"modified":"2022-09-11T16:55:02","modified_gmt":"2022-09-11T14:55:02","slug":"xxiv-niedziela-zwykla-11-09-2022r","status":"publish","type":"post","link":"https:\/\/parafiaparchowo.pl\/?p=509","title":{"rendered":"XXIV Niedziela Zwyk\u0142a \u2013 11.09.2022r."},"content":{"rendered":"\n<ol class=\"wp-block-list\"><li>B\u00f3g zap\u0142a\u0107 za ofiary z\u0142o\u017cone na inwestycje w naszej parafii.&nbsp;<\/li><\/ol>\n\n\n\n<ol class=\"wp-block-list\" start=\"2\"><li>W tym tygodniu w liturgii Ko\u015bcio\u0142a obchodzimy:\u00a0<br>&#8211; w poniedzia\u0142ek 12.09. \u2013 Naj\u015bwi\u0119tszego Imienia Maryi,<br>&#8211; we wtorek 13.09. \u2013 \u015bw. Jana Chryzostoma,<br>&#8211; w \u015brod\u0119 14.09. \u2013 \u015awi\u0119to Podwy\u017cszenia Krzy\u017ca \u015awi\u0119tego,<br>&#8211; w czwartek 15.09. \u2013 NMP\u00a0 Bolesnej,<br>&#8211; w pi\u0105tek 16.09 \u2013 \u015bwi\u0119tych Korneliusza i Cypriana.<\/li><\/ol>\n\n\n\n<ol class=\"wp-block-list\" start=\"3\"><li>Dzi\u015b rozpoczyna si\u0119 XII Tydzie\u0144 wychowania w Polsce oraz kwartalne dni modlitw za dzieci, m\u0142odzie\u017c oraz wychowawc\u00f3w.<\/li><\/ol>\n\n\n\n<ol class=\"wp-block-list\" start=\"4\"><li>Zapraszam na Adoracj\u0119 Naj\u015bwi\u0119tszego Sakramentu w czwartek od godz. 16:00 oraz w \u015brod\u0119 od godz. 18:30 do 20:00.&nbsp;<\/li><\/ol>\n\n\n\n<ol class=\"wp-block-list\" start=\"5\"><li>Osoby, kt\u00f3re planuj\u0105 zawrze\u0107 ma\u0142\u017ce\u0144stwo sakramentalne w roku przysz\u0142ym, proszone s\u0105, aby do ko\u0144ca wrze\u015bnia zg\u0142osi\u0142y si\u0119 do biura parafialnego w celu om\u00f3wienia przygotowania do \u015blubu. Zach\u0119camy narzeczonych, \u017ceby uczestniczyli w jesiennych terminach Weekend\u00f3w dla narzeczonych oraz Spotka\u0144 dla narzeczonych, r\u00f3wnie\u017c je\u017celi \u015blub jest zaplanowany na lato. Terminy i zapisy na stronie <a href=\"http:\/\/www.dobry-poczatek.pl\"><strong>www.dobry-poczatek.pl<\/strong><\/a><strong>.<\/strong><\/li><\/ol>\n\n\n\n<ol class=\"wp-block-list\" start=\"6\"><li>W dniach 14 i 15 pa\u017adziernika organizujemy pielgrzymk\u0119 do Gietrzwa\u0142du miejsca objawie\u0144 Matki Bo\u017cej, \u015bw. Lipki, Stoczka Klasztornego oraz Kalwarii Wejherowskiej. Koszt 280 z\u0142. Zapisy<br>u ks. Proboszcza. Przedp\u0142ata 100 z\u0142.&nbsp;<\/li><\/ol>\n\n\n\n<ol class=\"wp-block-list\" start=\"7\"><li>APEL &nbsp; BISKUPA &nbsp; PELPLI\u0143SKIEGO&nbsp; O &nbsp; MODLITW\u0118 &nbsp; ZA &nbsp; UKRAIN\u0118<\/li><\/ol>\n\n\n\n<p>Siostry i Bracia, Drodzy Kap\u0142ani,<\/p>\n\n\n\n<p><br>Od 24 lutego tego roku, kiedy Rosja ponownie zaatakowa\u0142a Ukrain\u0119, staramy si\u0119 pomaga\u0107 naszym braciom i siostrom zza wschodniej granicy, przyjmuj\u0105c obywateli Ukrainy pod sw\u00f3j dach, ale tak\u017ce wspieraj\u0105c ich nasz\u0105 modlitw\u0105. Momentem przejmuj\u0105cym, kt\u00f3ry wszyscy pami\u0119tamy, by\u0142o po\u015bwi\u0119cenie 25 marca Ukrainy i Rosji Niepokalanemu Sercu Maryi.<\/p>\n\n\n\n<p>Dzisiaj ponownie prosz\u0119 o wsparcie duchowe dla naszych s\u0105siad\u00f3w, walcz\u0105cych o wolno\u015b\u0107 i niepodleg\u0142o\u015b\u0107, gdy\u017c 14 wrze\u015bnia tego roku b\u0119dziemy obchodzili jako dzie\u0144 modlitw za Ukrain\u0119. Ksi\u0119\u017ca proboszczowie poinformuj\u0105 Was o konkretnej formie tej modlitwy.<\/p>\n\n\n\n<p>Zgromad\u017amy si\u0119 na Mszy \u015awi\u0119tej, adoracji Naj\u015bwi\u0119tszego Sakramentu lub innym nabo\u017ce\u0144stwie, aby prosi\u0107 Jezusa Pana i Jego Matk\u0119 o zwyci\u0119stwo Dobra, a jednocze\u015bnie okaza\u0107 solidarno\u015b\u0107 z cierpi\u0105cymi ofiarami rosyjskiej agresji.<\/p>\n\n\n\n<p>Siostry i bracia, powiedzcie o tej inicjatywie obywatelom Ukrainy, kt\u00f3rzy mieszkaj\u0105 obok Was. Razem przyjd\u017acie do ko\u015bcio\u0142a na modlitw\u0119. Niech b\u0119dzie to do\u015bwiadczenie wsp\u00f3lnoty i blisko\u015bci Boga, kt\u00f3re \u2013 jak wierzymy&nbsp; \u2013 zmienia \u015bwiat na lepsze, ku czemu b\u0142ogos\u0142awi\u0119.<\/p>\n\n\n\n<p>+Ryszard Kasyna<\/p>\n\n\n\n<p>Biskup Pelpli\u0144ski<\/p>\n\n\n\n<p><strong>W naszej parafii b\u0119dziemy modli\u0107 si\u0119 o pok\u00f3j na Ukrainie w czasie adoracji Naj\u015bwi\u0119tszego Sakramentu w \u015brod\u0119 od godz. 18:30.<\/strong><\/p>\n\n\n\n<figure class=\"wp-block-image size-large\"><img loading=\"lazy\" decoding=\"async\" width=\"723\" height=\"1024\" src=\"https:\/\/parafiaparchowo.pl\/wp-content\/uploads\/2022\/09\/Intencje-mszalne11.09.2022r-723x1024.jpg\" alt=\"\" class=\"wp-image-510\" srcset=\"https:\/\/parafiaparchowo.pl\/wp-content\/uploads\/2022\/09\/Intencje-mszalne11.09.2022r-723x1024.jpg 723w, https:\/\/parafiaparchowo.pl\/wp-content\/uploads\/2022\/09\/Intencje-mszalne11.09.2022r-212x300.jpg 212w, https:\/\/parafiaparchowo.pl\/wp-content\/uploads\/2022\/09\/Intencje-mszalne11.09.2022r-768x1088.jpg 768w, https:\/\/parafiaparchowo.pl\/wp-content\/uploads\/2022\/09\/Intencje-mszalne11.09.2022r-1084x1536.jpg 1084w, https:\/\/parafiaparchowo.pl\/wp-content\/uploads\/2022\/09\/Intencje-mszalne11.09.2022r-1445x2048.jpg 1445w, https:\/\/parafiaparchowo.pl\/wp-content\/uploads\/2022\/09\/Intencje-mszalne11.09.2022r.jpg 1653w\" sizes=\"auto, (max-width: 723px) 100vw, 723px\" \/><\/figure>\n","protected":false},"excerpt":{"rendered":"<p>B\u00f3g zap\u0142a\u0107 za ofiary z\u0142o\u017cone na inwestycje w naszej parafii.&nbsp; W tym tygodniu w liturgii Ko\u015bcio\u0142a obchodzimy:\u00a0&#8211; w poniedzia\u0142ek 12.09. \u2013 Naj\u015bwi\u0119tszego Imienia Maryi,&#8211; &hellip;<\/p>\n","protected":false},"author":1,"featured_media":253,"comment_status":"closed","ping_status":"closed","sticky":false,"template":"","format":"standard","meta":{"footnotes":""},"categories":[5],"tags":[],"class_list":["post-509","post","type-post","status-publish","format-standard","has-post-thumbnail","hentry","category-ogloszenia"],"_links":{"self":[{"href":"https:\/\/parafiaparchowo.pl\/index.php?rest_route=\/wp\/v2\/posts\/509","targetHints":{"allow":["GET"]}}],"collection":[{"href":"https:\/\/parafiaparchowo.pl\/index.php?rest_route=\/wp\/v2\/posts"}],"about":[{"href":"https:\/\/parafiaparchowo.pl\/index.php?rest_route=\/wp\/v2\/types\/post"}],"author":[{"embeddable":true,"href":"https:\/\/parafiaparchowo.pl\/index.php?rest_route=\/wp\/v2\/users\/1"}],"replies":[{"embeddable":true,"href":"https:\/\/parafiaparchowo.pl\/index.php?rest_route=%2Fwp%2Fv2%2Fcomments&post=509"}],"version-history":[{"count":1,"href":"https:\/\/parafiaparchowo.pl\/index.php?rest_route=\/wp\/v2\/posts\/509\/revisions"}],"predecessor-version":[{"id":511,"href":"https:\/\/parafiaparchowo.pl\/index.php?rest_route=\/wp\/v2\/posts\/509\/revisions\/511"}],"wp:featuredmedia":[{"embeddable":true,"href":"https:\/\/parafiaparchowo.pl\/index.php?rest_route=\/wp\/v2\/media\/253"}],"wp:attachment":[{"href":"https:\/\/parafiaparchowo.pl\/index.php?rest_route=%2Fwp%2Fv2%2Fmedia&parent=509"}],"wp:term":[{"taxonomy":"category","embeddable":true,"href":"https:\/\/parafiaparchowo.pl\/index.php?rest_route=%2Fwp%2Fv2%2Fcategories&post=509"},{"taxonomy":"post_tag","embeddable":true,"href":"https:\/\/parafiaparchowo.pl\/index.php?rest_route=%2Fwp%2Fv2%2Ftags&post=509"}],"curies":[{"name":"wp","href":"https:\/\/api.w.org\/{rel}","templated":true}]}}