{"id":506,"date":"2022-09-04T07:30:00","date_gmt":"2022-09-04T05:30:00","guid":{"rendered":"https:\/\/parafiaparchowo.pl\/?p=506"},"modified":"2022-09-04T00:40:36","modified_gmt":"2022-09-03T22:40:36","slug":"xxiii-niedziela-zwykla-4-09-2022","status":"publish","type":"post","link":"https:\/\/parafiaparchowo.pl\/?p=506","title":{"rendered":"XXIII Niedziela Zwyk\u0142a \u2013 4.09.2022"},"content":{"rendered":"\n<ol class=\"wp-block-list\"><li>Za tydzie\u0144 w sobot\u0119 10 wrze\u015bnia w naszej parafii b\u0119dziemy obchodzili do\u017cynki czyli dzie\u0144 wdzi\u0119czno\u015bci wobec Boga za zebrane plony. Msza \u015bw. do\u017cynkowa w Go\u0142czewie, o godz. 13:00.&nbsp;<\/li><\/ol>\n\n\n\n<ol class=\"wp-block-list\" start=\"2\"><li>Za tydzie\u0144 kolekta inwestycyjna.<\/li><\/ol>\n\n\n\n<ol class=\"wp-block-list\" start=\"3\"><li>W tym tygodniu w liturgii Ko\u015bcio\u0142a obchodzimy:\u00a0<br>&#8211; w czwartek 8.09. \u2013 \u015awi\u0119to Narodzenia NMP<br>&#8211; w pi\u0105tek 9.09 \u2013 \u015bw. Piotra Klawera\u00a0<\/li><\/ol>\n\n\n\n<ol class=\"wp-block-list\" start=\"4\"><li>Kustosz Sanktuarium Matki Bo\u017cej Kr\u00f3lowej Kaszub w Sianowie zaprasza na odpust ku czci Narodzenia NMP, kt\u00f3ry odb\u0119dzie si\u0119 w dniach 10 i 11 wrze\u015bnia w Sianowie. Suma odpustowa w niedziel\u0119, o godz. 11:30.<\/li><\/ol>\n\n\n\n<ol class=\"wp-block-list\" start=\"5\"><li>8 wrze\u015bnia obchodzimy \u015awi\u0119to Narodzenia NMP. W tym dniu msze \u015bw. w naszym ko\u015bciele<br>o godz. 8:00 i 17:00 i 18:00. W czasie mszy po\u015bwi\u0119cimy ziarno na zasiew.&nbsp;<\/li><\/ol>\n\n\n\n<ol class=\"wp-block-list\" start=\"6\"><li>W czwartek 8 wrze\u015bnia po mszy \u015bw. zapraszam na spotkanie Rady Parafialnej na plebanii.&nbsp;<\/li><\/ol>\n\n\n\n<ol class=\"wp-block-list\" start=\"7\"><li>Jest nowy \u201ePielgrzym\u201d.<br><\/li><li>Osoby, kt\u00f3re planuj\u0105 zawrze\u0107 ma\u0142\u017ce\u0144stwo sakramentalne w roku przysz\u0142ym, proszone s\u0105, aby do ko\u0144ca wrze\u015bnia zg\u0142osi\u0142y si\u0119 do biura parafialnego w celu om\u00f3wienia przygotowania do \u015blubu. Zach\u0119camy narzeczonych, \u017ceby uczestniczyli w jesiennych terminach Weekend\u00f3w dla narzeczonych oraz Spotka\u0144 dla narzeczonych, r\u00f3wnie\u017c je\u017celi \u015blub jest zaplanowany na lato. Terminy i zapisy na stronie <strong>www.dobry-poczatek.pl.<\/strong><\/li><\/ol>\n\n\n\n<figure class=\"wp-block-image size-large\"><img loading=\"lazy\" decoding=\"async\" width=\"723\" height=\"1024\" src=\"https:\/\/parafiaparchowo.pl\/wp-content\/uploads\/2022\/09\/Intencje-mszalne-04.09.2022r-723x1024.jpg\" alt=\"\" class=\"wp-image-507\" srcset=\"https:\/\/parafiaparchowo.pl\/wp-content\/uploads\/2022\/09\/Intencje-mszalne-04.09.2022r-723x1024.jpg 723w, https:\/\/parafiaparchowo.pl\/wp-content\/uploads\/2022\/09\/Intencje-mszalne-04.09.2022r-212x300.jpg 212w, https:\/\/parafiaparchowo.pl\/wp-content\/uploads\/2022\/09\/Intencje-mszalne-04.09.2022r-768x1088.jpg 768w, https:\/\/parafiaparchowo.pl\/wp-content\/uploads\/2022\/09\/Intencje-mszalne-04.09.2022r-1084x1536.jpg 1084w, https:\/\/parafiaparchowo.pl\/wp-content\/uploads\/2022\/09\/Intencje-mszalne-04.09.2022r-1446x2048.jpg 1446w, https:\/\/parafiaparchowo.pl\/wp-content\/uploads\/2022\/09\/Intencje-mszalne-04.09.2022r-scaled.jpg 1807w\" sizes=\"auto, (max-width: 723px) 100vw, 723px\" \/><\/figure>\n","protected":false},"excerpt":{"rendered":"<p>Za tydzie\u0144 w sobot\u0119 10 wrze\u015bnia w naszej parafii b\u0119dziemy obchodzili do\u017cynki czyli dzie\u0144 wdzi\u0119czno\u015bci wobec Boga za zebrane plony. Msza \u015bw. do\u017cynkowa w &hellip;<\/p>\n","protected":false},"author":1,"featured_media":253,"comment_status":"closed","ping_status":"closed","sticky":false,"template":"","format":"standard","meta":{"footnotes":""},"categories":[5],"tags":[],"class_list":["post-506","post","type-post","status-publish","format-standard","has-post-thumbnail","hentry","category-ogloszenia"],"_links":{"self":[{"href":"https:\/\/parafiaparchowo.pl\/index.php?rest_route=\/wp\/v2\/posts\/506","targetHints":{"allow":["GET"]}}],"collection":[{"href":"https:\/\/parafiaparchowo.pl\/index.php?rest_route=\/wp\/v2\/posts"}],"about":[{"href":"https:\/\/parafiaparchowo.pl\/index.php?rest_route=\/wp\/v2\/types\/post"}],"author":[{"embeddable":true,"href":"https:\/\/parafiaparchowo.pl\/index.php?rest_route=\/wp\/v2\/users\/1"}],"replies":[{"embeddable":true,"href":"https:\/\/parafiaparchowo.pl\/index.php?rest_route=%2Fwp%2Fv2%2Fcomments&post=506"}],"version-history":[{"count":1,"href":"https:\/\/parafiaparchowo.pl\/index.php?rest_route=\/wp\/v2\/posts\/506\/revisions"}],"predecessor-version":[{"id":508,"href":"https:\/\/parafiaparchowo.pl\/index.php?rest_route=\/wp\/v2\/posts\/506\/revisions\/508"}],"wp:featuredmedia":[{"embeddable":true,"href":"https:\/\/parafiaparchowo.pl\/index.php?rest_route=\/wp\/v2\/media\/253"}],"wp:attachment":[{"href":"https:\/\/parafiaparchowo.pl\/index.php?rest_route=%2Fwp%2Fv2%2Fmedia&parent=506"}],"wp:term":[{"taxonomy":"category","embeddable":true,"href":"https:\/\/parafiaparchowo.pl\/index.php?rest_route=%2Fwp%2Fv2%2Fcategories&post=506"},{"taxonomy":"post_tag","embeddable":true,"href":"https:\/\/parafiaparchowo.pl\/index.php?rest_route=%2Fwp%2Fv2%2Ftags&post=506"}],"curies":[{"name":"wp","href":"https:\/\/api.w.org\/{rel}","templated":true}]}}