{"id":502,"date":"2022-08-28T07:30:00","date_gmt":"2022-08-28T05:30:00","guid":{"rendered":"https:\/\/parafiaparchowo.pl\/?p=502"},"modified":"2022-08-28T14:08:12","modified_gmt":"2022-08-28T12:08:12","slug":"xxii-niedziela-zwykla-28-08-2022r","status":"publish","type":"post","link":"https:\/\/parafiaparchowo.pl\/?p=502","title":{"rendered":"XXII Niedziela\u00a0 Zwyk\u0142a \u00a0 \u2013 28.08.2022r."},"content":{"rendered":"\n<p><\/p>\n\n\n\n<ol class=\"wp-block-list\"><li>W czwartek rozpoczyna si\u0119 nowy rok szkolny, zapraszam dzieci i m\u0142odzie\u017c oraz rodzic\u00f3w i nauczycieli na msz\u0119 \u015bw. o godz. 8:00. Zach\u0119cam do skorzystania<br>z sakramentu pokuty i pojednania. Mo\u017cliwo\u015b\u0107 spowiedzi jest p\u00f3\u0142godziny przed ka\u017cd\u0105 msz\u0105 \u015bw., a tak\u017ce w czasie adoracji w \u015brod\u0119 od. godz. 18:30 do 20:00, w czwartek od 17:00 i w pi\u0105tek od 16:00.<\/li><\/ol>\n\n\n\n<ol class=\"wp-block-list\" start=\"2\"><li>Za tydzie\u0144 w niedziel\u0119 na msz\u0119 \u015bw. o godz. 11:30 zapraszam dzieci klas pierwszych, odb\u0119dzie si\u0119 po\u015bwi\u0119cenie nowych przybor\u00f3w szkolnych i plecak\u00f3w.&nbsp;<\/li><\/ol>\n\n\n\n<ol class=\"wp-block-list\" start=\"3\"><li><strong>W tym tygodniu w liturgii Ko\u015bcio\u0142a obchodzimy:<\/strong>\u00a0<br>&#8211; w poniedzia\u0142ek 29.08. \u2013 M\u0119cze\u0144stwo \u015bw. Jana Chrzciciela\u00a0<br>&#8211; w sobot\u0119 3.08 \u2013 \u015bw. Grzegorza Wielkiego,\u00a0 papie\u017ca\u00a0<\/li><\/ol>\n\n\n\n<ol class=\"wp-block-list\" start=\"4\"><li>W \u015brod\u0119 Adoracja Naj\u015bwi\u0119tszego Sakramentu od godz. 18:30 do 20:00. Niech to b\u0119dzie dla nas czas na wieczorn\u0105 modlitw\u0119, wyciszenie si\u0119, pog\u0142\u0119bienie swojej relacji<br>z Jezusem Chrystusem. W tym czasie b\u0119dzie r\u00f3wnie\u017c mo\u017cliwo\u015b\u0107 spowiedzi.&nbsp;<\/li><\/ol>\n\n\n\n<ol class=\"wp-block-list\" start=\"5\"><li>W czwartek od godz. 17:00.&nbsp; Adoracja Naj\u015bwi\u0119tszego Sakramentu w intencji powo\u0142a\u0144.&nbsp;<\/li><\/ol>\n\n\n\n<ol class=\"wp-block-list\" start=\"6\"><li>W I pi\u0105tek od godz. 8:30 odwiedziny chorych z pos\u0142uga sakramentaln\u0105, po po\u0142udniu spowied\u017a od godz. 16:00. \u00a0 Po mszy \u015bw. Adoracja Naj\u015bwi\u0119tszego Sakramentu i R\u00f3\u017caniec.\u00a0<\/li><li>W I sobot\u0119 o godz. 18:30 nabo\u017ce\u0144stwo do Niepokalanego Serca NMP i nabo\u017ce\u0144stwo wynagradzaj\u0105ce w ramach pierwszej soboty miesi\u0105ca.<\/li><\/ol>\n\n\n\n<figure class=\"wp-block-image size-large\"><img loading=\"lazy\" decoding=\"async\" width=\"723\" height=\"1024\" src=\"https:\/\/parafiaparchowo.pl\/wp-content\/uploads\/2022\/08\/Intencje-mszalne-28.08.2022r-723x1024.jpg\" alt=\"\" class=\"wp-image-503\" srcset=\"https:\/\/parafiaparchowo.pl\/wp-content\/uploads\/2022\/08\/Intencje-mszalne-28.08.2022r-723x1024.jpg 723w, https:\/\/parafiaparchowo.pl\/wp-content\/uploads\/2022\/08\/Intencje-mszalne-28.08.2022r-212x300.jpg 212w, https:\/\/parafiaparchowo.pl\/wp-content\/uploads\/2022\/08\/Intencje-mszalne-28.08.2022r-768x1088.jpg 768w, https:\/\/parafiaparchowo.pl\/wp-content\/uploads\/2022\/08\/Intencje-mszalne-28.08.2022r-1084x1536.jpg 1084w, https:\/\/parafiaparchowo.pl\/wp-content\/uploads\/2022\/08\/Intencje-mszalne-28.08.2022r-1445x2048.jpg 1445w, https:\/\/parafiaparchowo.pl\/wp-content\/uploads\/2022\/08\/Intencje-mszalne-28.08.2022r.jpg 1653w\" sizes=\"auto, (max-width: 723px) 100vw, 723px\" \/><\/figure>\n","protected":false},"excerpt":{"rendered":"<p>W czwartek rozpoczyna si\u0119 nowy rok szkolny, zapraszam dzieci i m\u0142odzie\u017c oraz rodzic\u00f3w i nauczycieli na msz\u0119 \u015bw. o godz. 8:00. Zach\u0119cam do skorzystaniaz &hellip;<\/p>\n","protected":false},"author":1,"featured_media":253,"comment_status":"closed","ping_status":"closed","sticky":false,"template":"","format":"standard","meta":{"footnotes":""},"categories":[5],"tags":[],"class_list":["post-502","post","type-post","status-publish","format-standard","has-post-thumbnail","hentry","category-ogloszenia"],"_links":{"self":[{"href":"https:\/\/parafiaparchowo.pl\/index.php?rest_route=\/wp\/v2\/posts\/502","targetHints":{"allow":["GET"]}}],"collection":[{"href":"https:\/\/parafiaparchowo.pl\/index.php?rest_route=\/wp\/v2\/posts"}],"about":[{"href":"https:\/\/parafiaparchowo.pl\/index.php?rest_route=\/wp\/v2\/types\/post"}],"author":[{"embeddable":true,"href":"https:\/\/parafiaparchowo.pl\/index.php?rest_route=\/wp\/v2\/users\/1"}],"replies":[{"embeddable":true,"href":"https:\/\/parafiaparchowo.pl\/index.php?rest_route=%2Fwp%2Fv2%2Fcomments&post=502"}],"version-history":[{"count":1,"href":"https:\/\/parafiaparchowo.pl\/index.php?rest_route=\/wp\/v2\/posts\/502\/revisions"}],"predecessor-version":[{"id":504,"href":"https:\/\/parafiaparchowo.pl\/index.php?rest_route=\/wp\/v2\/posts\/502\/revisions\/504"}],"wp:featuredmedia":[{"embeddable":true,"href":"https:\/\/parafiaparchowo.pl\/index.php?rest_route=\/wp\/v2\/media\/253"}],"wp:attachment":[{"href":"https:\/\/parafiaparchowo.pl\/index.php?rest_route=%2Fwp%2Fv2%2Fmedia&parent=502"}],"wp:term":[{"taxonomy":"category","embeddable":true,"href":"https:\/\/parafiaparchowo.pl\/index.php?rest_route=%2Fwp%2Fv2%2Fcategories&post=502"},{"taxonomy":"post_tag","embeddable":true,"href":"https:\/\/parafiaparchowo.pl\/index.php?rest_route=%2Fwp%2Fv2%2Ftags&post=502"}],"curies":[{"name":"wp","href":"https:\/\/api.w.org\/{rel}","templated":true}]}}