{"id":453,"date":"2022-08-21T07:30:00","date_gmt":"2022-08-21T05:30:00","guid":{"rendered":"https:\/\/parafiaparchowo.pl\/?p=453"},"modified":"2022-08-21T01:03:50","modified_gmt":"2022-08-20T23:03:50","slug":"xxi-niedziela-zwykla-21-08-2022r","status":"publish","type":"post","link":"https:\/\/parafiaparchowo.pl\/?p=453","title":{"rendered":"\u00a0XXI Niedziela\u00a0 Zwyk\u0142a \u00a0 \u2013 21.08.2022r."},"content":{"rendered":"\n<ol class=\"wp-block-list\"><li>B\u00f3g zap\u0142a\u0107 za ofiary z\u0142o\u017cone w zesz\u0142\u0105 niedziel\u0119 na inwestycje w naszej parafii. Zebrali\u015bmy 4159 z\u0142.<br><\/li><li><strong>W tym tygodniu w liturgii Ko\u015bcio\u0142a obchodzimy:<\/strong>\u00a0<br>&#8211; w poniedzia\u0142ek 22.08. \u2013 NMP Kr\u00f3lowej\u00a0<br>&#8211; we wtorek 23.08. \u2013 \u015bw. R\u00f3\u017cy z Limy\u00a0<br>&#8211; w \u015brod\u0119 24.08. \u2013 \u015bw. Bart\u0142omieja Aposto\u0142a\u00a0<br>&#8211; w pi\u0105tek 26.08. \u2013 Uroczysto\u015b\u0107 NMP Cz\u0119stochowskiej\u00a0<br>&#8211; w sobot\u0119 27.08 \u2013 \u015bw. Moniki\u00a0\u00a0<\/li><\/ol>\n\n\n\n<ol class=\"wp-block-list\" start=\"3\"><li>W \u015brod\u0119 Adoracja Naj\u015bwi\u0119tszego Sakramentu od godz. 18:30 do 20:00. Niech to b\u0119dzie dla nas czas na wieczorn\u0105 modlitw\u0119, wyciszenie si\u0119, pog\u0142\u0119bienie swojej relacji<br>z Jezusem Chrystusem. W tym czasie b\u0119dzie r\u00f3wnie\u017c mo\u017cliwo\u015b\u0107 spowiedzi.&nbsp;<\/li><\/ol>\n\n\n\n<ol class=\"wp-block-list\" start=\"4\"><li>W czwartek od godz. 17:00.\u00a0 Adoracja Naj\u015bwi\u0119tszego Sakramentu<br><\/li><li>Dzisiaj o godz. 15:00 na boisku w Go\u0142czewie odb\u0119dzie si\u0119 PIKNIK w ramach projektu \u201eSENIO-RITA\u201d, na kt\u00f3ry zaprasza Gminny O\u015brodek Pomocy Spo\u0142ecznej w Parchowie.<br>W programie: konkursy z nagrodami, gry i zabawy animacyjne, pocz\u0119stunek, wyst\u0119p Go\u0142czewskich Babeczek i pogadanka z policjantem. Osoby zainteresowane transportem proszone s\u0105 o przybycie na przystanek PKS w Parchowie o godz. 14:50.\u00a0<\/li><\/ol>\n\n\n\n<figure class=\"wp-block-image size-full\"><img loading=\"lazy\" decoding=\"async\" width=\"722\" height=\"1024\" src=\"https:\/\/parafiaparchowo.pl\/wp-content\/uploads\/2022\/08\/Intencje-mszalne-21.08.2022r.jpg\" alt=\"\" class=\"wp-image-455\" srcset=\"https:\/\/parafiaparchowo.pl\/wp-content\/uploads\/2022\/08\/Intencje-mszalne-21.08.2022r.jpg 722w, https:\/\/parafiaparchowo.pl\/wp-content\/uploads\/2022\/08\/Intencje-mszalne-21.08.2022r-212x300.jpg 212w\" sizes=\"auto, (max-width: 722px) 100vw, 722px\" \/><\/figure>\n","protected":false},"excerpt":{"rendered":"<p>B\u00f3g zap\u0142a\u0107 za ofiary z\u0142o\u017cone w zesz\u0142\u0105 niedziel\u0119 na inwestycje w naszej parafii. Zebrali\u015bmy 4159 z\u0142. W tym tygodniu w liturgii Ko\u015bcio\u0142a obchodzimy:\u00a0&#8211; w &hellip;<\/p>\n","protected":false},"author":1,"featured_media":253,"comment_status":"closed","ping_status":"closed","sticky":false,"template":"","format":"standard","meta":{"footnotes":""},"categories":[5],"tags":[],"class_list":["post-453","post","type-post","status-publish","format-standard","has-post-thumbnail","hentry","category-ogloszenia"],"_links":{"self":[{"href":"https:\/\/parafiaparchowo.pl\/index.php?rest_route=\/wp\/v2\/posts\/453","targetHints":{"allow":["GET"]}}],"collection":[{"href":"https:\/\/parafiaparchowo.pl\/index.php?rest_route=\/wp\/v2\/posts"}],"about":[{"href":"https:\/\/parafiaparchowo.pl\/index.php?rest_route=\/wp\/v2\/types\/post"}],"author":[{"embeddable":true,"href":"https:\/\/parafiaparchowo.pl\/index.php?rest_route=\/wp\/v2\/users\/1"}],"replies":[{"embeddable":true,"href":"https:\/\/parafiaparchowo.pl\/index.php?rest_route=%2Fwp%2Fv2%2Fcomments&post=453"}],"version-history":[{"count":2,"href":"https:\/\/parafiaparchowo.pl\/index.php?rest_route=\/wp\/v2\/posts\/453\/revisions"}],"predecessor-version":[{"id":457,"href":"https:\/\/parafiaparchowo.pl\/index.php?rest_route=\/wp\/v2\/posts\/453\/revisions\/457"}],"wp:featuredmedia":[{"embeddable":true,"href":"https:\/\/parafiaparchowo.pl\/index.php?rest_route=\/wp\/v2\/media\/253"}],"wp:attachment":[{"href":"https:\/\/parafiaparchowo.pl\/index.php?rest_route=%2Fwp%2Fv2%2Fmedia&parent=453"}],"wp:term":[{"taxonomy":"category","embeddable":true,"href":"https:\/\/parafiaparchowo.pl\/index.php?rest_route=%2Fwp%2Fv2%2Fcategories&post=453"},{"taxonomy":"post_tag","embeddable":true,"href":"https:\/\/parafiaparchowo.pl\/index.php?rest_route=%2Fwp%2Fv2%2Ftags&post=453"}],"curies":[{"name":"wp","href":"https:\/\/api.w.org\/{rel}","templated":true}]}}