{"id":449,"date":"2022-08-14T07:30:00","date_gmt":"2022-08-14T05:30:00","guid":{"rendered":"https:\/\/parafiaparchowo.pl\/?p=449"},"modified":"2022-08-14T03:23:01","modified_gmt":"2022-08-14T01:23:01","slug":"xx-niedziela-zwykla-14-08-2022r","status":"publish","type":"post","link":"https:\/\/parafiaparchowo.pl\/?p=449","title":{"rendered":"XX Niedziela\u00a0 Zwyk\u0142a  \u2013 14.08.2022r."},"content":{"rendered":"\n<ol class=\"wp-block-list\"><li>B\u00f3g zap\u0142a\u0107 za ofiary z\u0142o\u017cone na inwestycje w naszej parafii.&nbsp;<\/li><\/ol>\n\n\n\n<ol class=\"wp-block-list\" start=\"2\"><li>Jutro Uroczysto\u015b\u0107 Wniebowzi\u0119cia NMP, nasz odpust parafialny. Sumie odpustowej<br>o godz. 11:30 b\u0119dzie przewodniczy\u0142 ks. kan. Andrzej Szopi\u0144ski \u2013 dyrektor ekonomiczny naszej diecezji. W tym dniu na ka\u017cdej mszy \u015bw. b\u0142ogos\u0142awie\u0144stwo k\u0142os\u00f3w zb\u00f3\u017c, zi\u00f3\u0142 i kwiat\u00f3w.<br><\/li><li><strong>W tym tygodniu w liturgii Ko\u015bcio\u0142a obchodzimy:<\/strong>\u00a0<br>&#8211; w poniedzia\u0142ek 15.08. \u2013 Uroczysto\u015b\u0107 Wniebowzi\u0119cia NMP<br>&#8211; w \u015brod\u0119 17.08. \u2013 \u015bw. Jacka\u00a0<br>&#8211; w sobot\u0119 20.08 \u2013 \u015bw. Bernarda z Clairvaux, patrona diecezji\u00a0<\/li><\/ol>\n\n\n\n<ol class=\"wp-block-list\" start=\"4\"><li>W czwartek Adoracja Naj\u015bwi\u0119tszego Sakramentu od godz. 16:00.\u00a0<br><\/li><li>W \u015brod\u0119 o godz. 10:00, zbi\u00f3rka dla kandydat\u00f3w na ministrant\u00f3w.<\/li><\/ol>\n\n\n\n<figure class=\"wp-block-image size-large\"><img loading=\"lazy\" decoding=\"async\" width=\"723\" height=\"1024\" src=\"https:\/\/parafiaparchowo.pl\/wp-content\/uploads\/2022\/08\/Intencje-mszalne-14.08.2022r-723x1024.jpg\" alt=\"\" class=\"wp-image-450\" srcset=\"https:\/\/parafiaparchowo.pl\/wp-content\/uploads\/2022\/08\/Intencje-mszalne-14.08.2022r-723x1024.jpg 723w, https:\/\/parafiaparchowo.pl\/wp-content\/uploads\/2022\/08\/Intencje-mszalne-14.08.2022r-212x300.jpg 212w, https:\/\/parafiaparchowo.pl\/wp-content\/uploads\/2022\/08\/Intencje-mszalne-14.08.2022r-768x1088.jpg 768w, https:\/\/parafiaparchowo.pl\/wp-content\/uploads\/2022\/08\/Intencje-mszalne-14.08.2022r-1084x1536.jpg 1084w, https:\/\/parafiaparchowo.pl\/wp-content\/uploads\/2022\/08\/Intencje-mszalne-14.08.2022r-1445x2048.jpg 1445w, https:\/\/parafiaparchowo.pl\/wp-content\/uploads\/2022\/08\/Intencje-mszalne-14.08.2022r.jpg 1653w\" sizes=\"auto, (max-width: 723px) 100vw, 723px\" \/><\/figure>\n","protected":false},"excerpt":{"rendered":"<p>B\u00f3g zap\u0142a\u0107 za ofiary z\u0142o\u017cone na inwestycje w naszej parafii.&nbsp; Jutro Uroczysto\u015b\u0107 Wniebowzi\u0119cia NMP, nasz odpust parafialny. Sumie odpustowejo godz. 11:30 b\u0119dzie przewodniczy\u0142 ks. &hellip;<\/p>\n","protected":false},"author":1,"featured_media":253,"comment_status":"closed","ping_status":"closed","sticky":false,"template":"","format":"standard","meta":{"footnotes":""},"categories":[5],"tags":[],"class_list":["post-449","post","type-post","status-publish","format-standard","has-post-thumbnail","hentry","category-ogloszenia"],"_links":{"self":[{"href":"https:\/\/parafiaparchowo.pl\/index.php?rest_route=\/wp\/v2\/posts\/449","targetHints":{"allow":["GET"]}}],"collection":[{"href":"https:\/\/parafiaparchowo.pl\/index.php?rest_route=\/wp\/v2\/posts"}],"about":[{"href":"https:\/\/parafiaparchowo.pl\/index.php?rest_route=\/wp\/v2\/types\/post"}],"author":[{"embeddable":true,"href":"https:\/\/parafiaparchowo.pl\/index.php?rest_route=\/wp\/v2\/users\/1"}],"replies":[{"embeddable":true,"href":"https:\/\/parafiaparchowo.pl\/index.php?rest_route=%2Fwp%2Fv2%2Fcomments&post=449"}],"version-history":[{"count":2,"href":"https:\/\/parafiaparchowo.pl\/index.php?rest_route=\/wp\/v2\/posts\/449\/revisions"}],"predecessor-version":[{"id":452,"href":"https:\/\/parafiaparchowo.pl\/index.php?rest_route=\/wp\/v2\/posts\/449\/revisions\/452"}],"wp:featuredmedia":[{"embeddable":true,"href":"https:\/\/parafiaparchowo.pl\/index.php?rest_route=\/wp\/v2\/media\/253"}],"wp:attachment":[{"href":"https:\/\/parafiaparchowo.pl\/index.php?rest_route=%2Fwp%2Fv2%2Fmedia&parent=449"}],"wp:term":[{"taxonomy":"category","embeddable":true,"href":"https:\/\/parafiaparchowo.pl\/index.php?rest_route=%2Fwp%2Fv2%2Fcategories&post=449"},{"taxonomy":"post_tag","embeddable":true,"href":"https:\/\/parafiaparchowo.pl\/index.php?rest_route=%2Fwp%2Fv2%2Ftags&post=449"}],"curies":[{"name":"wp","href":"https:\/\/api.w.org\/{rel}","templated":true}]}}