{"id":445,"date":"2022-08-07T07:30:00","date_gmt":"2022-08-07T05:30:00","guid":{"rendered":"https:\/\/parafiaparchowo.pl\/?p=445"},"modified":"2022-08-07T01:15:06","modified_gmt":"2022-08-06T23:15:06","slug":"xix-niedziela-zwykla-7-08-2022r","status":"publish","type":"post","link":"https:\/\/parafiaparchowo.pl\/?p=445","title":{"rendered":"XIX Niedziela\u00a0 Zwyk\u0142a \u00a0 \u2013 7.08.2022r."},"content":{"rendered":"\n<p><strong>Og\u0142oszenia parafialne<\/strong><\/p>\n\n\n\n<ol class=\"wp-block-list\"><li><strong>W tym tygodniu w liturgii Ko\u015bcio\u0142a obchodzimy:<\/strong>\u00a0<br>&#8211; w poniedzia\u0142ek 8.08. \u2013 \u015bw. Dominika<br>&#8211; we wtorek 9.08 \u2013 \u015bwi\u0119to \u015bw. Teresy Benedykty od Krzy\u017ca, patronki Europy<br>&#8211; w \u015brod\u0119 10.08. \u2013 Uroczysto\u015b\u0107 \u015bw. Wawrzy\u0144ca \u2013 g\u0142\u00f3wnego patrona diecezji\u00a0\u00a0<br>&#8211; w czwartek 11.08 \u2013 \u015bw. Klary\u00a0<\/li><\/ol>\n\n\n\n<ol class=\"wp-block-list\" start=\"2\"><li>W czwartek Adoracja Naj\u015bwi\u0119tszego Sakramentu od godz. 17:00.\u00a0<\/li><li>W przysz\u0142\u0105 niedziel\u0119 14.08 kolekta inwestycyjna.\u00a0<\/li><li>15 sierpnia prze\u017cywa\u0107 b\u0119dziemy odpust parafialny Wniebowzi\u0119cia NMP<\/li><\/ol>\n\n\n\n<figure class=\"wp-block-image size-full\"><img loading=\"lazy\" decoding=\"async\" width=\"722\" height=\"1024\" src=\"https:\/\/parafiaparchowo.pl\/wp-content\/uploads\/2022\/08\/Intencje-mszalne-07.08.2022r.jpg\" alt=\"\" class=\"wp-image-446\" srcset=\"https:\/\/parafiaparchowo.pl\/wp-content\/uploads\/2022\/08\/Intencje-mszalne-07.08.2022r.jpg 722w, https:\/\/parafiaparchowo.pl\/wp-content\/uploads\/2022\/08\/Intencje-mszalne-07.08.2022r-212x300.jpg 212w\" sizes=\"auto, (max-width: 722px) 100vw, 722px\" \/><\/figure>\n","protected":false},"excerpt":{"rendered":"<p>Og\u0142oszenia parafialne W tym tygodniu w liturgii Ko\u015bcio\u0142a obchodzimy:\u00a0&#8211; w poniedzia\u0142ek 8.08. \u2013 \u015bw. Dominika&#8211; we wtorek 9.08 \u2013 \u015bwi\u0119to \u015bw. Teresy Benedykty od &hellip;<\/p>\n","protected":false},"author":1,"featured_media":253,"comment_status":"closed","ping_status":"closed","sticky":false,"template":"","format":"standard","meta":{"footnotes":""},"categories":[5],"tags":[],"class_list":["post-445","post","type-post","status-publish","format-standard","has-post-thumbnail","hentry","category-ogloszenia"],"_links":{"self":[{"href":"https:\/\/parafiaparchowo.pl\/index.php?rest_route=\/wp\/v2\/posts\/445","targetHints":{"allow":["GET"]}}],"collection":[{"href":"https:\/\/parafiaparchowo.pl\/index.php?rest_route=\/wp\/v2\/posts"}],"about":[{"href":"https:\/\/parafiaparchowo.pl\/index.php?rest_route=\/wp\/v2\/types\/post"}],"author":[{"embeddable":true,"href":"https:\/\/parafiaparchowo.pl\/index.php?rest_route=\/wp\/v2\/users\/1"}],"replies":[{"embeddable":true,"href":"https:\/\/parafiaparchowo.pl\/index.php?rest_route=%2Fwp%2Fv2%2Fcomments&post=445"}],"version-history":[{"count":1,"href":"https:\/\/parafiaparchowo.pl\/index.php?rest_route=\/wp\/v2\/posts\/445\/revisions"}],"predecessor-version":[{"id":447,"href":"https:\/\/parafiaparchowo.pl\/index.php?rest_route=\/wp\/v2\/posts\/445\/revisions\/447"}],"wp:featuredmedia":[{"embeddable":true,"href":"https:\/\/parafiaparchowo.pl\/index.php?rest_route=\/wp\/v2\/media\/253"}],"wp:attachment":[{"href":"https:\/\/parafiaparchowo.pl\/index.php?rest_route=%2Fwp%2Fv2%2Fmedia&parent=445"}],"wp:term":[{"taxonomy":"category","embeddable":true,"href":"https:\/\/parafiaparchowo.pl\/index.php?rest_route=%2Fwp%2Fv2%2Fcategories&post=445"},{"taxonomy":"post_tag","embeddable":true,"href":"https:\/\/parafiaparchowo.pl\/index.php?rest_route=%2Fwp%2Fv2%2Ftags&post=445"}],"curies":[{"name":"wp","href":"https:\/\/api.w.org\/{rel}","templated":true}]}}