{"id":440,"date":"2022-07-31T07:30:00","date_gmt":"2022-07-31T05:30:00","guid":{"rendered":"https:\/\/parafiaparchowo.pl\/?p=440"},"modified":"2022-07-31T02:41:41","modified_gmt":"2022-07-31T00:41:41","slug":"xviii-niedziela-zwykla-31-07-2022r","status":"publish","type":"post","link":"https:\/\/parafiaparchowo.pl\/?p=440","title":{"rendered":"XVIII Niedziela\u00a0 Zwyk\u0142a \u2013 31.07.2022r."},"content":{"rendered":"\n<ol class=\"wp-block-list\"><li>Jutro rozpoczyna si\u0119 sierpie\u0144, miesi\u0105c trze\u017awo\u015bci. Pami\u0119tajmy o modlitwie w intencji trze\u017awo\u015bci w naszym Narodzie.<br><\/li><li><strong>W tym tygodniu w liturgii Ko\u015bcio\u0142a obchodzimy:<\/strong>\u00a0<br>&#8211; w poniedzia\u0142ek 1.08. \u2013 \u015bw. Alfonsa Marii Liguoriego<br>&#8211; w czwartek 4.08 \u2013 \u015bw. Jana Marii Vianneya<br>&#8211; w sobot\u0119 6.08 \u2013 \u015awi\u0119to Przemienienia Pa\u0144skiego\u00a0<\/li><\/ol>\n\n\n\n<ol class=\"wp-block-list\" start=\"3\"><li>W czwartek Adoracja Naj\u015bwi\u0119tszego Sakramentu od godz. 15:00.&nbsp; W I czwartek nie b\u0119dzie adoracji Naj\u015bwi\u0119tszego Sakramentu i R\u00f3\u017ca\u0144ca po mszy \u015bwi\u0119tej.&nbsp;<\/li><\/ol>\n\n\n\n<ol class=\"wp-block-list\" start=\"4\"><li>W I pi\u0105tek od godz. 8:30 odwiedziny chorych z pos\u0142uga sakramentaln\u0105, po po\u0142udniu spowied\u017a od godz. 16:00. &nbsp; Po mszy \u015bw. Adoracja Naj\u015bwi\u0119tszego Sakramentu i R\u00f3\u017caniec.&nbsp;<\/li><\/ol>\n\n\n\n<ol class=\"wp-block-list\" start=\"5\"><li>W I sobot\u0119 o godz. 18:30 nabo\u017ce\u0144stwo do Niepokalanego Serca NMP i nabo\u017ce\u0144stwo wynagradzaj\u0105ce w ramach pierwszej soboty miesi\u0105ca.<\/li><\/ol>\n\n\n\n<figure class=\"wp-block-image size-full\"><img loading=\"lazy\" decoding=\"async\" width=\"722\" height=\"1024\" src=\"https:\/\/parafiaparchowo.pl\/wp-content\/uploads\/2022\/07\/Intencje-mszalne-31.08.2022r1024_1.jpg\" alt=\"\" class=\"wp-image-443\" srcset=\"https:\/\/parafiaparchowo.pl\/wp-content\/uploads\/2022\/07\/Intencje-mszalne-31.08.2022r1024_1.jpg 722w, https:\/\/parafiaparchowo.pl\/wp-content\/uploads\/2022\/07\/Intencje-mszalne-31.08.2022r1024_1-212x300.jpg 212w\" sizes=\"auto, (max-width: 722px) 100vw, 722px\" \/><\/figure>\n","protected":false},"excerpt":{"rendered":"<p>Jutro rozpoczyna si\u0119 sierpie\u0144, miesi\u0105c trze\u017awo\u015bci. Pami\u0119tajmy o modlitwie w intencji trze\u017awo\u015bci w naszym Narodzie. W tym tygodniu w liturgii Ko\u015bcio\u0142a obchodzimy:\u00a0&#8211; w poniedzia\u0142ek &hellip;<\/p>\n","protected":false},"author":1,"featured_media":253,"comment_status":"closed","ping_status":"closed","sticky":false,"template":"","format":"standard","meta":{"footnotes":""},"categories":[5],"tags":[],"class_list":["post-440","post","type-post","status-publish","format-standard","has-post-thumbnail","hentry","category-ogloszenia"],"_links":{"self":[{"href":"https:\/\/parafiaparchowo.pl\/index.php?rest_route=\/wp\/v2\/posts\/440","targetHints":{"allow":["GET"]}}],"collection":[{"href":"https:\/\/parafiaparchowo.pl\/index.php?rest_route=\/wp\/v2\/posts"}],"about":[{"href":"https:\/\/parafiaparchowo.pl\/index.php?rest_route=\/wp\/v2\/types\/post"}],"author":[{"embeddable":true,"href":"https:\/\/parafiaparchowo.pl\/index.php?rest_route=\/wp\/v2\/users\/1"}],"replies":[{"embeddable":true,"href":"https:\/\/parafiaparchowo.pl\/index.php?rest_route=%2Fwp%2Fv2%2Fcomments&post=440"}],"version-history":[{"count":2,"href":"https:\/\/parafiaparchowo.pl\/index.php?rest_route=\/wp\/v2\/posts\/440\/revisions"}],"predecessor-version":[{"id":444,"href":"https:\/\/parafiaparchowo.pl\/index.php?rest_route=\/wp\/v2\/posts\/440\/revisions\/444"}],"wp:featuredmedia":[{"embeddable":true,"href":"https:\/\/parafiaparchowo.pl\/index.php?rest_route=\/wp\/v2\/media\/253"}],"wp:attachment":[{"href":"https:\/\/parafiaparchowo.pl\/index.php?rest_route=%2Fwp%2Fv2%2Fmedia&parent=440"}],"wp:term":[{"taxonomy":"category","embeddable":true,"href":"https:\/\/parafiaparchowo.pl\/index.php?rest_route=%2Fwp%2Fv2%2Fcategories&post=440"},{"taxonomy":"post_tag","embeddable":true,"href":"https:\/\/parafiaparchowo.pl\/index.php?rest_route=%2Fwp%2Fv2%2Ftags&post=440"}],"curies":[{"name":"wp","href":"https:\/\/api.w.org\/{rel}","templated":true}]}}