{"id":434,"date":"2022-07-24T07:30:00","date_gmt":"2022-07-24T05:30:00","guid":{"rendered":"https:\/\/parafiaparchowo.pl\/?p=434"},"modified":"2022-07-24T01:39:17","modified_gmt":"2022-07-23T23:39:17","slug":"xvii-niedziela-zwykla-24-07-2022r","status":"publish","type":"post","link":"https:\/\/parafiaparchowo.pl\/?p=434","title":{"rendered":"XVII Niedziela\u00a0 Zwyk\u0142a \u00a0 \u2013 24.07.2022r."},"content":{"rendered":"\n<p><\/p>\n\n\n\n<ol class=\"wp-block-list\"><li>B\u00f3g zap\u0142a\u0107 za z\u0142o\u017cone ofiary na rodzin\u0119 poszkodowan\u0105 w po\u017carze domu. Zebrali\u015bmy 10 ty\u015b z\u0142. Pieni\u0105dze zosta\u0142y wp\u0142acone na oficjaln\u0105 zbi\u00f3rk\u0119 prowadzon\u0105 przez GOPS na budow\u0119 nowego domu.&nbsp;<\/li><\/ol>\n\n\n\n<ol class=\"wp-block-list\" start=\"2\"><li>Dzi\u015b po ka\u017cdej mszy \u015bw. odb\u0119dzie si\u0119 \u015bwi\u0119cenie pojazd\u00f3w z ok. \u015bw. Krzysztofa \u2013 patrona kierowc\u00f3w. Przy tej okazji odbywa si\u0119 zbi\u00f3rka na rzecz MIVA Polska, zebrane \u015brodki przeznaczone b\u0119d\u0105 na zakup \u015brodk\u00f3w transportu dla polskich misjonarzy.<br><\/li><li><strong>W tym tygodniu w liturgii Ko\u015bcio\u0142a obchodzimy:<\/strong>&nbsp;<br>&#8211; w poniedzia\u0142ek 25.07. \u2013 \u015bw. Jakuba Starszego, Aposto\u0142a&nbsp;<br>&#8211; we wtorek 26.07. \u2013 \u015bwi\u0119tych Joachima i Anny \u2013 rodzic\u00f3w NMP&nbsp;<br>&#8211; w czwartek 28.07 \u2013 \u015bw. Szarbela&nbsp;<br>&#8211; w pi\u0105tek 29.07. \u2013 \u015bwi\u0119tych Marty, Marii i \u0141azarza<\/li><\/ol>\n\n\n\n<ol class=\"wp-block-list\" start=\"4\"><li>W czwartek Adoracja Naj\u015bwi\u0119tszego Sakramentu od godz. 16:00.&nbsp;&nbsp;<\/li><\/ol>\n\n\n\n<ol class=\"wp-block-list\" start=\"5\"><li>W pi\u0105tek 29 lipca po Mszy \u015bw. o godz. 7:00 z ko\u015bcio\u0142a \u015bw. Katarzyny wyruszy Piesza Pielgrzymka do Cz\u0119stochowy z opiekunem ks. Paw\u0142em Zag\u00f3rskim. Pielgrzymi dotr\u0105 na Jasn\u0105 G\u00f3r\u0119 13 sierpnia. Serdecznie zapraszamy do podj\u0119cia tego pi\u0119knego trudu i udzia\u0142u \u2013 w miar\u0119 swoich mo\u017cliwo\u015bci \u2013 chocia\u017c w wybranych etapach pielgrzymki, b\u0105d\u017a te\u017c duchowego towarzyszenia pielgrzymuj\u0105cym.<\/li><\/ol>\n\n\n\n<ol class=\"wp-block-list\" start=\"6\"><li><strong>Zapowiedzi przed\u015blubne<\/strong><br>&#8211; Szymon Drab, rzymskokat., zam. w Rzepnicy par. \u015bw. Filipa Neri&nbsp;<br>&#8211; Mariola Mielewczyk, rzymskokat., zam. w Go\u0142czewie<\/li><\/ol>\n\n\n\n<figure class=\"wp-block-image size-full\"><img loading=\"lazy\" decoding=\"async\" width=\"722\" height=\"1024\" src=\"https:\/\/parafiaparchowo.pl\/wp-content\/uploads\/2022\/07\/Intencje-mszalne-23.07.2022r1024_1.jpg\" alt=\"\" class=\"wp-image-436\" srcset=\"https:\/\/parafiaparchowo.pl\/wp-content\/uploads\/2022\/07\/Intencje-mszalne-23.07.2022r1024_1.jpg 722w, https:\/\/parafiaparchowo.pl\/wp-content\/uploads\/2022\/07\/Intencje-mszalne-23.07.2022r1024_1-212x300.jpg 212w\" sizes=\"auto, (max-width: 722px) 100vw, 722px\" \/><\/figure>\n","protected":false},"excerpt":{"rendered":"<p>B\u00f3g zap\u0142a\u0107 za z\u0142o\u017cone ofiary na rodzin\u0119 poszkodowan\u0105 w po\u017carze domu. Zebrali\u015bmy 10 ty\u015b z\u0142. Pieni\u0105dze zosta\u0142y wp\u0142acone na oficjaln\u0105 zbi\u00f3rk\u0119 prowadzon\u0105 przez GOPS &hellip;<\/p>\n","protected":false},"author":1,"featured_media":253,"comment_status":"closed","ping_status":"closed","sticky":false,"template":"","format":"standard","meta":{"footnotes":""},"categories":[5],"tags":[],"class_list":["post-434","post","type-post","status-publish","format-standard","has-post-thumbnail","hentry","category-ogloszenia"],"_links":{"self":[{"href":"https:\/\/parafiaparchowo.pl\/index.php?rest_route=\/wp\/v2\/posts\/434","targetHints":{"allow":["GET"]}}],"collection":[{"href":"https:\/\/parafiaparchowo.pl\/index.php?rest_route=\/wp\/v2\/posts"}],"about":[{"href":"https:\/\/parafiaparchowo.pl\/index.php?rest_route=\/wp\/v2\/types\/post"}],"author":[{"embeddable":true,"href":"https:\/\/parafiaparchowo.pl\/index.php?rest_route=\/wp\/v2\/users\/1"}],"replies":[{"embeddable":true,"href":"https:\/\/parafiaparchowo.pl\/index.php?rest_route=%2Fwp%2Fv2%2Fcomments&post=434"}],"version-history":[{"count":2,"href":"https:\/\/parafiaparchowo.pl\/index.php?rest_route=\/wp\/v2\/posts\/434\/revisions"}],"predecessor-version":[{"id":438,"href":"https:\/\/parafiaparchowo.pl\/index.php?rest_route=\/wp\/v2\/posts\/434\/revisions\/438"}],"wp:featuredmedia":[{"embeddable":true,"href":"https:\/\/parafiaparchowo.pl\/index.php?rest_route=\/wp\/v2\/media\/253"}],"wp:attachment":[{"href":"https:\/\/parafiaparchowo.pl\/index.php?rest_route=%2Fwp%2Fv2%2Fmedia&parent=434"}],"wp:term":[{"taxonomy":"category","embeddable":true,"href":"https:\/\/parafiaparchowo.pl\/index.php?rest_route=%2Fwp%2Fv2%2Fcategories&post=434"},{"taxonomy":"post_tag","embeddable":true,"href":"https:\/\/parafiaparchowo.pl\/index.php?rest_route=%2Fwp%2Fv2%2Ftags&post=434"}],"curies":[{"name":"wp","href":"https:\/\/api.w.org\/{rel}","templated":true}]}}