{"id":427,"date":"2022-07-17T07:30:00","date_gmt":"2022-07-17T05:30:00","guid":{"rendered":"https:\/\/parafiaparchowo.pl\/?p=427"},"modified":"2022-07-17T00:44:17","modified_gmt":"2022-07-16T22:44:17","slug":"xvi-niedziela-zwykla-17-07-2022r","status":"publish","type":"post","link":"https:\/\/parafiaparchowo.pl\/?p=427","title":{"rendered":"XVI Niedziela\u00a0 Zwyk\u0142a \u00a0 \u2013 17.07.2022r."},"content":{"rendered":"\n<ol class=\"wp-block-list\"><li>B\u00f3g zap\u0142a\u0107 za z\u0142o\u017cone ofiary na kolekt\u0119\u00a0 inwestycyjn\u0105. Zebrali\u015bmy 3439 z\u0142.\u00a0<\/li><\/ol>\n\n\n\n<ol class=\"wp-block-list\" start=\"2\"><li>Dzi\u015b zbi\u00f3rka przed ko\u015bcio\u0142em na rzecz poszkodowanej rodziny w po\u017carze z Jele\u0144cza.<br><\/li><li><strong>W tym tygodniu w liturgii Ko\u015bcio\u0142a obchodzimy:<\/strong>\u00a0<br>&#8211; w poniedzia\u0142ek 18.07. \u2013 \u015bw. Szymona z Lipnicy\u00a0<br>&#8211; w \u015brod\u0119 20.07. \u2013 b\u0142. Czes\u0142awa\u00a0<br>&#8211; w pi\u0105tek 22.07. \u2013 \u015bw. Marii Magdaleny\u00a0<br>&#8211; w sobot\u0119 23.07. \u2013 \u015bw. Brygidy, patronki Europy\u00a0\u00a0\u00a0<\/li><\/ol>\n\n\n\n<ol class=\"wp-block-list\" start=\"4\"><li>W czwartek Adoracja Naj\u015bwi\u0119tszego Sakramentu od godz. 16:00. &nbsp;<br><\/li><li>Polecam czasopismo \u201eMisyjne Drogi\u201d.<\/li><\/ol>\n\n\n\n<ol class=\"wp-block-list\" start=\"6\"><li>16 lipca rozpoczyna si\u0119 odpust ku czci Matki Bo\u017cej Kr\u00f3lowej Kaszub. Szczeg\u00f3\u0142owy plan odpustu znajduje si\u0119 na plakacie w gablocie. Zapraszam do udzia\u0142u w odpu\u015bcie.<\/li><\/ol>\n\n\n\n<ol class=\"wp-block-list\" start=\"7\"><li>W Niedziel\u0119 17 lipca o godz. 17:00 wyjazd na modlitwy wieczorne do Sanktuarium Kr\u00f3lowej Kaszub w Sianowie. O 19:00 Msza \u015bw., o 20:30 r\u00f3\u017caniec i Apel Sianowski z procesj\u0105. Koszt wyjazdu za przejazd autokarem 30 z\u0142. Zapisy u ks. proboszcza.\u00a0<\/li><\/ol>\n\n\n\n<ol class=\"wp-block-list\" start=\"8\"><li>W przysz\u0142\u0105 niedziel\u0119 24 lipca po ka\u017cdej mszy \u015bw. odb\u0119dzie si\u0119 \u015bwi\u0119cenie pojazd\u00f3w z ok. \u015bw. Krzysztofa \u2013 patrona kierowc\u00f3w. Przy tej okazji odbywa si\u0119 zbi\u00f3rka na rzecz MIVA Polska, zebrane \u015brodki przeznaczone b\u0119d\u0105 na zakup \u015brodk\u00f3w transportu dla polskich misjonarzy.&nbsp;<\/li><\/ol>\n\n\n\n<ol class=\"wp-block-list\" start=\"9\"><li><strong>Zapowiedzi przed\u015blubne<\/strong><br>&#8211; Szymon Drab, rzymskokat., zam. w Rzepnicy par. \u015bw. Filipa Neri\u00a0<br>&#8211; Mariola Mielewczyk, rzymskokat., zam. w Go\u0142czewie<\/li><\/ol>\n\n\n\n<figure class=\"wp-block-image size-large\"><img loading=\"lazy\" decoding=\"async\" width=\"723\" height=\"1024\" src=\"https:\/\/parafiaparchowo.pl\/wp-content\/uploads\/2022\/07\/Intencje-mszalne-17.07.2022r-723x1024.png\" alt=\"\" class=\"wp-image-429\" srcset=\"https:\/\/parafiaparchowo.pl\/wp-content\/uploads\/2022\/07\/Intencje-mszalne-17.07.2022r-723x1024.png 723w, https:\/\/parafiaparchowo.pl\/wp-content\/uploads\/2022\/07\/Intencje-mszalne-17.07.2022r-212x300.png 212w, https:\/\/parafiaparchowo.pl\/wp-content\/uploads\/2022\/07\/Intencje-mszalne-17.07.2022r-768x1088.png 768w, https:\/\/parafiaparchowo.pl\/wp-content\/uploads\/2022\/07\/Intencje-mszalne-17.07.2022r.png 826w\" sizes=\"auto, (max-width: 723px) 100vw, 723px\" \/><\/figure>\n","protected":false},"excerpt":{"rendered":"<p>B\u00f3g zap\u0142a\u0107 za z\u0142o\u017cone ofiary na kolekt\u0119\u00a0 inwestycyjn\u0105. Zebrali\u015bmy 3439 z\u0142.\u00a0 Dzi\u015b zbi\u00f3rka przed ko\u015bcio\u0142em na rzecz poszkodowanej rodziny w po\u017carze z Jele\u0144cza. W &hellip;<\/p>\n","protected":false},"author":1,"featured_media":253,"comment_status":"closed","ping_status":"closed","sticky":false,"template":"","format":"standard","meta":{"footnotes":""},"categories":[5],"tags":[],"class_list":["post-427","post","type-post","status-publish","format-standard","has-post-thumbnail","hentry","category-ogloszenia"],"_links":{"self":[{"href":"https:\/\/parafiaparchowo.pl\/index.php?rest_route=\/wp\/v2\/posts\/427","targetHints":{"allow":["GET"]}}],"collection":[{"href":"https:\/\/parafiaparchowo.pl\/index.php?rest_route=\/wp\/v2\/posts"}],"about":[{"href":"https:\/\/parafiaparchowo.pl\/index.php?rest_route=\/wp\/v2\/types\/post"}],"author":[{"embeddable":true,"href":"https:\/\/parafiaparchowo.pl\/index.php?rest_route=\/wp\/v2\/users\/1"}],"replies":[{"embeddable":true,"href":"https:\/\/parafiaparchowo.pl\/index.php?rest_route=%2Fwp%2Fv2%2Fcomments&post=427"}],"version-history":[{"count":1,"href":"https:\/\/parafiaparchowo.pl\/index.php?rest_route=\/wp\/v2\/posts\/427\/revisions"}],"predecessor-version":[{"id":430,"href":"https:\/\/parafiaparchowo.pl\/index.php?rest_route=\/wp\/v2\/posts\/427\/revisions\/430"}],"wp:featuredmedia":[{"embeddable":true,"href":"https:\/\/parafiaparchowo.pl\/index.php?rest_route=\/wp\/v2\/media\/253"}],"wp:attachment":[{"href":"https:\/\/parafiaparchowo.pl\/index.php?rest_route=%2Fwp%2Fv2%2Fmedia&parent=427"}],"wp:term":[{"taxonomy":"category","embeddable":true,"href":"https:\/\/parafiaparchowo.pl\/index.php?rest_route=%2Fwp%2Fv2%2Fcategories&post=427"},{"taxonomy":"post_tag","embeddable":true,"href":"https:\/\/parafiaparchowo.pl\/index.php?rest_route=%2Fwp%2Fv2%2Ftags&post=427"}],"curies":[{"name":"wp","href":"https:\/\/api.w.org\/{rel}","templated":true}]}}