{"id":388,"date":"2022-07-10T07:30:00","date_gmt":"2022-07-10T05:30:00","guid":{"rendered":"https:\/\/parafiaparchowo.pl\/?p=388"},"modified":"2022-07-16T20:47:33","modified_gmt":"2022-07-16T18:47:33","slug":"xv-niedziela-zwykla-10-07-2022r","status":"publish","type":"post","link":"https:\/\/parafiaparchowo.pl\/?p=388","title":{"rendered":"XV Niedziela\u00a0 Zwyk\u0142a \u2013 10.07.2022r."},"content":{"rendered":"\n<ol class=\"wp-block-list\"><li>B\u00f3g zap\u0142a\u0107 za z\u0142o\u017cone ofiary na kolekt\u0119&nbsp; inwestycyjn\u0105.<br><\/li><li><strong>W tym tygodniu w liturgii Ko\u015bcio\u0142a obchodzimy:<\/strong>&nbsp;<br>&#8211; w poniedzia\u0142ek 11.07. \u2013 \u015bw. Benedykta, patrona Europy&nbsp;<br>&#8211; we wtorek 12.07. \u2013 \u015bw. Brunona z Kwerfurtu&nbsp;<br>&#8211; w \u015brod\u0119 13.07. \u2013 \u015bw. pustelnik\u00f3w Andrzeja \u015awierada i Benedykta&nbsp;<br>&#8211; w pi\u0105tek 15.07 \u2013 \u015bw. Bonawentury&nbsp;<br>&#8211; w sobot\u0119 16.07. \u2013 NMP z G\u00f3ry Karmel&nbsp;&nbsp;<\/li><\/ol>\n\n\n\n<ol class=\"wp-block-list\" start=\"3\"><li>W czwartek Adoracja Naj\u015bwi\u0119tszego Sakramentu i R\u00f3\u017caniec od godz. 16:00.&nbsp;&nbsp;&nbsp;<\/li><li>W pi\u0105tek zatrzymaj\u0105 si\u0119 u nas pielgrzymi z Miastka udaj\u0105cy si\u0119 do Sianowa na Odpust MB Kr\u00f3lowej Kaszub. B\u00f3g zap\u0142a\u0107 za z\u0142o\u017cone ofiary na pocz\u0119stunek dla p\u0105tnik\u00f3w.&nbsp;<\/li><\/ol>\n\n\n\n<ol class=\"wp-block-list\" start=\"5\"><li>Polecam czasopismo \u201eMisyjne Drogi\u201d.<\/li><\/ol>\n\n\n\n<ol class=\"wp-block-list\" start=\"6\"><li>16 lipca rozpoczyna si\u0119 odpust ku czci Matki Bo\u017cej Kr\u00f3lowej Kaszub. Szczeg\u00f3\u0142owy plan odpustu znajduje si\u0119 na plakacie w gablocie. Zapraszam do udzia\u0142u w odpu\u015bcie.<\/li><\/ol>\n\n\n\n<ol class=\"wp-block-list\" start=\"7\"><li>W Niedziel\u0119 17 lipca o godz. 17:00 wyjazd na modlitwy wieczorne do Sanktuarium Kr\u00f3lowej Kaszub w Sianowie. O 19:00 Msza \u015bw., o 20:30 r\u00f3\u017caniec i Apel Sianowski z procesj\u0105. Koszt wyjazdu za przejazd autokarem 30 z\u0142. Zapisy u ks. proboszcza.&nbsp;<\/li><\/ol>\n\n\n\n<ol class=\"wp-block-list\" start=\"8\"><li>W przysz\u0142\u0105 niedziel\u0119 zbi\u00f3rka przed ko\u015bcio\u0142em na rzecz poszkodowanej rodziny<br>w po\u017carze z Jele\u0144cza.<\/li><\/ol>\n\n\n\n<ol class=\"wp-block-list\" start=\"9\"><li><strong>Zapowiedzi przed\u015blubne<\/strong><br>&#8211; Sebastian Gawin, rzymskokat., zam. par. Niezabyszewo<br>&#8211; Natalia Garska , rzymskokat., zam. Niezabyszewo<br><br>&#8211; Robert Malek, kawaler, rzymskokat., zam. Cho\u015bnica<br>&#8211; Kamila Puzdrowska, panna, rzymskokat., zam. Siemirowice<\/li><\/ol>\n\n\n\n<figure class=\"wp-block-image size-large\"><img loading=\"lazy\" decoding=\"async\" width=\"724\" height=\"1024\" src=\"https:\/\/parafiaparchowo.pl\/wp-content\/uploads\/2022\/07\/Intencje-mszalne-10.07.2022r_v1-724x1024.png\" alt=\"\" class=\"wp-image-425\" srcset=\"https:\/\/parafiaparchowo.pl\/wp-content\/uploads\/2022\/07\/Intencje-mszalne-10.07.2022r_v1-724x1024.png 724w, https:\/\/parafiaparchowo.pl\/wp-content\/uploads\/2022\/07\/Intencje-mszalne-10.07.2022r_v1-212x300.png 212w, https:\/\/parafiaparchowo.pl\/wp-content\/uploads\/2022\/07\/Intencje-mszalne-10.07.2022r_v1-768x1086.png 768w, https:\/\/parafiaparchowo.pl\/wp-content\/uploads\/2022\/07\/Intencje-mszalne-10.07.2022r_v1-1086x1536.png 1086w, https:\/\/parafiaparchowo.pl\/wp-content\/uploads\/2022\/07\/Intencje-mszalne-10.07.2022r_v1-1448x2048.png 1448w\" sizes=\"auto, (max-width: 724px) 100vw, 724px\" \/><\/figure>\n","protected":false},"excerpt":{"rendered":"<p>B\u00f3g zap\u0142a\u0107 za z\u0142o\u017cone ofiary na kolekt\u0119&nbsp; inwestycyjn\u0105. W tym tygodniu w liturgii Ko\u015bcio\u0142a obchodzimy:&nbsp;&#8211; w poniedzia\u0142ek 11.07. \u2013 \u015bw. Benedykta, patrona Europy&nbsp;&#8211; we &hellip;<\/p>\n","protected":false},"author":1,"featured_media":253,"comment_status":"closed","ping_status":"closed","sticky":false,"template":"","format":"standard","meta":{"footnotes":""},"categories":[5],"tags":[],"class_list":["post-388","post","type-post","status-publish","format-standard","has-post-thumbnail","hentry","category-ogloszenia"],"_links":{"self":[{"href":"https:\/\/parafiaparchowo.pl\/index.php?rest_route=\/wp\/v2\/posts\/388","targetHints":{"allow":["GET"]}}],"collection":[{"href":"https:\/\/parafiaparchowo.pl\/index.php?rest_route=\/wp\/v2\/posts"}],"about":[{"href":"https:\/\/parafiaparchowo.pl\/index.php?rest_route=\/wp\/v2\/types\/post"}],"author":[{"embeddable":true,"href":"https:\/\/parafiaparchowo.pl\/index.php?rest_route=\/wp\/v2\/users\/1"}],"replies":[{"embeddable":true,"href":"https:\/\/parafiaparchowo.pl\/index.php?rest_route=%2Fwp%2Fv2%2Fcomments&post=388"}],"version-history":[{"count":4,"href":"https:\/\/parafiaparchowo.pl\/index.php?rest_route=\/wp\/v2\/posts\/388\/revisions"}],"predecessor-version":[{"id":426,"href":"https:\/\/parafiaparchowo.pl\/index.php?rest_route=\/wp\/v2\/posts\/388\/revisions\/426"}],"wp:featuredmedia":[{"embeddable":true,"href":"https:\/\/parafiaparchowo.pl\/index.php?rest_route=\/wp\/v2\/media\/253"}],"wp:attachment":[{"href":"https:\/\/parafiaparchowo.pl\/index.php?rest_route=%2Fwp%2Fv2%2Fmedia&parent=388"}],"wp:term":[{"taxonomy":"category","embeddable":true,"href":"https:\/\/parafiaparchowo.pl\/index.php?rest_route=%2Fwp%2Fv2%2Fcategories&post=388"},{"taxonomy":"post_tag","embeddable":true,"href":"https:\/\/parafiaparchowo.pl\/index.php?rest_route=%2Fwp%2Fv2%2Ftags&post=388"}],"curies":[{"name":"wp","href":"https:\/\/api.w.org\/{rel}","templated":true}]}}