{"id":382,"date":"2022-07-03T07:30:00","date_gmt":"2022-07-03T05:30:00","guid":{"rendered":"https:\/\/parafiaparchowo.pl\/?p=382"},"modified":"2022-07-03T08:54:08","modified_gmt":"2022-07-03T06:54:08","slug":"xiv-niedziela-zwykla-3-07-2022r","status":"publish","type":"post","link":"https:\/\/parafiaparchowo.pl\/?p=382","title":{"rendered":"XIV Niedziela\u00a0 Zwyk\u0142a \u00a0 \u2013 3.07.2022r."},"content":{"rendered":"\n<ol class=\"wp-block-list\"><li>Za tydzie\u0144 w niedziel\u0119, kolekta inwestycyjna.<br><\/li><li><strong>W tym tygodniu w liturgii Ko\u015bcio\u0142a obchodzimy:<\/strong>\u00a0<br>&#8211; w \u015brod\u0119 6.07. \u2013 b\u0142. Marii Teresy Led\u00f3chowskiej<br>&#8211; w pi\u0105tek 8.07 \u2013 \u015bw. Jana z Dukli\u00a0<\/li><\/ol>\n\n\n\n<ol class=\"wp-block-list\" start=\"3\"><li>W I czwartek Adoracja Naj\u015bwi\u0119tszego Sakramentu i R\u00f3\u017caniec od godz. 18:30. &nbsp;<br><\/li><li>W tym tygodniu b\u0119d\u0119 nieobecny, zast\u0119powa\u0107 mnie b\u0119dzie ks. Antoni.<\/li><\/ol>\n\n\n\n<ol class=\"wp-block-list\" start=\"5\"><li>Na stoliku s\u0105 zdj\u0119cia z Zawierzenia Niepokalanemu Sercu Maryi.<\/li><\/ol>\n\n\n\n<ol class=\"wp-block-list\" start=\"6\"><li>Dzi\u0119kuj\u0119 bardzo za posadzenie nowych kwiat\u00f3w w donicach przy ko\u015bciele.&nbsp;<\/li><\/ol>\n\n\n\n<ol class=\"wp-block-list\" start=\"7\"><li>Polecam czasopismo \u201eMisyjne Drogi\u201d.<\/li><\/ol>\n\n\n\n<ol class=\"wp-block-list\" start=\"8\"><li>W przysz\u0142\u0105 niedziel\u0119 zbi\u00f3rka przed ko\u015bcio\u0142em,&nbsp; na obiad dla pielgrzym\u00f3w z Miastka, pielgrzymuj\u0105cych do Sianowa, kt\u00f3rzy b\u0119d\u0105 go\u015bci\u0107 u nas 15 lipca.&nbsp;<\/li><\/ol>\n\n\n\n<ol class=\"wp-block-list\" start=\"9\"><li><strong>Zapowiedzi przed\u015blubne<\/strong><br>&#8211; Sebastian Gawin, rzymskokat.\u00a0 ,zam. par. Niezabyszewo<br>&#8211; Natalia Garska , rzymskokat., zam. Niezabyszewo<br><br>&#8211; Robert Malek, kawaler, rzymskokat., zam. Cho\u015bnica<br>&#8211; Kamila Puzdrowska, panna, rzymskokat., zam. Go\u0142czewo<\/li><\/ol>\n\n\n\n<figure class=\"wp-block-image size-large\"><img loading=\"lazy\" decoding=\"async\" width=\"723\" height=\"1024\" src=\"https:\/\/parafiaparchowo.pl\/wp-content\/uploads\/2022\/07\/Intencje-mszalne-03.07.1011r-723x1024.png\" alt=\"\" class=\"wp-image-384\" srcset=\"https:\/\/parafiaparchowo.pl\/wp-content\/uploads\/2022\/07\/Intencje-mszalne-03.07.1011r-723x1024.png 723w, https:\/\/parafiaparchowo.pl\/wp-content\/uploads\/2022\/07\/Intencje-mszalne-03.07.1011r-212x300.png 212w, https:\/\/parafiaparchowo.pl\/wp-content\/uploads\/2022\/07\/Intencje-mszalne-03.07.1011r-768x1088.png 768w, https:\/\/parafiaparchowo.pl\/wp-content\/uploads\/2022\/07\/Intencje-mszalne-03.07.1011r.png 826w\" sizes=\"auto, (max-width: 723px) 100vw, 723px\" \/><\/figure>\n","protected":false},"excerpt":{"rendered":"<p>Za tydzie\u0144 w niedziel\u0119, kolekta inwestycyjna. W tym tygodniu w liturgii Ko\u015bcio\u0142a obchodzimy:\u00a0&#8211; w \u015brod\u0119 6.07. \u2013 b\u0142. Marii Teresy Led\u00f3chowskiej&#8211; w pi\u0105tek 8.07 &hellip;<\/p>\n","protected":false},"author":1,"featured_media":253,"comment_status":"closed","ping_status":"closed","sticky":false,"template":"","format":"standard","meta":{"footnotes":""},"categories":[5],"tags":[],"class_list":["post-382","post","type-post","status-publish","format-standard","has-post-thumbnail","hentry","category-ogloszenia"],"_links":{"self":[{"href":"https:\/\/parafiaparchowo.pl\/index.php?rest_route=\/wp\/v2\/posts\/382","targetHints":{"allow":["GET"]}}],"collection":[{"href":"https:\/\/parafiaparchowo.pl\/index.php?rest_route=\/wp\/v2\/posts"}],"about":[{"href":"https:\/\/parafiaparchowo.pl\/index.php?rest_route=\/wp\/v2\/types\/post"}],"author":[{"embeddable":true,"href":"https:\/\/parafiaparchowo.pl\/index.php?rest_route=\/wp\/v2\/users\/1"}],"replies":[{"embeddable":true,"href":"https:\/\/parafiaparchowo.pl\/index.php?rest_route=%2Fwp%2Fv2%2Fcomments&post=382"}],"version-history":[{"count":2,"href":"https:\/\/parafiaparchowo.pl\/index.php?rest_route=\/wp\/v2\/posts\/382\/revisions"}],"predecessor-version":[{"id":386,"href":"https:\/\/parafiaparchowo.pl\/index.php?rest_route=\/wp\/v2\/posts\/382\/revisions\/386"}],"wp:featuredmedia":[{"embeddable":true,"href":"https:\/\/parafiaparchowo.pl\/index.php?rest_route=\/wp\/v2\/media\/253"}],"wp:attachment":[{"href":"https:\/\/parafiaparchowo.pl\/index.php?rest_route=%2Fwp%2Fv2%2Fmedia&parent=382"}],"wp:term":[{"taxonomy":"category","embeddable":true,"href":"https:\/\/parafiaparchowo.pl\/index.php?rest_route=%2Fwp%2Fv2%2Fcategories&post=382"},{"taxonomy":"post_tag","embeddable":true,"href":"https:\/\/parafiaparchowo.pl\/index.php?rest_route=%2Fwp%2Fv2%2Ftags&post=382"}],"curies":[{"name":"wp","href":"https:\/\/api.w.org\/{rel}","templated":true}]}}