{"id":375,"date":"2022-06-26T07:30:00","date_gmt":"2022-06-26T05:30:00","guid":{"rendered":"https:\/\/parafiaparchowo.pl\/?p=375"},"modified":"2022-06-25T22:35:43","modified_gmt":"2022-06-25T20:35:43","slug":"xiii-niedziela-zwykla-26-06-2022r","status":"publish","type":"post","link":"https:\/\/parafiaparchowo.pl\/?p=375","title":{"rendered":"XIII Niedziela\u00a0 Zwyk\u0142a \u00a0 \u2013 26.06.2022r"},"content":{"rendered":"\n<ol class=\"wp-block-list\"><li>Dzisiaj przed ko\u015bcio\u0142em zbi\u00f3rka na \u015bwi\u0105tyni\u0119 Opatrzno\u015bci Bo\u017cej. B\u00f3g zap\u0142a\u0107 za z\u0142o\u017cone ofiary.<br><\/li><li><strong>W tym tygodniu w liturgii Ko\u015bcio\u0142a obchodzimy:<\/strong>&nbsp;<br>w poniedzia\u0142ek 27.06 \u2013 NMP Nieustaj\u0105cej Pomocy<br>we wtorek 28.06 \u2013 \u015bw. Ireneusza<br>w \u015brod\u0119 29.06. \u2013 Uroczysto\u015b\u0107 \u015awi\u0119tych Aposto\u0142\u00f3w Piotra i Paw\u0142a&nbsp;<\/li><\/ol>\n\n\n\n<ol class=\"wp-block-list\" start=\"3\"><li>W I pi\u0105tek od godz. 8:30 odwiedziny chorych z pos\u0142uga sakramentaln\u0105, po po\u0142udniu spowied\u017a od godz. 16:00.&nbsp;&nbsp;&nbsp;<\/li><\/ol>\n\n\n\n<ol class=\"wp-block-list\" start=\"4\"><li>W I sobot\u0119 o godz. 18:30 nabo\u017ce\u0144stwo do Niepokalanego Serca NMP i nabo\u017ce\u0144stwo wynagradzaj\u0105ce w ramach pierwszej soboty miesi\u0105ca.<\/li><\/ol>\n\n\n\n<ol class=\"wp-block-list\" start=\"5\"><li>Bardzo prosz\u0119 aby\u015bmy pomimo wysokich temperatur, pami\u0119tali o godnym stroju<br>w ko\u015bciele.&nbsp;<\/li><\/ol>\n\n\n\n<ol class=\"wp-block-list\" start=\"6\"><li>W ostatnim czasie zdarzaj\u0105 si\u0119 kradzie\u017ce na naszym parafialnym cmentarzu, prosz\u0119 o czujno\u015b\u0107 i zg\u0142aszanie ewentualnych szk\u00f3d i strat.&nbsp;<\/li><\/ol>\n\n\n\n<ol class=\"wp-block-list\" start=\"7\"><li>Zmar\u0142a nasza parafianka, mieszkanka z DPS -u, \u015bp. Anna \u0141uczak w wieku 20 lat. Pogrzeb we wtorek o godz. 14:00. Dobry Jezu a nasz Panie\u2026&nbsp;<\/li><\/ol>\n\n\n\n<ol class=\"wp-block-list\" start=\"8\"><li>Dzi\u0119kuj\u0119 za udzia\u0142 w zbi\u00f3rce karmy dla zwierz\u0105t w schronisku \u201eAzyl\u201d.&nbsp;<\/li><\/ol>\n\n\n\n<ol class=\"wp-block-list\" start=\"9\"><li>Przekwit\u0142y ju\u017c bratki w naszych przyko\u015bcielnych donicach, gdyby pojawi\u0142y si\u0119 jakie\u015b nowe kwiatki, to by\u0142oby bardzo mi\u0142o.&nbsp;<\/li><\/ol>\n\n\n\n<figure class=\"wp-block-image size-large\"><img loading=\"lazy\" decoding=\"async\" width=\"723\" height=\"1024\" src=\"https:\/\/parafiaparchowo.pl\/wp-content\/uploads\/2022\/06\/Intencje-mszalne-26.06.2022r-723x1024.png\" alt=\"\" class=\"wp-image-378\" srcset=\"https:\/\/parafiaparchowo.pl\/wp-content\/uploads\/2022\/06\/Intencje-mszalne-26.06.2022r-723x1024.png 723w, https:\/\/parafiaparchowo.pl\/wp-content\/uploads\/2022\/06\/Intencje-mszalne-26.06.2022r-212x300.png 212w, https:\/\/parafiaparchowo.pl\/wp-content\/uploads\/2022\/06\/Intencje-mszalne-26.06.2022r-768x1088.png 768w, https:\/\/parafiaparchowo.pl\/wp-content\/uploads\/2022\/06\/Intencje-mszalne-26.06.2022r-1084x1536.png 1084w\" sizes=\"auto, (max-width: 723px) 100vw, 723px\" \/><\/figure>\n","protected":false},"excerpt":{"rendered":"<p>Dzisiaj przed ko\u015bcio\u0142em zbi\u00f3rka na \u015bwi\u0105tyni\u0119 Opatrzno\u015bci Bo\u017cej. B\u00f3g zap\u0142a\u0107 za z\u0142o\u017cone ofiary. W tym tygodniu w liturgii Ko\u015bcio\u0142a obchodzimy:&nbsp;w poniedzia\u0142ek 27.06 \u2013 NMP &hellip;<\/p>\n","protected":false},"author":1,"featured_media":253,"comment_status":"closed","ping_status":"closed","sticky":false,"template":"","format":"standard","meta":{"footnotes":""},"categories":[5],"tags":[],"class_list":["post-375","post","type-post","status-publish","format-standard","has-post-thumbnail","hentry","category-ogloszenia"],"_links":{"self":[{"href":"https:\/\/parafiaparchowo.pl\/index.php?rest_route=\/wp\/v2\/posts\/375","targetHints":{"allow":["GET"]}}],"collection":[{"href":"https:\/\/parafiaparchowo.pl\/index.php?rest_route=\/wp\/v2\/posts"}],"about":[{"href":"https:\/\/parafiaparchowo.pl\/index.php?rest_route=\/wp\/v2\/types\/post"}],"author":[{"embeddable":true,"href":"https:\/\/parafiaparchowo.pl\/index.php?rest_route=\/wp\/v2\/users\/1"}],"replies":[{"embeddable":true,"href":"https:\/\/parafiaparchowo.pl\/index.php?rest_route=%2Fwp%2Fv2%2Fcomments&post=375"}],"version-history":[{"count":3,"href":"https:\/\/parafiaparchowo.pl\/index.php?rest_route=\/wp\/v2\/posts\/375\/revisions"}],"predecessor-version":[{"id":380,"href":"https:\/\/parafiaparchowo.pl\/index.php?rest_route=\/wp\/v2\/posts\/375\/revisions\/380"}],"wp:featuredmedia":[{"embeddable":true,"href":"https:\/\/parafiaparchowo.pl\/index.php?rest_route=\/wp\/v2\/media\/253"}],"wp:attachment":[{"href":"https:\/\/parafiaparchowo.pl\/index.php?rest_route=%2Fwp%2Fv2%2Fmedia&parent=375"}],"wp:term":[{"taxonomy":"category","embeddable":true,"href":"https:\/\/parafiaparchowo.pl\/index.php?rest_route=%2Fwp%2Fv2%2Fcategories&post=375"},{"taxonomy":"post_tag","embeddable":true,"href":"https:\/\/parafiaparchowo.pl\/index.php?rest_route=%2Fwp%2Fv2%2Ftags&post=375"}],"curies":[{"name":"wp","href":"https:\/\/api.w.org\/{rel}","templated":true}]}}