{"id":370,"date":"2022-06-19T07:30:00","date_gmt":"2022-06-19T05:30:00","guid":{"rendered":"https:\/\/parafiaparchowo.pl\/?p=370"},"modified":"2022-06-19T06:54:38","modified_gmt":"2022-06-19T04:54:38","slug":"xii-niedziela-zwykla-19-06-2022r","status":"publish","type":"post","link":"https:\/\/parafiaparchowo.pl\/?p=370","title":{"rendered":"XII Niedziela\u00a0 Zwyk\u0142a \u00a0 \u2013 19.06.2022r"},"content":{"rendered":"\n<ol class=\"wp-block-list\"><li>B\u00f3g zap\u0142a\u0107 za ofiary z\u0142o\u017cone na\u00a0 kolekt\u0119 inwestycyjn\u0105 w poprzedni\u0105 niedziel\u0119. Zebrali\u015bmy 4181 z\u0142.<br><\/li><li><strong>W tym tygodniu w liturgii Ko\u015bcio\u0142a obchodzimy:<\/strong>\u00a0<br>we wtorek 21.06 \u2013 \u015bw. Alojzego Gonzagi<br>w czwartek 23.06. \u2013 Uroczysto\u015b\u0107 Narodzenia \u015bw. Jana Chrzciciela, Dzie\u0144 Ojca<br>w pi\u0105tek 24.06. \u2013 Uroczysto\u015b\u0107 Naj\u015bwi\u0119tszego Serca Pana Jezusa<br>w sobot\u0119 25.06. \u2013 Niepokalanego Serca NMP\u00a0<\/li><\/ol>\n\n\n\n<ol class=\"wp-block-list\" start=\"3\"><li>Sk\u0142adam serdeczne podzi\u0119kowania Wszystkim zaanga\u017cowanym w przygotowanie Uroczysto\u015bci Bo\u017cego Cia\u0142a. Rodzinom przygotowuj\u0105cym o\u0142tarze i naszym Siostrom, dziewczynkom sypi\u0105cym kwiatki i m\u0142odzie\u017cy \u017ce\u0144skiej za pomoc, wszystkim nios\u0105cym feretrony i sztandary i chor\u0105gwie, Paniom Katechetkom i naszym Stra\u017cakom za pomoc i zabezpieczenie trasy procesji.<br><br>Trwamy w oktawie Bo\u017cego Cia\u0142a, tak\u017ce zach\u0119cam do dalszego uczestnictwa we mszy \u015bw. o godz. 17:00 i procesji eucharystycznej. Szczeg\u00f3lnie zapraszam w czwartek na zako\u0144czenie oktawy.<\/li><\/ol>\n\n\n\n<ol class=\"wp-block-list\" start=\"4\"><li>W pi\u0105tek zako\u0144czenie roku szkolnego, msza \u015bw. o godz. 8:00.&nbsp; Zach\u0119cam dzieci<br>i m\u0142odzie\u017c do skorzystania z sakramentu spowiedzi. Okazja codziennie p\u00f3\u0142 godz. przed msz\u0105 \u015bw.&nbsp;<\/li><\/ol>\n\n\n\n<ol class=\"wp-block-list\" start=\"5\"><li>W sobot\u0119 o godz. 8:30 wyjazd dzieci pierwszokomunijnych do Sanktuarium Matki Bo\u017cej Kr\u00f3lowej Kaszub w Sianowie.&nbsp;<\/li><\/ol>\n\n\n\n<ol class=\"wp-block-list\" start=\"6\"><li>Dzisiaj na bytowskim rynku o godz. 14:00, odb\u0119dzie si\u0119&nbsp; festyn i koncert Magdy Anio\u0142<br>na zako\u0144czenie weekendu profilaktycznego.&nbsp;&nbsp;<\/li><\/ol>\n\n\n\n<ol class=\"wp-block-list\" start=\"7\"><li>Zapraszam do zbi\u00f3rki karmy dla zwierz\u0105t, dla schroniska \u201eAzyl\u201d w Przyborzycach, gdzie wolontariuszk\u0105 jest nasza parafianka. Karm\u0119 dla czworonog\u00f3w mo\u017cna przynosi\u0107 w tym tygodniu na plebani\u0119. Z g\u00f3ry dzi\u0119kuj\u0119 za wszelk\u0105 pomoc.&nbsp;<\/li><\/ol>\n\n\n\n<ol class=\"wp-block-list\" start=\"8\"><li><strong>Zapowiedzi przed\u015blubne<\/strong><\/li><\/ol>\n\n\n\n<p>&#8211; Daniel Makurat, kawaler, zam. Parchowo<br>&#8211; Katarzyna Szyma\u0144ska, panna, zam. Parchowo\u00a0<\/p>\n\n\n\n<p>&#8211; Bart\u0142omiej Osowski, kawaler, zam. Go\u0142czewo<br>&#8211; Kinga Szulist, panna, zam. Go\u0142czewo<\/p>\n\n\n\n<figure class=\"wp-block-image size-large\"><img loading=\"lazy\" decoding=\"async\" width=\"723\" height=\"1024\" src=\"https:\/\/parafiaparchowo.pl\/wp-content\/uploads\/2022\/06\/Intencje-mszalne-19.06.2022r-723x1024.png\" alt=\"\" class=\"wp-image-372\" srcset=\"https:\/\/parafiaparchowo.pl\/wp-content\/uploads\/2022\/06\/Intencje-mszalne-19.06.2022r-723x1024.png 723w, https:\/\/parafiaparchowo.pl\/wp-content\/uploads\/2022\/06\/Intencje-mszalne-19.06.2022r-212x300.png 212w, https:\/\/parafiaparchowo.pl\/wp-content\/uploads\/2022\/06\/Intencje-mszalne-19.06.2022r-768x1088.png 768w, https:\/\/parafiaparchowo.pl\/wp-content\/uploads\/2022\/06\/Intencje-mszalne-19.06.2022r-1084x1536.png 1084w, https:\/\/parafiaparchowo.pl\/wp-content\/uploads\/2022\/06\/Intencje-mszalne-19.06.2022r-1446x2048.png 1446w\" sizes=\"auto, (max-width: 723px) 100vw, 723px\" \/><\/figure>\n","protected":false},"excerpt":{"rendered":"<p>B\u00f3g zap\u0142a\u0107 za ofiary z\u0142o\u017cone na\u00a0 kolekt\u0119 inwestycyjn\u0105 w poprzedni\u0105 niedziel\u0119. Zebrali\u015bmy 4181 z\u0142. W tym tygodniu w liturgii Ko\u015bcio\u0142a obchodzimy:\u00a0we wtorek 21.06 \u2013 &hellip;<\/p>\n","protected":false},"author":1,"featured_media":253,"comment_status":"closed","ping_status":"closed","sticky":false,"template":"","format":"standard","meta":{"footnotes":""},"categories":[5],"tags":[],"class_list":["post-370","post","type-post","status-publish","format-standard","has-post-thumbnail","hentry","category-ogloszenia"],"_links":{"self":[{"href":"https:\/\/parafiaparchowo.pl\/index.php?rest_route=\/wp\/v2\/posts\/370","targetHints":{"allow":["GET"]}}],"collection":[{"href":"https:\/\/parafiaparchowo.pl\/index.php?rest_route=\/wp\/v2\/posts"}],"about":[{"href":"https:\/\/parafiaparchowo.pl\/index.php?rest_route=\/wp\/v2\/types\/post"}],"author":[{"embeddable":true,"href":"https:\/\/parafiaparchowo.pl\/index.php?rest_route=\/wp\/v2\/users\/1"}],"replies":[{"embeddable":true,"href":"https:\/\/parafiaparchowo.pl\/index.php?rest_route=%2Fwp%2Fv2%2Fcomments&post=370"}],"version-history":[{"count":2,"href":"https:\/\/parafiaparchowo.pl\/index.php?rest_route=\/wp\/v2\/posts\/370\/revisions"}],"predecessor-version":[{"id":374,"href":"https:\/\/parafiaparchowo.pl\/index.php?rest_route=\/wp\/v2\/posts\/370\/revisions\/374"}],"wp:featuredmedia":[{"embeddable":true,"href":"https:\/\/parafiaparchowo.pl\/index.php?rest_route=\/wp\/v2\/media\/253"}],"wp:attachment":[{"href":"https:\/\/parafiaparchowo.pl\/index.php?rest_route=%2Fwp%2Fv2%2Fmedia&parent=370"}],"wp:term":[{"taxonomy":"category","embeddable":true,"href":"https:\/\/parafiaparchowo.pl\/index.php?rest_route=%2Fwp%2Fv2%2Fcategories&post=370"},{"taxonomy":"post_tag","embeddable":true,"href":"https:\/\/parafiaparchowo.pl\/index.php?rest_route=%2Fwp%2Fv2%2Ftags&post=370"}],"curies":[{"name":"wp","href":"https:\/\/api.w.org\/{rel}","templated":true}]}}