{"id":366,"date":"2022-06-12T07:30:00","date_gmt":"2022-06-12T05:30:00","guid":{"rendered":"https:\/\/parafiaparchowo.pl\/?p=366"},"modified":"2022-06-12T21:01:32","modified_gmt":"2022-06-12T19:01:32","slug":"niedziela-trojcy-swietej-12-06-2022r","status":"publish","type":"post","link":"https:\/\/parafiaparchowo.pl\/?p=366","title":{"rendered":"Niedziela\u00a0 Tr\u00f3jcy \u015awi\u0119tej\u00a0 \u2013 12.06.2022r."},"content":{"rendered":"\n<ol class=\"wp-block-list\"><li>Dzi\u015b obchodzimy w naszej parafii Uroczysto\u015b\u0107 I Komunii \u015awi\u0119tej. Otaczajmy modlitw\u0105 dzieci klas trzecich i ich rodziny. W Bia\u0142ym Tygodniu dzieci przychodz\u0105 na msz\u0119 \u015bw. o godz. 17:00.\u00a0<br>Bardzo dzi\u0119kuj\u0119 wszystkim za przygotowanie uroczysto\u015bci pierwszokomunijnej. Za posprz\u0105tanie ko\u015bcio\u0142a i obej\u015bcia, Pani Halinie &#8211; katechetce, rodzicom za zaanga\u017cowanie, pani Wac\u0142awie i paniom za przygotowanie obrus\u00f3w.\u00a0<\/li><\/ol>\n\n\n\n<ol class=\"wp-block-list\" start=\"2\"><li>B\u00f3g zap\u0142a\u0107 za ofiary z\u0142o\u017cone na\u00a0 kolekt\u0119 inwestycyjn\u0105.<br><\/li><li><strong>W tym tygodniu w liturgii Ko\u015bcio\u0142a obchodzimy:<\/strong><br>w poniedzia\u0142ek\u00a0 13.06 \u2013 \u015aw. Antoniego z Padwy<br>we wtorek 14.06 \u2013 B\u0142. Micha\u0142a Kozala, biskupa i m\u0119czennika<br>w czwartek 16.06. \u2013 Uroczysto\u015b\u0107 Naj\u015bwi\u0119tszego Cia\u0142a i Krwi Chrystusa\u00a0<br>w pi\u0105tek 17.06. \u2013 \u015bw. Brata Alberta Chmielowskiego<\/li><\/ol>\n\n\n\n<ol class=\"wp-block-list\" start=\"4\"><li>Przed nami Uroczysto\u015b\u0107 Bo\u017cego Cia\u0142a, tradycyjna procesja do czterech o\u0142tarzy odb\u0119dzie si\u0119 po mszy \u015bw. o godz. 11.30. O przygotowanie o\u0142tarzy bardzo prosz\u0119 ks. Proboszcza i ludzi dobrej woli &#8211; przy kaplicy Dobrego Pasterza, rodzin\u0119 Milkowskich wraz z s\u0105siadami, rodzin\u0119 Treder wraz z s\u0105siadami, oraz nasze siostry z DPS-u.\u00a0<br>Prosz\u0119 m\u0142odzie\u017c z Jamna, Go\u0142czewa i Parchowa o niesienie feretron\u00f3w.\u00a0<br>Prosz\u0119 Stra\u017cak\u00f3w naszej parafii o niesienie baldachimu i zabezpieczenie trasy w czasie procesji.\u00a0<br>Zapraszam dziewczynki do sypania kwiat\u00f3w, pierwsza pr\u00f3ba w poniedzia\u0142ek, o godz. 16:30. I prosz\u0119 dziewczyny z klas 7 i 8 o pomoc m\u0142odszym dziewczynkom.<br>W oktawie Bo\u017cego Cia\u0142a procesja eucharystyczna codziennie, po mszy \u015bw. o godz. 17:00. W sobot\u0119 wyj\u0105tkowo po mszy \u015bw. o godz. 18:00.<\/li><\/ol>\n\n\n\n<ol class=\"wp-block-list\" start=\"5\"><li>Parafia \u015bw. Katarzyny w Bytowie zaprasza na profilaktyczne warsztaty dla m\u0142odzie\u017cy, rodzic\u00f3w, nauczycieli i lider\u00f3w grup, kt\u00f3re odb\u0119d\u0105 si\u0119 od 17 do 19 czerwca w ramach projektu O WOLNO\u015aCI \u2013 weekend z profilaktyk\u0105. Podczas warsztat\u00f3w zostan\u0105 poruszone tematy uzale\u017cnie\u0144, przeciwdzia\u0142ania oraz pomocy uzale\u017cnionym. Zwie\u0144czeniem spotka\u0144 b\u0119dzie festyn i koncert Magdy Anio\u0142 na bytowskim rynku<br>w niedziel\u0119 19 czerwca o godz. 14:00.\u00a0 Szczeg\u00f3\u0142owe informacje podane s\u0105 na plakacie.\u00a0<\/li><\/ol>\n\n\n\n<ol class=\"wp-block-list\" start=\"6\"><li><strong>Zapowiedzi przed\u015blubne<\/strong><br>&#8211; Daniel Makurat, kawaler, zam. Parchowo<br>&#8211; Katarzyna Szyma\u0144ska, panna, zam. Parchowo<br><br>&#8211; Bart\u0142omiej Osowski, kawaler, zam. Go\u0142czewo<br>&#8211; Kinga Szulist, panna, zam. Go\u0142czewo<\/li><\/ol>\n\n\n\n<figure class=\"wp-block-image size-large\"><img loading=\"lazy\" decoding=\"async\" width=\"723\" height=\"1024\" src=\"https:\/\/parafiaparchowo.pl\/wp-content\/uploads\/2022\/06\/Intencje-mszalne-12.06.2022r-723x1024.png\" alt=\"\" class=\"wp-image-367\" srcset=\"https:\/\/parafiaparchowo.pl\/wp-content\/uploads\/2022\/06\/Intencje-mszalne-12.06.2022r-723x1024.png 723w, https:\/\/parafiaparchowo.pl\/wp-content\/uploads\/2022\/06\/Intencje-mszalne-12.06.2022r-212x300.png 212w, https:\/\/parafiaparchowo.pl\/wp-content\/uploads\/2022\/06\/Intencje-mszalne-12.06.2022r-768x1088.png 768w, https:\/\/parafiaparchowo.pl\/wp-content\/uploads\/2022\/06\/Intencje-mszalne-12.06.2022r-1084x1536.png 1084w\" sizes=\"auto, (max-width: 723px) 100vw, 723px\" \/><\/figure>\n","protected":false},"excerpt":{"rendered":"<p>Dzi\u015b obchodzimy w naszej parafii Uroczysto\u015b\u0107 I Komunii \u015awi\u0119tej. Otaczajmy modlitw\u0105 dzieci klas trzecich i ich rodziny. W Bia\u0142ym Tygodniu dzieci przychodz\u0105 na msz\u0119 &hellip;<\/p>\n","protected":false},"author":1,"featured_media":253,"comment_status":"closed","ping_status":"closed","sticky":false,"template":"","format":"standard","meta":{"footnotes":""},"categories":[5],"tags":[],"class_list":["post-366","post","type-post","status-publish","format-standard","has-post-thumbnail","hentry","category-ogloszenia"],"_links":{"self":[{"href":"https:\/\/parafiaparchowo.pl\/index.php?rest_route=\/wp\/v2\/posts\/366","targetHints":{"allow":["GET"]}}],"collection":[{"href":"https:\/\/parafiaparchowo.pl\/index.php?rest_route=\/wp\/v2\/posts"}],"about":[{"href":"https:\/\/parafiaparchowo.pl\/index.php?rest_route=\/wp\/v2\/types\/post"}],"author":[{"embeddable":true,"href":"https:\/\/parafiaparchowo.pl\/index.php?rest_route=\/wp\/v2\/users\/1"}],"replies":[{"embeddable":true,"href":"https:\/\/parafiaparchowo.pl\/index.php?rest_route=%2Fwp%2Fv2%2Fcomments&post=366"}],"version-history":[{"count":1,"href":"https:\/\/parafiaparchowo.pl\/index.php?rest_route=\/wp\/v2\/posts\/366\/revisions"}],"predecessor-version":[{"id":368,"href":"https:\/\/parafiaparchowo.pl\/index.php?rest_route=\/wp\/v2\/posts\/366\/revisions\/368"}],"wp:featuredmedia":[{"embeddable":true,"href":"https:\/\/parafiaparchowo.pl\/index.php?rest_route=\/wp\/v2\/media\/253"}],"wp:attachment":[{"href":"https:\/\/parafiaparchowo.pl\/index.php?rest_route=%2Fwp%2Fv2%2Fmedia&parent=366"}],"wp:term":[{"taxonomy":"category","embeddable":true,"href":"https:\/\/parafiaparchowo.pl\/index.php?rest_route=%2Fwp%2Fv2%2Fcategories&post=366"},{"taxonomy":"post_tag","embeddable":true,"href":"https:\/\/parafiaparchowo.pl\/index.php?rest_route=%2Fwp%2Fv2%2Ftags&post=366"}],"curies":[{"name":"wp","href":"https:\/\/api.w.org\/{rel}","templated":true}]}}