{"id":362,"date":"2022-06-05T07:30:00","date_gmt":"2022-06-05T05:30:00","guid":{"rendered":"https:\/\/parafiaparchowo.pl\/?p=362"},"modified":"2022-06-04T23:33:55","modified_gmt":"2022-06-04T21:33:55","slug":"niedziela-zeslania-ducha-swietego-5-06-2022r","status":"publish","type":"post","link":"https:\/\/parafiaparchowo.pl\/?p=362","title":{"rendered":"Niedziela\u00a0 Zes\u0142ania Ducha \u015awi\u0119tego\u00a0 \u2013 5.06.2022r."},"content":{"rendered":"\n<ol class=\"wp-block-list\"><li>W czerwcu, miesi\u0105cu po\u015bwi\u0119conym Naj\u015bwi\u0119tszemu Sercu Pana Jezusa, nabo\u017ce\u0144stwo czerwcowe odbywa\u0107 si\u0119 b\u0119dzie po mszy \u015bw. o godz. 17:00.<\/li><\/ol>\n\n\n\n<ol class=\"wp-block-list\" start=\"2\"><li>Za tydzie\u0144 kolekta inwestycyjna.&nbsp;<\/li><\/ol>\n\n\n\n<ol class=\"wp-block-list\" start=\"3\"><li>W poniedzia\u0142ek rozpoczynamy bezpo\u015brednie przygotowania do przyj\u0119cia dzieci do<br>I Komunii \u015bwi\u0119tej. 1 spotkanie w poniedzia\u0142ek o godz. 18:00.&nbsp;<\/li><\/ol>\n\n\n\n<ol class=\"wp-block-list\" start=\"4\"><li>W tym tygodniu w liturgii Ko\u015bcio\u0142a obchodzimy:\u00a0<br>w poniedzia\u0142ek\u00a0 6.06 \u2013 \u015awi\u0119to NMP Matki Ko\u015bcio\u0142a\u00a0<br>w \u015brod\u0119 7.06 \u2013 \u015bw. Jadwigi, kr\u00f3lowej\u00a0<br>w czwartek 9.06. \u2013 \u015awi\u0119to Jezusa Chrystusa Najwy\u017cszego i Wiecznego Kap\u0142ana\u00a0<br>w sobot\u0119 11.06. \u2013 \u015bw. Barnaby Aposto\u0142a<br>w niedziel\u0119 12. 06. \u2013 Uroczysto\u015b\u0107 Tr\u00f3jcy Przenaj\u015bwi\u0119tszej, I Komunia \u015awi\u0119ta\u00a0\u00a0\u00a0<\/li><\/ol>\n\n\n\n<ol class=\"wp-block-list\" start=\"5\"><li>W&nbsp; czwartek adoracja Naj\u015bwi\u0119tszego Sakramentu w intencji powo\u0142a\u0144 do kap\u0142a\u0144stwa, s\u0142u\u017cby zakonnej i pracy misyjnej od godz. 16:00.<\/li><\/ol>\n\n\n\n<figure class=\"wp-block-image size-large\"><img loading=\"lazy\" decoding=\"async\" width=\"723\" height=\"1024\" src=\"https:\/\/parafiaparchowo.pl\/wp-content\/uploads\/2022\/06\/Intencje-mszalne-5.06.2022r-723x1024.png\" alt=\"\" class=\"wp-image-363\" srcset=\"https:\/\/parafiaparchowo.pl\/wp-content\/uploads\/2022\/06\/Intencje-mszalne-5.06.2022r-723x1024.png 723w, https:\/\/parafiaparchowo.pl\/wp-content\/uploads\/2022\/06\/Intencje-mszalne-5.06.2022r-212x300.png 212w, https:\/\/parafiaparchowo.pl\/wp-content\/uploads\/2022\/06\/Intencje-mszalne-5.06.2022r-768x1088.png 768w, https:\/\/parafiaparchowo.pl\/wp-content\/uploads\/2022\/06\/Intencje-mszalne-5.06.2022r-1084x1536.png 1084w\" sizes=\"auto, (max-width: 723px) 100vw, 723px\" \/><\/figure>\n","protected":false},"excerpt":{"rendered":"<p>W czerwcu, miesi\u0105cu po\u015bwi\u0119conym Naj\u015bwi\u0119tszemu Sercu Pana Jezusa, nabo\u017ce\u0144stwo czerwcowe odbywa\u0107 si\u0119 b\u0119dzie po mszy \u015bw. o godz. 17:00. Za tydzie\u0144 kolekta inwestycyjna.&nbsp; W &hellip;<\/p>\n","protected":false},"author":1,"featured_media":253,"comment_status":"closed","ping_status":"closed","sticky":false,"template":"","format":"standard","meta":{"footnotes":""},"categories":[5],"tags":[],"class_list":["post-362","post","type-post","status-publish","format-standard","has-post-thumbnail","hentry","category-ogloszenia"],"_links":{"self":[{"href":"https:\/\/parafiaparchowo.pl\/index.php?rest_route=\/wp\/v2\/posts\/362","targetHints":{"allow":["GET"]}}],"collection":[{"href":"https:\/\/parafiaparchowo.pl\/index.php?rest_route=\/wp\/v2\/posts"}],"about":[{"href":"https:\/\/parafiaparchowo.pl\/index.php?rest_route=\/wp\/v2\/types\/post"}],"author":[{"embeddable":true,"href":"https:\/\/parafiaparchowo.pl\/index.php?rest_route=\/wp\/v2\/users\/1"}],"replies":[{"embeddable":true,"href":"https:\/\/parafiaparchowo.pl\/index.php?rest_route=%2Fwp%2Fv2%2Fcomments&post=362"}],"version-history":[{"count":1,"href":"https:\/\/parafiaparchowo.pl\/index.php?rest_route=\/wp\/v2\/posts\/362\/revisions"}],"predecessor-version":[{"id":364,"href":"https:\/\/parafiaparchowo.pl\/index.php?rest_route=\/wp\/v2\/posts\/362\/revisions\/364"}],"wp:featuredmedia":[{"embeddable":true,"href":"https:\/\/parafiaparchowo.pl\/index.php?rest_route=\/wp\/v2\/media\/253"}],"wp:attachment":[{"href":"https:\/\/parafiaparchowo.pl\/index.php?rest_route=%2Fwp%2Fv2%2Fmedia&parent=362"}],"wp:term":[{"taxonomy":"category","embeddable":true,"href":"https:\/\/parafiaparchowo.pl\/index.php?rest_route=%2Fwp%2Fv2%2Fcategories&post=362"},{"taxonomy":"post_tag","embeddable":true,"href":"https:\/\/parafiaparchowo.pl\/index.php?rest_route=%2Fwp%2Fv2%2Ftags&post=362"}],"curies":[{"name":"wp","href":"https:\/\/api.w.org\/{rel}","templated":true}]}}