{"id":353,"date":"2022-05-29T07:30:00","date_gmt":"2022-05-29T05:30:00","guid":{"rendered":"https:\/\/parafiaparchowo.pl\/?p=353"},"modified":"2022-05-29T13:12:42","modified_gmt":"2022-05-29T11:12:42","slug":"vii-niedziela-wielkanocna-29-05-2022r","status":"publish","type":"post","link":"https:\/\/parafiaparchowo.pl\/?p=353","title":{"rendered":"VII Niedziela\u00a0 Wielkanocna\u00a0 \u2013 29.05.2022r."},"content":{"rendered":"\n<ol class=\"wp-block-list\"><li>Wczoraj zosta\u0142o wy\u015bwi\u0119conych 5 nowych prezbiter\u00f3w w naszej diecezji. Pami\u0119tajmy o nich w modlitwie.<\/li><\/ol>\n\n\n\n<ol class=\"wp-block-list\" start=\"2\"><li>W \u015brod\u0119 rozpoczynamy czerwiec, miesi\u0105c po\u015bwi\u0119cony Naj\u015bwi\u0119tszemu Sercu Pana Jezusa, nabo\u017ce\u0144stwo czerwcowe odbywa\u0107 si\u0119 b\u0119dzie po mszy \u015bw. o godz. 17:00.<\/li><\/ol>\n\n\n\n<ol class=\"wp-block-list\" start=\"3\"><li>W tym tygodniu w liturgii Ko\u015bcio\u0142a obchodzimy:<br>we wtorek 31.05 \u2013 Nawiedzenie NMP&nbsp;<br>w \u015brod\u0119 1.06 \u2013 \u015bw. Justyna, Dzie\u0144 Dziecka&nbsp;&nbsp;<\/li><\/ol>\n\n\n\n<ol class=\"wp-block-list\" start=\"4\"><li>W&nbsp; czwartek adoracja Naj\u015bwi\u0119tszego Sakramentu w intencji powo\u0142a\u0144 do kap\u0142a\u0144stwa, s\u0142u\u017cby zakonnej i pracy misyjnej od godz. 16:00.<\/li><\/ol>\n\n\n\n<ol class=\"wp-block-list\" start=\"5\"><li>W I pi\u0105tek od godz. 8:30 odwiedziny chorych z pos\u0142uga sakramentaln\u0105, po po\u0142udniu spowied\u017a od godz. 16:00.&nbsp;&nbsp;&nbsp;<\/li><\/ol>\n\n\n\n<ol class=\"wp-block-list\" start=\"6\"><li>Spotkanie dla m\u0142odzie\u017cy przygotowuj\u0105cej si\u0119 do bierzmowania w pi\u0105tek po mszy \u015bw. o godz. 18:00.<\/li><\/ol>\n\n\n\n<ol class=\"wp-block-list\" start=\"7\"><li>Dzi\u0119kuj\u0119 za udzia\u0142 w zbi\u00f3rce zu\u017cytego sprz\u0119tu elektrycznego i elektronicznego<br>Przychody z akcji pozwol\u0105 na wsparcie Polskich Misjonarzy, kt\u00f3rzy prowadz\u0105 swoje misje w najbiedniejszych krajach \u015bwiata: Zambii, Kamerunie, Kenii oraz naszym rodakom, kt\u00f3rzy pozostali na wschodzie.&nbsp;<\/li><\/ol>\n\n\n\n<figure class=\"wp-block-image size-full\"><img loading=\"lazy\" decoding=\"async\" width=\"6825\" height=\"9669\" src=\"https:\/\/parafiaparchowo.pl\/wp-content\/uploads\/2022\/05\/Intencje-mszalne-Parchowo-29.05.2022r_v2.png\" alt=\"\" class=\"wp-image-360\" srcset=\"https:\/\/parafiaparchowo.pl\/wp-content\/uploads\/2022\/05\/Intencje-mszalne-Parchowo-29.05.2022r_v2.png 6825w, https:\/\/parafiaparchowo.pl\/wp-content\/uploads\/2022\/05\/Intencje-mszalne-Parchowo-29.05.2022r_v2-212x300.png 212w, https:\/\/parafiaparchowo.pl\/wp-content\/uploads\/2022\/05\/Intencje-mszalne-Parchowo-29.05.2022r_v2-723x1024.png 723w, https:\/\/parafiaparchowo.pl\/wp-content\/uploads\/2022\/05\/Intencje-mszalne-Parchowo-29.05.2022r_v2-768x1088.png 768w, https:\/\/parafiaparchowo.pl\/wp-content\/uploads\/2022\/05\/Intencje-mszalne-Parchowo-29.05.2022r_v2-1084x1536.png 1084w\" sizes=\"auto, (max-width: 6825px) 100vw, 6825px\" \/><\/figure>\n","protected":false},"excerpt":{"rendered":"<p>Wczoraj zosta\u0142o wy\u015bwi\u0119conych 5 nowych prezbiter\u00f3w w naszej diecezji. Pami\u0119tajmy o nich w modlitwie. W \u015brod\u0119 rozpoczynamy czerwiec, miesi\u0105c po\u015bwi\u0119cony Naj\u015bwi\u0119tszemu Sercu Pana Jezusa, &hellip;<\/p>\n","protected":false},"author":1,"featured_media":253,"comment_status":"closed","ping_status":"","sticky":false,"template":"","format":"standard","meta":{"footnotes":""},"categories":[5],"tags":[],"class_list":["post-353","post","type-post","status-publish","format-standard","has-post-thumbnail","hentry","category-ogloszenia"],"_links":{"self":[{"href":"https:\/\/parafiaparchowo.pl\/index.php?rest_route=\/wp\/v2\/posts\/353","targetHints":{"allow":["GET"]}}],"collection":[{"href":"https:\/\/parafiaparchowo.pl\/index.php?rest_route=\/wp\/v2\/posts"}],"about":[{"href":"https:\/\/parafiaparchowo.pl\/index.php?rest_route=\/wp\/v2\/types\/post"}],"author":[{"embeddable":true,"href":"https:\/\/parafiaparchowo.pl\/index.php?rest_route=\/wp\/v2\/users\/1"}],"replies":[{"embeddable":true,"href":"https:\/\/parafiaparchowo.pl\/index.php?rest_route=%2Fwp%2Fv2%2Fcomments&post=353"}],"version-history":[{"count":3,"href":"https:\/\/parafiaparchowo.pl\/index.php?rest_route=\/wp\/v2\/posts\/353\/revisions"}],"predecessor-version":[{"id":361,"href":"https:\/\/parafiaparchowo.pl\/index.php?rest_route=\/wp\/v2\/posts\/353\/revisions\/361"}],"wp:featuredmedia":[{"embeddable":true,"href":"https:\/\/parafiaparchowo.pl\/index.php?rest_route=\/wp\/v2\/media\/253"}],"wp:attachment":[{"href":"https:\/\/parafiaparchowo.pl\/index.php?rest_route=%2Fwp%2Fv2%2Fmedia&parent=353"}],"wp:term":[{"taxonomy":"category","embeddable":true,"href":"https:\/\/parafiaparchowo.pl\/index.php?rest_route=%2Fwp%2Fv2%2Fcategories&post=353"},{"taxonomy":"post_tag","embeddable":true,"href":"https:\/\/parafiaparchowo.pl\/index.php?rest_route=%2Fwp%2Fv2%2Ftags&post=353"}],"curies":[{"name":"wp","href":"https:\/\/api.w.org\/{rel}","templated":true}]}}