{"id":347,"date":"2022-05-22T07:30:00","date_gmt":"2022-05-22T05:30:00","guid":{"rendered":"https:\/\/parafiaparchowo.pl\/?p=347"},"modified":"2022-05-22T00:21:18","modified_gmt":"2022-05-21T22:21:18","slug":"vi-niedziela-wielkanocna-22-05-2022r","status":"publish","type":"post","link":"https:\/\/parafiaparchowo.pl\/?p=347","title":{"rendered":"VI Niedziela\u00a0 Wielkanocna\u00a0 \u2013 22.05.2022r."},"content":{"rendered":"\n<ol class=\"wp-block-list\"><li>W tym tygodniu w liturgii Ko\u015bcio\u0142a obchodzimy:<br>we wtorek 24.05 \u2013 NMP Wspomo\u017cycielki Wiernych&nbsp;&nbsp;<br>w czwartek 26.05 \u2013 \u015bw. Filipa Neri, Dzie\u0144 Matki&nbsp;<\/li><\/ol>\n\n\n\n<ol class=\"wp-block-list\" start=\"2\"><li>W poniedzia\u0142ek, wtorek i \u015brod\u0119, tzw. Dni Krzy\u017cowe, po mszy \u015bw. o godz. 17:00 odprawimy procesj\u0119 z b\u0142ogos\u0142awie\u0144stwem p\u00f3l i modlitw\u0105 o urodzaje.<\/li><\/ol>\n\n\n\n<ol class=\"wp-block-list\" start=\"3\"><li>W&nbsp; czwartek adoracja Naj\u015bwi\u0119tszego Sakramentu w intencji powo\u0142a\u0144 do kap\u0142a\u0144stwa, s\u0142u\u017cby zakonnej i pracy misyjnej od godz. 16:00.<\/li><\/ol>\n\n\n\n<ol class=\"wp-block-list\" start=\"4\"><li>Zapraszamy do udzia\u0142u w zbi\u00f3rce zu\u017cytego sprz\u0119tu elektrycznego i elektronicznego<br>( sprz\u0119t RTV i AGD). Zbi\u00f3rka b\u0119dzie mia\u0142a miejsce przy plebanii od <strong>dnia 26 do 27 maja do godz. 13:30<\/strong>. Przychody z akcji pozwol\u0105 na wsparcie Polskich Misjonarzy, kt\u00f3rzy prowadz\u0105 swoje misje w najbiedniejszych krajach \u015bwiata: Zambii, Kamerunie, Kenii oraz naszym rodakom, kt\u00f3rzy pozostali na wschodzie.&nbsp;<\/li><\/ol>\n\n\n\n<ol class=\"wp-block-list\" start=\"5\"><li><strong>Zapowiedzi przed\u015blubne<\/strong><br>&#8211; Grzegorz Jakubek, kawaler, zam. par. Nakla<br>&#8211; Aleksandra Konkol, panna, zam. par. Parchowo&nbsp;<\/li><\/ol>\n\n\n\n<figure class=\"wp-block-image size-large\"><img loading=\"lazy\" decoding=\"async\" width=\"723\" height=\"1024\" src=\"https:\/\/parafiaparchowo.pl\/wp-content\/uploads\/2022\/05\/Intencje-mszalne-22.05.2022r-723x1024.png\" alt=\"\" class=\"wp-image-348\" srcset=\"https:\/\/parafiaparchowo.pl\/wp-content\/uploads\/2022\/05\/Intencje-mszalne-22.05.2022r-723x1024.png 723w, https:\/\/parafiaparchowo.pl\/wp-content\/uploads\/2022\/05\/Intencje-mszalne-22.05.2022r-212x300.png 212w, https:\/\/parafiaparchowo.pl\/wp-content\/uploads\/2022\/05\/Intencje-mszalne-22.05.2022r-768x1088.png 768w, https:\/\/parafiaparchowo.pl\/wp-content\/uploads\/2022\/05\/Intencje-mszalne-22.05.2022r-1084x1536.png 1084w\" sizes=\"auto, (max-width: 723px) 100vw, 723px\" \/><\/figure>\n","protected":false},"excerpt":{"rendered":"<p>W tym tygodniu w liturgii Ko\u015bcio\u0142a obchodzimy:we wtorek 24.05 \u2013 NMP Wspomo\u017cycielki Wiernych&nbsp;&nbsp;w czwartek 26.05 \u2013 \u015bw. Filipa Neri, Dzie\u0144 Matki&nbsp; W poniedzia\u0142ek, wtorek &hellip;<\/p>\n","protected":false},"author":1,"featured_media":253,"comment_status":"closed","ping_status":"","sticky":false,"template":"","format":"standard","meta":{"footnotes":""},"categories":[5],"tags":[],"class_list":["post-347","post","type-post","status-publish","format-standard","has-post-thumbnail","hentry","category-ogloszenia"],"_links":{"self":[{"href":"https:\/\/parafiaparchowo.pl\/index.php?rest_route=\/wp\/v2\/posts\/347","targetHints":{"allow":["GET"]}}],"collection":[{"href":"https:\/\/parafiaparchowo.pl\/index.php?rest_route=\/wp\/v2\/posts"}],"about":[{"href":"https:\/\/parafiaparchowo.pl\/index.php?rest_route=\/wp\/v2\/types\/post"}],"author":[{"embeddable":true,"href":"https:\/\/parafiaparchowo.pl\/index.php?rest_route=\/wp\/v2\/users\/1"}],"replies":[{"embeddable":true,"href":"https:\/\/parafiaparchowo.pl\/index.php?rest_route=%2Fwp%2Fv2%2Fcomments&post=347"}],"version-history":[{"count":2,"href":"https:\/\/parafiaparchowo.pl\/index.php?rest_route=\/wp\/v2\/posts\/347\/revisions"}],"predecessor-version":[{"id":350,"href":"https:\/\/parafiaparchowo.pl\/index.php?rest_route=\/wp\/v2\/posts\/347\/revisions\/350"}],"wp:featuredmedia":[{"embeddable":true,"href":"https:\/\/parafiaparchowo.pl\/index.php?rest_route=\/wp\/v2\/media\/253"}],"wp:attachment":[{"href":"https:\/\/parafiaparchowo.pl\/index.php?rest_route=%2Fwp%2Fv2%2Fmedia&parent=347"}],"wp:term":[{"taxonomy":"category","embeddable":true,"href":"https:\/\/parafiaparchowo.pl\/index.php?rest_route=%2Fwp%2Fv2%2Fcategories&post=347"},{"taxonomy":"post_tag","embeddable":true,"href":"https:\/\/parafiaparchowo.pl\/index.php?rest_route=%2Fwp%2Fv2%2Ftags&post=347"}],"curies":[{"name":"wp","href":"https:\/\/api.w.org\/{rel}","templated":true}]}}