{"id":344,"date":"2022-05-15T07:30:00","date_gmt":"2022-05-15T05:30:00","guid":{"rendered":"https:\/\/parafiaparchowo.pl\/?p=344"},"modified":"2022-05-14T22:11:58","modified_gmt":"2022-05-14T20:11:58","slug":"v-niedziela-wielkanocna-15-05-2022r","status":"publish","type":"post","link":"https:\/\/parafiaparchowo.pl\/?p=344","title":{"rendered":"V Niedziela\u00a0 Wielkanocna\u00a0 \u2013 15.05.2022r."},"content":{"rendered":"\n<ol class=\"wp-block-list\"><li>B\u00f3g zap\u0142a\u0107 za z\u0142o\u017cone w zesz\u0142\u0105 niedziele ofiary na kolekt\u0119 inwestycyjn\u0105.<br>Zebrali\u015bmy 3355 z\u0142.&nbsp;<\/li><\/ol>\n\n\n\n<ol class=\"wp-block-list\" start=\"2\"><li>W tym tygodniu w liturgii Ko\u015bcio\u0142a obchodzimy:<br>w poniedzia\u0142ek 16.05 \u2013 \u015bwi\u0119to \u015bw. Andrzeja Boboli \u2013\u00a0 Patrona Polski\u00a0<\/li><\/ol>\n\n\n\n<ol class=\"wp-block-list\" start=\"3\"><li>W&nbsp; czwartek adoracja Naj\u015bwi\u0119tszego Sakramentu w intencji powo\u0142a\u0144 do kap\u0142a\u0144stwa, s\u0142u\u017cby zakonnej i pracy misyjnej od godz. 16:00.<\/li><\/ol>\n\n\n\n<ol class=\"wp-block-list\" start=\"4\"><li>W sobot\u0119 21 maja o godz. 9:00, spotkanie dla dzieci przygotowuj\u0105cych si\u0119 do przyj\u0119cia I Komunii \u015bwi\u0119tej.<\/li><\/ol>\n\n\n\n<ol class=\"wp-block-list\" start=\"5\"><li><strong>Zapowiedzi przed\u015blubne<\/strong><br>&#8211; Grzegorz Jakubek, kawaler, zam. par. Nakla<br>&#8211; Aleksandra Konkol, panna, zam. par. Parchowo\u00a0<\/li><\/ol>\n\n\n\n<figure class=\"wp-block-image size-large\"><img loading=\"lazy\" decoding=\"async\" width=\"723\" height=\"1024\" src=\"https:\/\/parafiaparchowo.pl\/wp-content\/uploads\/2022\/05\/Intencje-mszalne-15.05.2022r-723x1024.png\" alt=\"\" class=\"wp-image-345\" srcset=\"https:\/\/parafiaparchowo.pl\/wp-content\/uploads\/2022\/05\/Intencje-mszalne-15.05.2022r-723x1024.png 723w, https:\/\/parafiaparchowo.pl\/wp-content\/uploads\/2022\/05\/Intencje-mszalne-15.05.2022r-212x300.png 212w, https:\/\/parafiaparchowo.pl\/wp-content\/uploads\/2022\/05\/Intencje-mszalne-15.05.2022r-768x1088.png 768w, https:\/\/parafiaparchowo.pl\/wp-content\/uploads\/2022\/05\/Intencje-mszalne-15.05.2022r.png 826w\" sizes=\"auto, (max-width: 723px) 100vw, 723px\" \/><\/figure>\n","protected":false},"excerpt":{"rendered":"<p>B\u00f3g zap\u0142a\u0107 za z\u0142o\u017cone w zesz\u0142\u0105 niedziele ofiary na kolekt\u0119 inwestycyjn\u0105.Zebrali\u015bmy 3355 z\u0142.&nbsp; W tym tygodniu w liturgii Ko\u015bcio\u0142a obchodzimy:w poniedzia\u0142ek 16.05 \u2013 \u015bwi\u0119to &hellip;<\/p>\n","protected":false},"author":1,"featured_media":253,"comment_status":"closed","ping_status":"","sticky":false,"template":"","format":"standard","meta":{"footnotes":""},"categories":[5],"tags":[],"class_list":["post-344","post","type-post","status-publish","format-standard","has-post-thumbnail","hentry","category-ogloszenia"],"_links":{"self":[{"href":"https:\/\/parafiaparchowo.pl\/index.php?rest_route=\/wp\/v2\/posts\/344","targetHints":{"allow":["GET"]}}],"collection":[{"href":"https:\/\/parafiaparchowo.pl\/index.php?rest_route=\/wp\/v2\/posts"}],"about":[{"href":"https:\/\/parafiaparchowo.pl\/index.php?rest_route=\/wp\/v2\/types\/post"}],"author":[{"embeddable":true,"href":"https:\/\/parafiaparchowo.pl\/index.php?rest_route=\/wp\/v2\/users\/1"}],"replies":[{"embeddable":true,"href":"https:\/\/parafiaparchowo.pl\/index.php?rest_route=%2Fwp%2Fv2%2Fcomments&post=344"}],"version-history":[{"count":1,"href":"https:\/\/parafiaparchowo.pl\/index.php?rest_route=\/wp\/v2\/posts\/344\/revisions"}],"predecessor-version":[{"id":346,"href":"https:\/\/parafiaparchowo.pl\/index.php?rest_route=\/wp\/v2\/posts\/344\/revisions\/346"}],"wp:featuredmedia":[{"embeddable":true,"href":"https:\/\/parafiaparchowo.pl\/index.php?rest_route=\/wp\/v2\/media\/253"}],"wp:attachment":[{"href":"https:\/\/parafiaparchowo.pl\/index.php?rest_route=%2Fwp%2Fv2%2Fmedia&parent=344"}],"wp:term":[{"taxonomy":"category","embeddable":true,"href":"https:\/\/parafiaparchowo.pl\/index.php?rest_route=%2Fwp%2Fv2%2Fcategories&post=344"},{"taxonomy":"post_tag","embeddable":true,"href":"https:\/\/parafiaparchowo.pl\/index.php?rest_route=%2Fwp%2Fv2%2Ftags&post=344"}],"curies":[{"name":"wp","href":"https:\/\/api.w.org\/{rel}","templated":true}]}}