{"id":338,"date":"2022-05-08T07:30:00","date_gmt":"2022-05-08T05:30:00","guid":{"rendered":"https:\/\/parafiaparchowo.pl\/?p=338"},"modified":"2022-05-07T23:58:17","modified_gmt":"2022-05-07T21:58:17","slug":"iv-niedziela-wielkanocna-8-05-2022r","status":"publish","type":"post","link":"https:\/\/parafiaparchowo.pl\/?p=338","title":{"rendered":"\u00a0IV Niedziela\u00a0 Wielkanocna &#8211; 8.05.2022r."},"content":{"rendered":"\n<ol class=\"wp-block-list\"><li>B\u00f3g zap\u0142a\u0107 za z\u0142o\u017cone ofiary na kolekt\u0119 inwestycyjn\u0105.&nbsp;<\/li><\/ol>\n\n\n\n<ol class=\"wp-block-list\" start=\"2\"><li>W tym tygodniu w liturgii Ko\u015bcio\u0142a obchodzimy:<br>w poniedzia\u0142ek 9.05 \u2013 uroczysto\u015b\u0107 \u015bw. Stanis\u0142awa Biskupa \u2013 G\u0142\u00f3wnego Patrona Polski&nbsp;<br>w pi\u0105tek 13.05 \u2013 wspomnienie NMP z Fatimy&nbsp;<br>w sobot\u0119 14.05 \u2013 \u015bwi\u0119to \u015bw. Macieja Aposto\u0142a&nbsp;<\/li><\/ol>\n\n\n\n<ol class=\"wp-block-list\" start=\"3\"><li>W&nbsp; czwartek adoracja Naj\u015bwi\u0119tszego Sakramentu w intencji powo\u0142a\u0144 do kap\u0142a\u0144stwa s\u0142u\u017cby zakonnej i pracy misyjnej od godz. 16:00.<\/li><\/ol>\n\n\n\n<ol class=\"wp-block-list\" start=\"4\"><li>Zmar\u0142y nasze parafianki:<br>&#8211; \u015bp. Helena Gojtowska, pogrzeb we wtorek o godz. 10:00<br>&#8211; \u015bp. Monika \u017bywicka, pogrzeb w \u015brod\u0119 o godz. 11:00<br>Dobry Jezu a Nasz Panie\u2026<\/li><\/ol>\n\n\n\n<figure class=\"wp-block-image size-large\"><img loading=\"lazy\" decoding=\"async\" width=\"723\" height=\"1024\" src=\"https:\/\/parafiaparchowo.pl\/wp-content\/uploads\/2022\/05\/Intencje-mszalne-8.05.2022r-723x1024.png\" alt=\"\" class=\"wp-image-339\" srcset=\"https:\/\/parafiaparchowo.pl\/wp-content\/uploads\/2022\/05\/Intencje-mszalne-8.05.2022r-723x1024.png 723w, https:\/\/parafiaparchowo.pl\/wp-content\/uploads\/2022\/05\/Intencje-mszalne-8.05.2022r-212x300.png 212w, https:\/\/parafiaparchowo.pl\/wp-content\/uploads\/2022\/05\/Intencje-mszalne-8.05.2022r-768x1088.png 768w, https:\/\/parafiaparchowo.pl\/wp-content\/uploads\/2022\/05\/Intencje-mszalne-8.05.2022r-1084x1536.png 1084w, https:\/\/parafiaparchowo.pl\/wp-content\/uploads\/2022\/05\/Intencje-mszalne-8.05.2022r-1446x2048.png 1446w\" sizes=\"auto, (max-width: 723px) 100vw, 723px\" \/><\/figure>\n","protected":false},"excerpt":{"rendered":"<p>B\u00f3g zap\u0142a\u0107 za z\u0142o\u017cone ofiary na kolekt\u0119 inwestycyjn\u0105.&nbsp; W tym tygodniu w liturgii Ko\u015bcio\u0142a obchodzimy:w poniedzia\u0142ek 9.05 \u2013 uroczysto\u015b\u0107 \u015bw. Stanis\u0142awa Biskupa \u2013 G\u0142\u00f3wnego &hellip;<\/p>\n","protected":false},"author":1,"featured_media":253,"comment_status":"closed","ping_status":"","sticky":false,"template":"","format":"standard","meta":{"footnotes":""},"categories":[5],"tags":[],"class_list":["post-338","post","type-post","status-publish","format-standard","has-post-thumbnail","hentry","category-ogloszenia"],"_links":{"self":[{"href":"https:\/\/parafiaparchowo.pl\/index.php?rest_route=\/wp\/v2\/posts\/338","targetHints":{"allow":["GET"]}}],"collection":[{"href":"https:\/\/parafiaparchowo.pl\/index.php?rest_route=\/wp\/v2\/posts"}],"about":[{"href":"https:\/\/parafiaparchowo.pl\/index.php?rest_route=\/wp\/v2\/types\/post"}],"author":[{"embeddable":true,"href":"https:\/\/parafiaparchowo.pl\/index.php?rest_route=\/wp\/v2\/users\/1"}],"replies":[{"embeddable":true,"href":"https:\/\/parafiaparchowo.pl\/index.php?rest_route=%2Fwp%2Fv2%2Fcomments&post=338"}],"version-history":[{"count":2,"href":"https:\/\/parafiaparchowo.pl\/index.php?rest_route=\/wp\/v2\/posts\/338\/revisions"}],"predecessor-version":[{"id":341,"href":"https:\/\/parafiaparchowo.pl\/index.php?rest_route=\/wp\/v2\/posts\/338\/revisions\/341"}],"wp:featuredmedia":[{"embeddable":true,"href":"https:\/\/parafiaparchowo.pl\/index.php?rest_route=\/wp\/v2\/media\/253"}],"wp:attachment":[{"href":"https:\/\/parafiaparchowo.pl\/index.php?rest_route=%2Fwp%2Fv2%2Fmedia&parent=338"}],"wp:term":[{"taxonomy":"category","embeddable":true,"href":"https:\/\/parafiaparchowo.pl\/index.php?rest_route=%2Fwp%2Fv2%2Fcategories&post=338"},{"taxonomy":"post_tag","embeddable":true,"href":"https:\/\/parafiaparchowo.pl\/index.php?rest_route=%2Fwp%2Fv2%2Ftags&post=338"}],"curies":[{"name":"wp","href":"https:\/\/api.w.org\/{rel}","templated":true}]}}