{"id":328,"date":"2022-05-01T07:30:00","date_gmt":"2022-05-01T05:30:00","guid":{"rendered":"https:\/\/parafiaparchowo.pl\/?p=328"},"modified":"2022-04-30T23:23:48","modified_gmt":"2022-04-30T21:23:48","slug":"iii-wielkanocna-1-05-2022r","status":"publish","type":"post","link":"https:\/\/parafiaparchowo.pl\/?p=328","title":{"rendered":"III Wielkanocna\u00a0 \u2013 1.05.2022r."},"content":{"rendered":"\n<ol class=\"wp-block-list\"><li>Dzi\u015b rozpoczynamy miesi\u0105c maj, nabo\u017ce\u0144stwa majowe odbywa\u0107 si\u0119 b\u0119d\u0105 po mszy \u015bw. o godz. 17:00. W niedziel\u0119 zamiennie po mszy \u015bw. o godz. 9:30 i 11:30.&nbsp;<\/li><\/ol>\n\n\n\n<ol class=\"wp-block-list\" start=\"2\"><li>4 maja wspomnienie \u015bw. Floriana patrona stra\u017cak\u00f3w, na godz. 18:00 zapraszam wszystkich stra\u017cak\u00f3w naszej parafii na msz\u0119 \u015bw. w ich intencji.&nbsp;<\/li><\/ol>\n\n\n\n<ol class=\"wp-block-list\" start=\"3\"><li>W&nbsp; czwartek adoracja Naj\u015bwi\u0119tszego Sakramentu w intencji powo\u0142a\u0144 do kap\u0142a\u0144stwa s\u0142u\u017cby zakonnej i pracy misyjnej od godz. 16:00, oraz spowied\u017a.<br><\/li><li>W I pi\u0105tek od 8:30 odwiedziny chorych z pos\u0142uga sakramentaln\u0105, po po\u0142udniu spowied\u017a od godz. 16:00.&nbsp;&nbsp;&nbsp;<\/li><\/ol>\n\n\n\n<ol class=\"wp-block-list\" start=\"5\"><li>W sobot\u0119 7 maja o godz. 9:00, spotkanie dla dzieci przygotowuj\u0105cych si\u0119 do przyj\u0119cia<br>I Komunii \u015bwi\u0119tej.<\/li><\/ol>\n\n\n\n<ol class=\"wp-block-list\" start=\"6\"><li>Za tydzie\u0144 w drug\u0105 niedziel\u0119 miesi\u0105ca kolekta inwestycyjna.<br><\/li><li>Zosta\u0142a dokonana inwentaryzacja naszego cmentarza parafialnego i s\u0105 za\u0142o\u017cone ksi\u0119gi cmentarne. Jest taki wym\u00f3g dla administratora cmentarza. W zwi\u0105zku z tym je\u015bli min\u0119\u0142o ju\u017c 20 lat od pogrzebu, bardzo prosz\u0119 osoby odpowiedzialne za groby, aby przed\u0142u\u017cy\u0142y rezerwacj\u0119 miejsca. Ofiara na jedno miejsce za rok wynosi 20 z\u0142. Op\u0142aty cmentarne przeznaczone b\u0119d\u0105 na wyw\u00f3z \u015bmieci, oraz na planowane inwestycje na parafialnym cmentarzu. Przypominam r\u00f3wnie\u017c o obowi\u0105zku segregowania odpad\u00f3w na cmentarzu.<\/li><\/ol>\n\n\n\n<ol class=\"wp-block-list\" start=\"8\"><li><strong>Zapowiedzi przed\u015blubne<\/strong><\/li><\/ol>\n\n\n\n<p>&#8211; Damian Gliszczy\u0144ski, kawaler, zam. Byt\u00f3w<br>&#8211; Danuta Lewi\u0144ska, panna, par. Parchowo<\/p>\n\n\n\n<figure class=\"wp-block-image size-large\"><img loading=\"lazy\" decoding=\"async\" width=\"723\" height=\"1024\" src=\"https:\/\/parafiaparchowo.pl\/wp-content\/uploads\/2022\/04\/Intencje-mszalne-1.05.2022r-723x1024.png\" alt=\"\" class=\"wp-image-330\" srcset=\"https:\/\/parafiaparchowo.pl\/wp-content\/uploads\/2022\/04\/Intencje-mszalne-1.05.2022r-723x1024.png 723w, https:\/\/parafiaparchowo.pl\/wp-content\/uploads\/2022\/04\/Intencje-mszalne-1.05.2022r-212x300.png 212w, https:\/\/parafiaparchowo.pl\/wp-content\/uploads\/2022\/04\/Intencje-mszalne-1.05.2022r-768x1088.png 768w, https:\/\/parafiaparchowo.pl\/wp-content\/uploads\/2022\/04\/Intencje-mszalne-1.05.2022r-1084x1536.png 1084w\" sizes=\"auto, (max-width: 723px) 100vw, 723px\" \/><\/figure>\n","protected":false},"excerpt":{"rendered":"<p>Dzi\u015b rozpoczynamy miesi\u0105c maj, nabo\u017ce\u0144stwa majowe odbywa\u0107 si\u0119 b\u0119d\u0105 po mszy \u015bw. o godz. 17:00. W niedziel\u0119 zamiennie po mszy \u015bw. o godz. 9:30 &hellip;<\/p>\n","protected":false},"author":1,"featured_media":253,"comment_status":"closed","ping_status":"","sticky":false,"template":"","format":"standard","meta":{"footnotes":""},"categories":[5],"tags":[],"class_list":["post-328","post","type-post","status-publish","format-standard","has-post-thumbnail","hentry","category-ogloszenia"],"_links":{"self":[{"href":"https:\/\/parafiaparchowo.pl\/index.php?rest_route=\/wp\/v2\/posts\/328","targetHints":{"allow":["GET"]}}],"collection":[{"href":"https:\/\/parafiaparchowo.pl\/index.php?rest_route=\/wp\/v2\/posts"}],"about":[{"href":"https:\/\/parafiaparchowo.pl\/index.php?rest_route=\/wp\/v2\/types\/post"}],"author":[{"embeddable":true,"href":"https:\/\/parafiaparchowo.pl\/index.php?rest_route=\/wp\/v2\/users\/1"}],"replies":[{"embeddable":true,"href":"https:\/\/parafiaparchowo.pl\/index.php?rest_route=%2Fwp%2Fv2%2Fcomments&post=328"}],"version-history":[{"count":2,"href":"https:\/\/parafiaparchowo.pl\/index.php?rest_route=\/wp\/v2\/posts\/328\/revisions"}],"predecessor-version":[{"id":332,"href":"https:\/\/parafiaparchowo.pl\/index.php?rest_route=\/wp\/v2\/posts\/328\/revisions\/332"}],"wp:featuredmedia":[{"embeddable":true,"href":"https:\/\/parafiaparchowo.pl\/index.php?rest_route=\/wp\/v2\/media\/253"}],"wp:attachment":[{"href":"https:\/\/parafiaparchowo.pl\/index.php?rest_route=%2Fwp%2Fv2%2Fmedia&parent=328"}],"wp:term":[{"taxonomy":"category","embeddable":true,"href":"https:\/\/parafiaparchowo.pl\/index.php?rest_route=%2Fwp%2Fv2%2Fcategories&post=328"},{"taxonomy":"post_tag","embeddable":true,"href":"https:\/\/parafiaparchowo.pl\/index.php?rest_route=%2Fwp%2Fv2%2Ftags&post=328"}],"curies":[{"name":"wp","href":"https:\/\/api.w.org\/{rel}","templated":true}]}}