{"id":323,"date":"2022-04-24T07:30:00","date_gmt":"2022-04-24T05:30:00","guid":{"rendered":"https:\/\/parafiaparchowo.pl\/?p=323"},"modified":"2022-04-24T00:55:29","modified_gmt":"2022-04-23T22:55:29","slug":"niedziela-milosierdzia-24-04-2022r","status":"publish","type":"post","link":"https:\/\/parafiaparchowo.pl\/?p=323","title":{"rendered":"Niedziela Mi\u0142osierdzia\u00a0 \u2013 24.04.2022r."},"content":{"rendered":"\n<ol class=\"wp-block-list\"><li>Dzi\u015b przed ko\u015bcio\u0142em zbi\u00f3rka na cele charytatywne, za z\u0142o\u017cone ofiary sk\u0142adam serdeczne B\u00f3g zap\u0142a\u0107.&nbsp;<\/li><\/ol>\n\n\n\n<ol class=\"wp-block-list\" start=\"2\"><li>Na godz. 15:00 zapraszam na adoracj\u0119 Naj\u015bwi\u0119tszego Sakramentu, aby prze\u017cywa\u0107 Godzin\u0119 Mi\u0142osierdzia.&nbsp;<\/li><\/ol>\n\n\n\n<ol class=\"wp-block-list\" start=\"3\"><li>W poniedzia\u0142ek \u015bwi\u0119to \u015bw. Marka Ewangelisty, po Mszy \u015bw. o godz. 18:00 nabo\u017ce\u0144stwo o urodzaje.<\/li><\/ol>\n\n\n\n<ol class=\"wp-block-list\" start=\"4\"><li>W czwartek 28 kwietnia rozpoczynamy rekolekcje \u201eOddanie33\u201d, kt\u00f3re zako\u0144cz\u0105 si\u0119 31 maja uroczystym aktem Po\u015bwi\u0119cenia si\u0119 Niepokalanemu Sercu Maryi w jedno\u015bci z Sercem Jezusa. B\u0119dziemy spotyka\u0107 si\u0119 codziennie o godz. 18:30 na rozwa\u017caniu duchowym. Wa\u017cne jest aby prze\u017cy\u0107 wszystkie 33 dni. Je\u015bli kto\u015b nie mo\u017ce w jakim\u015b dniu uczestniczy\u0107, b\u0119d\u0105 dost\u0119pne ksi\u0105\u017cki z rozwa\u017caniami, aby odprawi\u0107 rozwa\u017canie indywidualnie. Rozwa\u017cania s\u0105 r\u00f3wnie\u017c dost\u0119pne w formie nagrania na stronie <a href=\"http:\/\/www.oddanie33.pl\">www.oddanie33.pl<\/a>&nbsp;<\/li><\/ol>\n\n\n\n<p>Przez te rekolekcje bli\u017cej poznasz i bardziej pokochasz Maryj\u0119, a to Ci przyniesie wiele \u0142ask i b\u0142ogos\u0142awie\u0144stw. Sprawisz tym wielk\u0105 rado\u015b\u0107 Jezusowi, kt\u00f3ry pragnie, aby Maryja by\u0142a bardziej znana i kochana. To da ci wielk\u0105 rado\u015b\u0107.<\/p>\n\n\n\n<p>Przez te rekolekcje dowiesz si\u0119 czym jest oddanie si\u0119 Matce Bo\u017cej, zrozumiesz dlaczego jest ono tak wa\u017cne oraz przygotujesz si\u0119 duchowo do aktu oddania si\u0119. To b\u0119dzie pocz\u0105tek nowego \u017cycia.<\/p>\n\n\n\n<ol class=\"wp-block-list\" start=\"5\"><li>Ruszy\u0142a strona internetowa naszej parafii: <a href=\"http:\/\/www.parafiaparchowo.pl\"><strong>www.parafiaparchowo.pl<\/strong><\/a>&nbsp;<\/li><\/ol>\n\n\n\n<ol class=\"wp-block-list\" start=\"6\"><li><strong>Zapowiedzi przed\u015blubne<\/strong><\/li><\/ol>\n\n\n\n<p>&#8211; Damian Gliszczy\u0144ski, kawaler, zam. Byt\u00f3w<br>&#8211; Danuta Lewi\u0144ska, panna, par. Parchowo<\/p>\n\n\n\n<figure class=\"wp-block-image size-large\"><img loading=\"lazy\" decoding=\"async\" width=\"723\" height=\"1024\" src=\"https:\/\/parafiaparchowo.pl\/wp-content\/uploads\/2022\/04\/Intencje-mszalne-24.04.2022r-723x1024.png\" alt=\"\" class=\"wp-image-324\" srcset=\"https:\/\/parafiaparchowo.pl\/wp-content\/uploads\/2022\/04\/Intencje-mszalne-24.04.2022r-723x1024.png 723w, https:\/\/parafiaparchowo.pl\/wp-content\/uploads\/2022\/04\/Intencje-mszalne-24.04.2022r-212x300.png 212w, https:\/\/parafiaparchowo.pl\/wp-content\/uploads\/2022\/04\/Intencje-mszalne-24.04.2022r-768x1088.png 768w, https:\/\/parafiaparchowo.pl\/wp-content\/uploads\/2022\/04\/Intencje-mszalne-24.04.2022r-1084x1536.png 1084w\" sizes=\"auto, (max-width: 723px) 100vw, 723px\" \/><\/figure>\n","protected":false},"excerpt":{"rendered":"<p>Dzi\u015b przed ko\u015bcio\u0142em zbi\u00f3rka na cele charytatywne, za z\u0142o\u017cone ofiary sk\u0142adam serdeczne B\u00f3g zap\u0142a\u0107.&nbsp; Na godz. 15:00 zapraszam na adoracj\u0119 Naj\u015bwi\u0119tszego Sakramentu, aby prze\u017cywa\u0107 &hellip;<\/p>\n","protected":false},"author":1,"featured_media":253,"comment_status":"closed","ping_status":"","sticky":false,"template":"","format":"standard","meta":{"footnotes":""},"categories":[5],"tags":[],"class_list":["post-323","post","type-post","status-publish","format-standard","has-post-thumbnail","hentry","category-ogloszenia"],"_links":{"self":[{"href":"https:\/\/parafiaparchowo.pl\/index.php?rest_route=\/wp\/v2\/posts\/323","targetHints":{"allow":["GET"]}}],"collection":[{"href":"https:\/\/parafiaparchowo.pl\/index.php?rest_route=\/wp\/v2\/posts"}],"about":[{"href":"https:\/\/parafiaparchowo.pl\/index.php?rest_route=\/wp\/v2\/types\/post"}],"author":[{"embeddable":true,"href":"https:\/\/parafiaparchowo.pl\/index.php?rest_route=\/wp\/v2\/users\/1"}],"replies":[{"embeddable":true,"href":"https:\/\/parafiaparchowo.pl\/index.php?rest_route=%2Fwp%2Fv2%2Fcomments&post=323"}],"version-history":[{"count":3,"href":"https:\/\/parafiaparchowo.pl\/index.php?rest_route=\/wp\/v2\/posts\/323\/revisions"}],"predecessor-version":[{"id":329,"href":"https:\/\/parafiaparchowo.pl\/index.php?rest_route=\/wp\/v2\/posts\/323\/revisions\/329"}],"wp:featuredmedia":[{"embeddable":true,"href":"https:\/\/parafiaparchowo.pl\/index.php?rest_route=\/wp\/v2\/media\/253"}],"wp:attachment":[{"href":"https:\/\/parafiaparchowo.pl\/index.php?rest_route=%2Fwp%2Fv2%2Fmedia&parent=323"}],"wp:term":[{"taxonomy":"category","embeddable":true,"href":"https:\/\/parafiaparchowo.pl\/index.php?rest_route=%2Fwp%2Fv2%2Fcategories&post=323"},{"taxonomy":"post_tag","embeddable":true,"href":"https:\/\/parafiaparchowo.pl\/index.php?rest_route=%2Fwp%2Fv2%2Ftags&post=323"}],"curies":[{"name":"wp","href":"https:\/\/api.w.org\/{rel}","templated":true}]}}