{"id":2086,"date":"2026-04-25T18:31:40","date_gmt":"2026-04-25T16:31:40","guid":{"rendered":"https:\/\/parafiaparchowo.pl\/?p=2086"},"modified":"2026-04-25T18:31:40","modified_gmt":"2026-04-25T16:31:40","slug":"ogloszenia-parafialne-iv-niedziela-wielkanocna-26-04-2026r","status":"publish","type":"post","link":"https:\/\/parafiaparchowo.pl\/?p=2086","title":{"rendered":"Og\u0142oszenia Parafialne &#8211; IV Niedziela Wielkanocna 26.04.2026r."},"content":{"rendered":"\n<figure class=\"wp-block-table\"><table><tbody><tr><td class=\"has-text-align-center\" data-align=\"center\" colspan=\"2\">&nbsp; <strong>IV Niedziela Wielkanocna&nbsp; &nbsp;\u2013 26 kwietnia 2026r.<\/strong> &nbsp;<\/td><\/tr><tr><td class=\"has-text-align-center\" data-align=\"center\">1.<\/td><td>B\u00f3g zap\u0142a\u0107 za ofiary z\u0142o\u017cone tydzie\u0144 temu na domowe hospicjum w Bytowie. &nbsp;<\/td><\/tr><tr><td class=\"has-text-align-center\" data-align=\"center\">2.<\/td><td>W tym tygodniu w liturgii Ko\u015bcio\u0142a obchodzimy: <br>we wtorek 28.04. \u2013 \u015bw. Ludwika Marii Grignion de Montfort <br>w \u015brod\u0119 29.04. \u2013 \u015bw. Katarzyny Siene\u0144skiej <br>w pi\u0105tek 1.05. \u2013 \u015bw. J\u00f3zefa , rzemie\u015blnika <br>w sobot\u0119 2.05. \u2013 Uroczysto\u015b\u0107 NMP Kr\u00f3lowej Polski \u00a0<\/td><\/tr><tr><td class=\"has-text-align-center\" data-align=\"center\">3.<\/td><td>Adoracja Naj\u015bwi\u0119tszego Sakramentu w \u015brod\u0119 od 17:30 do 19:00, oraz w czwartek od godz. 16:00 w intencji powo\u0142a\u0144 kap\u0142a\u0144skich, zakonnych i misyjnych.<\/td><\/tr><tr><td class=\"has-text-align-center\" data-align=\"center\">4.<\/td><td>W tym tygodniu rozpoczynamy miesi\u0105c maj, po\u015bwi\u0119cony Naj\u015bwi\u0119tszej Maryi Pannie, nabo\u017ce\u0144stwa majowe codziennie w \u0142\u0105czno\u015bci ze Msz\u0105 \u015bw. &nbsp;<\/td><\/tr><tr><td class=\"has-text-align-center\" data-align=\"center\">5.<\/td><td>W pierwszy pi\u0105tek odwiedziny chorych z pos\u0142uga sakramentaln\u0105 od godz. 8:30. Spowied\u017a od godz. 15:30.<\/td><\/tr><tr><td class=\"has-text-align-center\" data-align=\"center\">6.<\/td><td>W pi\u0105tek o 17:30 Adoracja Naj\u015bwi\u0119tszego Sakramentu i R\u00f3\u017caniec prowadzony przez R\u00f3\u017ce r\u00f3\u017ca\u0144cowe.<\/td><\/tr><tr><td class=\"has-text-align-center\" data-align=\"center\">7.<\/td><td>2 maja b\u0119dziemy obchodzi\u0107 Uroczysto\u015b\u0107 NMP Kr\u00f3lowej Polski, przeniesion\u0105 z dnia 3 maja z racji niedzieli wielkanocnej. \u00a0<br><br>W tym dniu w naszej parafii b\u0119dziemy obchodzi\u0107 r\u00f3wnie\u017c uroczysto\u015bci zwi\u0105zane z Jubileuszem 100 lecia zgromadzenia Si\u00f3str Benedyktynek Samarytanek Krzy\u017ca Chrystusowego, kt\u00f3re od wielu lat prowadz\u0105 Dom Pomocy Spo\u0142ecznej w naszej parafii. Uroczysta Msza \u015bw. o godz. 11:30, nast\u0119pnie w ogrodzie przy DPSie s\u0142odki pocz\u0119stunek. Serdecznie zapraszamy.<\/td><\/tr><tr><td class=\"has-text-align-center\" data-align=\"center\">8.<\/td><td>W tym tygodniu od poniedzia\u0142ku 27.04 rozpoczynamy bezpo\u015brednie przygotowanie do sakramentu bierzmowania i Nowenn\u0119 do Ducha \u015awi\u0119tego. M\u0142odzie\u017c, kt\u00f3ra 7 maja przyjmie sakrament bierzmowania zapraszam na godz. 17:30. , we wtorek na godz. 19:00., kolejne spotkania b\u0119d\u0119 zapowiada\u0142 na bie\u017c\u0105co. Pami\u0119tajmy w modlitwie o naszej m\u0142odzie\u017cy.<\/td><\/tr><tr><td class=\"has-text-align-center\" data-align=\"center\">9.<\/td><td>OSP Parchowo prowadzi zbi\u00f3rk\u0119 elektro\u015bmieci. Za ka\u017cd\u0105 zebran\u0105 ton\u0119, otrzyma fundusze na swoj\u0105 dzia\u0142alno\u015b\u0107. Przywiezione rzeczy mo\u017cna sk\u0142adowa\u0107 za remiz\u0105, przy czerwonej bramie. Wspierajmy dzia\u0142alno\u015b\u0107 naszych stra\u017cak\u00f3w. &nbsp;<\/td><\/tr><tr><td class=\"has-text-align-center\" data-align=\"center\">10.<\/td><td>Zach\u0119cam do sadzenia kwiat\u00f3w w donicach przy ko\u015bciele.<\/td><\/tr><tr><td class=\"has-text-align-center\" data-align=\"center\">11.<\/td><td><strong>Zapowiedzi przed\u015blubne:<\/strong> <br>&#8211; Mateusz \u017bywicki, zam. w Parchowie <br>&#8211; Ewelina Klinkosz, zam. w Bytowie \u00a0 <br><br>&#8211; Oskar Werra, zam. w Parchowie <br>&#8211; Martyna Cybula, zam. w Parchowie \u00a0<\/td><\/tr><\/tbody><\/table><\/figure>\n\n\n\n<figure class=\"wp-block-table\"><table><tbody><tr><td class=\"has-text-align-center\" data-align=\"center\" colspan=\"3\"><strong><u>Intencje mszalne &#8211; Parafia \u015bw. Miko\u0142aja w Parchowie<\/u><\/strong><\/td><\/tr><tr><td class=\"has-text-align-center\" data-align=\"center\" rowspan=\"2\"><strong><u>Poniedzia\u0142ek<\/u><\/strong> <br>27.04.2026r.<\/td><td><strong>7:00<\/strong><\/td><td><strong>Kaplica si\u00f3str: <\/strong>+ Anna w r. \u015bm. i Tadeusz Sygidus<\/td><\/tr><tr><td class=\"has-text-align-center\" data-align=\"center\"><strong>17:00<\/strong><\/td><td>&#8211; w podz. za otrzymane \u0142aski z pro\u015bb\u0105 o b\u0142. Bo\u017ce, op. NMP dla ma\u0142\u017c. El\u017cbiety i Zbigniewa i ca\u0142ej rodziny z ok. 40 r. \u015blubu<\/td><\/tr><tr><td class=\"has-text-align-center\" data-align=\"center\" rowspan=\"2\"><strong><u>Wtorek<\/u><\/strong> <br>28.04.2026<\/td><td><strong>7:00<\/strong><\/td><td><strong>Kaplica si\u00f3str: <\/strong>+ Irena Kreft w 2 r. \u015bm. i Tadeusz Kreft&nbsp;&nbsp;<\/td><\/tr><tr><td class=\"has-text-align-center\" data-align=\"center\"><strong>17:00<\/strong><\/td><td>&#8211; o zdr., b\u0142. Bo\u017ce, op. NMP dla Bernadety z ok. ur.<\/td><\/tr><tr><td class=\"has-text-align-center\" data-align=\"center\" rowspan=\"3\"><strong><u>\u015aroda<\/u><\/strong> <br>29.04.2026<\/td><td><strong>7:00<\/strong><\/td><td><strong>Kaplica si\u00f3str: <\/strong>+ brat Jan w 10 r. \u015bm.<\/td><\/tr><tr><td class=\"has-text-align-center\" data-align=\"center\"><strong>17:00<\/strong><\/td><td>+ Halina i Alojzy Anolik, Stanis\u0142aw Bronk<\/td><\/tr><tr><td class=\"has-text-align-center\" data-align=\"center\"><strong>17:30<\/strong><\/td><td><strong>Adoracja Naj\u015bwi\u0119tszego Sakramentu<\/strong><\/td><\/tr><tr><td class=\"has-text-align-center\" data-align=\"center\" rowspan=\"3\"><strong><u>Czwartek<\/u><\/strong> <br>30.04.2026<\/td><td><strong>7:00<\/strong><\/td><td><strong>Kaplica si\u00f3str: <\/strong>&#8211; w podz. za otrzymane \u0142aski z pro\u015bb\u0105 o b\u0142. Bo\u017ce, op. NMP dla rodziny , za + Zofi\u0119 Loll w 30 r. \u015bm.<\/td><\/tr><tr><td class=\"has-text-align-center\" data-align=\"center\"><strong>16:00<\/strong><\/td><td><strong>Adoracja Naj\u015bwi\u0119tszego Sakramentu<\/strong><\/td><\/tr><tr><td class=\"has-text-align-center\" data-align=\"center\"><strong>17:00<\/strong><\/td><td>+ Daniela Sylka, zm. z rodz. Sylka i Jakubek<\/td><\/tr><tr><td class=\"has-text-align-center\" data-align=\"center\" rowspan=\"4\"><strong><u>I Pi\u0105tek<\/u><\/strong> <br>1.05.2026<\/td><td><strong>7:00<\/strong><\/td><td><strong>Kaplica si\u00f3str: <\/strong>&#8211; int. Si\u00f3str<\/td><\/tr><tr><td class=\"has-text-align-center\" data-align=\"center\"><strong>15:30<\/strong><\/td><td><strong>Spowied\u017a<\/strong><strong><\/strong><\/td><\/tr><tr><td class=\"has-text-align-center\" data-align=\"center\"><strong>17:00<\/strong><\/td><td>+ Zygmunt i Grzegorz<\/td><\/tr><tr><td class=\"has-text-align-center\" data-align=\"center\"><strong>17:30<\/strong><\/td><td><strong>Adoracja Naj\u015bwi\u0119tszego Sakramentu i R\u00f3\u017caniec<\/strong><\/td><\/tr><tr><td class=\"has-text-align-center\" data-align=\"center\" rowspan=\"3\"><strong><u>Sobota<\/u><\/strong> <br>2.05.2026<\/td><td><strong>7:00<\/strong><\/td><td>+ Honorata Majkowska \u2013 int. pracownik\u00f3w Brico Marche w Bytowie<\/td><\/tr><tr><td class=\"has-text-align-center\" data-align=\"center\"><strong>9:30<\/strong><\/td><td>+ Bernard Jereczek, Gertruda Cz\u0119stkowska, Julian i Agnieszka Lipi\u0144scy<\/td><\/tr><tr><td class=\"has-text-align-center\" data-align=\"center\"><strong>11:30<\/strong><\/td><td>&#8211; w podz. za otrzymane \u0142aski z pro\u015bb\u0105 o b\u0142. Bo\u017ce, op. NMP dla Si\u00f3str ze Zgromadzenia Benedyktynek Samarytanek Krzy\u017ca Chrystusowego z ok. 100 rocznicy powstania zgromadzenia<\/td><\/tr><tr><td class=\"has-text-align-center\" data-align=\"center\" rowspan=\"3\"><strong><u>V Niedziela <\/u><\/strong><br><strong><u>Wielkanocna<\/u><\/strong> 3.05.2026<\/td><td><strong>7:00<\/strong><\/td><td>+ Jadwiga i Boles\u0142aw Gutowscy, Stanis\u0142aw i Honorata Majkowscy<\/td><\/tr><tr><td class=\"has-text-align-center\" data-align=\"center\"><strong>09:30<\/strong><\/td><td>+ Zbigniew Kluka w d. ur.<\/td><\/tr><tr><td class=\"has-text-align-center\" data-align=\"center\"><strong>11:30<\/strong><\/td><td>+ rodzice, bracia, siostra, zm. z rodziny Zielonka, Artur Du\u0142ak<\/td><\/tr><\/tbody><\/table><\/figure>\n","protected":false},"excerpt":{"rendered":"<p>&nbsp; IV Niedziela Wielkanocna&nbsp; &nbsp;\u2013 26 kwietnia 2026r. &nbsp; 1. B\u00f3g zap\u0142a\u0107 za ofiary z\u0142o\u017cone tydzie\u0144 temu na domowe hospicjum w Bytowie. &nbsp; 2. &hellip;<\/p>\n","protected":false},"author":2,"featured_media":253,"comment_status":"closed","ping_status":"","sticky":false,"template":"","format":"standard","meta":{"footnotes":""},"categories":[5],"tags":[],"class_list":["post-2086","post","type-post","status-publish","format-standard","has-post-thumbnail","hentry","category-ogloszenia"],"_links":{"self":[{"href":"https:\/\/parafiaparchowo.pl\/index.php?rest_route=\/wp\/v2\/posts\/2086","targetHints":{"allow":["GET"]}}],"collection":[{"href":"https:\/\/parafiaparchowo.pl\/index.php?rest_route=\/wp\/v2\/posts"}],"about":[{"href":"https:\/\/parafiaparchowo.pl\/index.php?rest_route=\/wp\/v2\/types\/post"}],"author":[{"embeddable":true,"href":"https:\/\/parafiaparchowo.pl\/index.php?rest_route=\/wp\/v2\/users\/2"}],"replies":[{"embeddable":true,"href":"https:\/\/parafiaparchowo.pl\/index.php?rest_route=%2Fwp%2Fv2%2Fcomments&post=2086"}],"version-history":[{"count":1,"href":"https:\/\/parafiaparchowo.pl\/index.php?rest_route=\/wp\/v2\/posts\/2086\/revisions"}],"predecessor-version":[{"id":2087,"href":"https:\/\/parafiaparchowo.pl\/index.php?rest_route=\/wp\/v2\/posts\/2086\/revisions\/2087"}],"wp:featuredmedia":[{"embeddable":true,"href":"https:\/\/parafiaparchowo.pl\/index.php?rest_route=\/wp\/v2\/media\/253"}],"wp:attachment":[{"href":"https:\/\/parafiaparchowo.pl\/index.php?rest_route=%2Fwp%2Fv2%2Fmedia&parent=2086"}],"wp:term":[{"taxonomy":"category","embeddable":true,"href":"https:\/\/parafiaparchowo.pl\/index.php?rest_route=%2Fwp%2Fv2%2Fcategories&post=2086"},{"taxonomy":"post_tag","embeddable":true,"href":"https:\/\/parafiaparchowo.pl\/index.php?rest_route=%2Fwp%2Fv2%2Ftags&post=2086"}],"curies":[{"name":"wp","href":"https:\/\/api.w.org\/{rel}","templated":true}]}}