{"id":2048,"date":"2026-03-21T20:58:45","date_gmt":"2026-03-21T19:58:45","guid":{"rendered":"https:\/\/parafiaparchowo.pl\/?p=2048"},"modified":"2026-03-21T21:01:33","modified_gmt":"2026-03-21T20:01:33","slug":"ogloszenia-parafialne-v-niedziela-wielkiego-postu-22-03-2026","status":"publish","type":"post","link":"https:\/\/parafiaparchowo.pl\/?p=2048","title":{"rendered":"Og\u0142oszenia Parafialne &#8211; V Niedziela Wielkiego Postu &#8211; 22.03.2026"},"content":{"rendered":"\n<figure class=\"wp-block-table\"><table><tbody><tr><td class=\"has-text-align-center\" data-align=\"center\" colspan=\"2\">&nbsp; <strong>V Niedziela Wielkiego Postu &nbsp;\u2013 22 marca 2026r.<\/strong> &nbsp;<\/td><\/tr><tr><td class=\"has-text-align-center\" data-align=\"center\">\u00a01.<\/td><td>Z ca\u0142ego serca dzi\u0119kuj\u0119 wszystkim, kt\u00f3rzy wzi\u0119li udzia\u0142 w rekolekcjach wielkopostnych oraz za sk\u0142adane w tym czasie ofiary.<\/td><\/tr><tr><td class=\"has-text-align-center\" data-align=\"center\">\u00a02.<\/td><td>Za tydzie\u0144 Niedziela Palmowa, na ka\u017cdej Mszy \u015bw. odb\u0119dzie si\u0119 \u015bwi\u0119cenie palm.<\/td><\/tr><tr><td class=\"has-text-align-center\" data-align=\"center\">\u00a03.<\/td><td>We wtorek 25 marca prze\u017cywa\u0107 b\u0119dziemy Uroczysto\u015b\u0107 Zwiastowania Pa\u0144skiego i Dzie\u0144 \u015awi\u0119to\u015bci \u017bycia. W tym dniu b\u0119dzie mo\u017cliwo\u015b\u0107 podj\u0119cia duchowej adopcji, czyli wzi\u0119cia w duchow\u0105 obron\u0119 dziecka nienarodzonego, kt\u00f3rego \u017cycie w \u0142onie matki jest zagro\u017cone.<\/td><\/tr><tr><td class=\"has-text-align-center\" data-align=\"center\">\u00a04.<\/td><td><strong>Spowied\u017a wielkopostna z udzia\u0142em ksi\u0119\u017cy z dekanatu w czwartek od godz. 17:30 do 18:30.<\/strong><\/td><\/tr><tr><td class=\"has-text-align-center\" data-align=\"center\">\u00a05.<\/td><td>Adoracja&nbsp; Naj\u015bwi\u0119tszego Sakramentu w \u015brod\u0119 od 17:30, oraz w czwartek od godz. 16:00 w intencji powo\u0142a\u0144 kap\u0142a\u0144skich, zakonnych i misyjnych.<\/td><\/tr><tr><td class=\"has-text-align-center\" data-align=\"center\">\u00a06.<\/td><td><strong>Droga Krzy\u017cowa w pi\u0105tek o godz. 17:00<\/strong>, w ko\u015bciele, oraz <strong>ulicami Parchowa o godz. 18:00 po Mszy \u015bw. <\/strong>. O niesienie krzy\u017ca od stacji do stacji prosz\u0119 poszczeg\u00f3lne grupy. ( Siostry zakonne i pracownicy DPSu, Ministranci, R\u00f3\u017ce R\u00f3\u017ca\u0144cowe, Domownicy Boga, Stra\u017cacy, Rada Parafialna, M\u0142odzie\u017c do bierzmowania, Ma\u0142\u017conkowie). Przy ka\u017cdej stacji b\u0119d\u0119 zapowiada\u0142, kto teraz niesie krzy\u017c. Przejdziemy przez cmentarz do ul. Widokowej, nast\u0119pnie ul. Ks. Podlaszewskiego, ul. Dolna, ul. Miodowa, ul. Stra\u017cacka, ul. Ogrodowa, ul. Polna, ul. Ko\u015bcierska i powr\u00f3t do ko\u015bcio\u0142a.<\/td><\/tr><tr><td class=\"has-text-align-center\" data-align=\"center\">\u00a07.<\/td><td><strong>Gorzkie \u017bale w przysz\u0142\u0105 niedziel\u0119 po Mszy \u015bw. o godz. 9:30.<\/strong><\/td><\/tr><tr><td class=\"has-text-align-center\" data-align=\"center\">\u00a08.<\/td><td>29 marca w Niedziel\u0119 Palmow\u0105 tradycyjnie odbywa\u0107 si\u0119 b\u0119dzie \u015awiatowy Dzie\u0144 M\u0142odzie\u017cy w Ko\u015bcierzynie. Dla m\u0142odzie\u017cy przygotowuj\u0105cej si\u0119 do bierzmowania jest to wyjazd obowi\u0105zkowy, zach\u0119cam jednak m\u0142odzie\u017c m\u0142odsz\u0105 i starsz\u0105 do udzia\u0142u w tym wydarzeniu. Zapisy w zakrystii lub w biurze parafialnym. Koszt 20 z\u0142., Wyjazd o godz. 12:30, powr\u00f3t ok. godz. 17:30.<\/td><\/tr><tr><td class=\"has-text-align-center\" data-align=\"center\">\u00a09.<\/td><td><strong>Zapowiedzi przed\u015blubne<\/strong><br> &#8211; Robert Krefft, zam. w Go\u0142czewie<br>&#8211; Wiktoria Borzyszkowska, par. Ko\u0142czyg\u0142owy<\/td><\/tr><tr><td class=\"has-text-align-center\" data-align=\"center\">\u00a010.<\/td><td>Dzisiaj w niedziel\u0119 w Sali gimnastycznej Szko\u0142y w Parchowie o godz. 13:00, odb\u0119dzie si\u0119 Powiatowy Turniej KGW. Dodatkow\u0105 atrakcj\u0105 b\u0119dzie degustacja wyrob\u00f3w Gminy Parchowo.<\/td><\/tr><tr><td class=\"has-text-align-center\" data-align=\"center\">\u00a011.<\/td><td>W Niedziel\u0119 Palmow\u0105 29 marca przed ko\u015bcio\u0142em w godz. Od 7:00 do 13:00, odb\u0119dzie si\u0119 kiermasz charytatywny dla Bo\u017ceny Foss. Na kiermaszu b\u0119d\u0105 sprzedawane ciasta, groch\u00f3wka, palmy wielkanocne oraz bransoletki wykonane przez Bo\u017cen\u0119.<\/td><\/tr><\/tbody><\/table><\/figure>\n\n\n\n<figure class=\"wp-block-table\"><table><tbody><tr><td class=\"has-text-align-center\" data-align=\"center\" colspan=\"3\"><strong><u>Intencje mszalne &#8211; Parafia \u015bw. Miko\u0142aja w Parchowie<\/u><\/strong><\/td><\/tr><tr><td class=\"has-text-align-center\" data-align=\"center\" rowspan=\"2\"><strong><u><br>Poniedzia\u0142ek<\/u><\/strong> 23.03.2026<\/td><td><strong>7:00<\/strong><\/td><td><strong>Kaplica si\u00f3str:<\/strong> + Teresa, Wac\u0142aw, Wies\u0142aw Chylewscy &nbsp;<\/td><\/tr><tr><td class=\"has-text-align-center\" data-align=\"center\"><strong>17:00<\/strong><\/td><td>+ Anna, Antoni, Andrzej Ja\u017cd\u017cewscy &nbsp;&nbsp;&nbsp;&nbsp;<\/td><\/tr><tr><td class=\"has-text-align-center\" data-align=\"center\" rowspan=\"2\"><strong><u>Wtorek<\/u><\/strong> <br>24.03.2026<\/td><td><strong>7:00<\/strong><\/td><td><strong>Kaplica si\u00f3str: <\/strong>+ Henryk w r. \u015bm., Dorota, J\u00f3zef Dziemi\u0144scy, Maciej Kropid\u0142owski<\/td><\/tr><tr><td class=\"has-text-align-center\" data-align=\"center\"><strong>18:00<\/strong><\/td><td><strong>Int. ucz. pogrzebu:<\/strong> + Klemens Bukowski, +Urszula Szyca, + Honorata Majkowska, + Leszek Treder, + Waldemar Jereczek, + Anna Malek, + Jerzy Zieli\u0144ski, + Wac\u0142aw Ga\u0144ski, + Czes\u0142aw Orlikowski, + Henryk Trzebiatowski,+ Edmund \u017bywicki<\/td><\/tr><tr><td class=\"has-text-align-center\" data-align=\"center\" rowspan=\"4\"><strong><u>\u015aroda<\/u><\/strong> <br>25.03.2026<\/td><td><strong>8:00<\/strong><\/td><td>+ Dorota, J\u00f3zef, Henryk Dziemi\u0144scy, zm. z rodz. Dziemi\u0144skich i Lilla<\/td><\/tr><tr><td class=\"has-text-align-center\" data-align=\"center\"><strong>10:00<\/strong><\/td><td>+ Agnieszka i Julian Lipi\u0144scy, Bernard Jereczek , dziadkowie i babcie<\/td><\/tr><tr><td class=\"has-text-align-center\" data-align=\"center\"><strong>17:00<\/strong><\/td><td>&#8211; o b\u0142. Bo\u017ce, op. NMP dla Wszystkich Parafian i w intencji podejmuj\u0105cych Duchow\u0105 Adopcj\u0119 Dziecka Pocz\u0119tego <\/td><\/tr><tr><td class=\"has-text-align-center\" data-align=\"center\"><strong>17:30<\/strong><\/td><td><strong>Adoracja Naj\u015bwi\u0119tszego Sakramentu<\/strong><\/td><\/tr><tr><td class=\"has-text-align-center\" data-align=\"center\" rowspan=\"4\"><strong><u>Czwartek<\/u><\/strong> 26.03.2026<\/td><td><strong>7:00<\/strong><\/td><td><strong>Kaplica si\u00f3str: <\/strong>+ Anna Malek, +Henryk Trzebiatowski, + Edmund \u017bywicki &#8211; int. ucz. pogrzebu<\/td><\/tr><tr><td class=\"has-text-align-center\" data-align=\"center\"><strong>16:00<\/strong><\/td><td><strong>Adoracja Naj\u015bwi\u0119tszego Sakramentu<\/strong><\/td><\/tr><tr><td class=\"has-text-align-center\" data-align=\"center\"><strong>17:00<\/strong><\/td><td>+ J\u00f3zefa i Franciszek Michalke, El\u017cbieta Wejnerowska<\/td><\/tr><tr><td class=\"has-text-align-center\" data-align=\"center\"><strong>17:30<\/strong><\/td><td><strong>Spowied\u017a wielkopostna<\/strong><\/td><\/tr><tr><td class=\"has-text-align-center\" data-align=\"center\" rowspan=\"4\"><strong><u>Pi\u0105tek<\/u><\/strong> <br>27.03.2026<\/td><td><strong>7:00<\/strong><\/td><td><strong>Kaplica si\u00f3str: <\/strong>&#8211;&nbsp; int. Si\u00f3str<\/td><\/tr><tr><td class=\"has-text-align-center\" data-align=\"center\"><strong>17:00<\/strong><\/td><td><strong>Droga Krzy\u017cowa<\/strong><strong><\/strong><\/td><\/tr><tr><td class=\"has-text-align-center\" data-align=\"center\"><strong>17:30<\/strong><\/td><td>+ Kazimierz z ok. 5 r. \u015bm., Genowefa, Anna Du\u0142ak, zm. z rodziny<\/td><\/tr><tr><td class=\"has-text-align-center\" data-align=\"center\"><strong>18:00<\/strong><\/td><td><strong>Droga Krzy\u017cowa ulicami Parchowa<\/strong><strong><\/strong><\/td><\/tr><tr><td class=\"has-text-align-center\" data-align=\"center\" rowspan=\"3\"><strong><u>Sobota<\/u><\/strong> <br>28.03.2026<\/td><td><strong>7:00<\/strong><\/td><td><strong>Kaplica si\u00f3str: <\/strong>+ rodz. Helena i Mieczys\u0142aw w d. ur. ojca, brat Stanis\u0142aw, zm. z rodziny \u2013 int. syna z rodzin\u0105<\/td><\/tr><tr><td class=\"has-text-align-center\" data-align=\"center\"><strong>16:00<\/strong><\/td><td>&#8211; W podz. za otrzymane \u0142aski, z pro\u015bb\u0105 o b\u0142. Bo\u017ce, op. NMP dla ma\u0142\u017c. Barbary i Piotra Kami\u0144skich i ca\u0142ej rodziny w 35 r. \u015blubu<\/td><\/tr><tr><td class=\"has-text-align-center\" data-align=\"center\"><strong>17:00<\/strong><\/td><td>+ Franciszek Werra z ok. ur.<\/td><\/tr><tr><td class=\"has-text-align-center\" data-align=\"center\" rowspan=\"4\"><strong><u>Niedziela<\/u><\/strong> 29.03.2026<\/td><td><strong>7:00<\/strong><\/td><td>+ Jan w r. ur., Aniela, Leon Keller<\/td><\/tr><tr><td class=\"has-text-align-center\" data-align=\"center\"><strong>09:30<\/strong><\/td><td>+ z rodz. Baumgard, Regli\u0144skich, Rompa, Stenka, Wiesza\u0142a<\/td><\/tr><tr><td class=\"has-text-align-center\" data-align=\"center\"><\/td><td><strong>Gorzkie \u017bale<\/strong><\/td><\/tr><tr><td class=\"has-text-align-center\" data-align=\"center\"><strong>11:30<\/strong><\/td><td>&#8211; o b\u0142. Bo\u017ce, op. NMP dla wszystkich Parafian<strong><\/strong><\/td><\/tr><\/tbody><\/table><\/figure>\n","protected":false},"excerpt":{"rendered":"<p>&nbsp; V Niedziela Wielkiego Postu &nbsp;\u2013 22 marca 2026r. &nbsp; \u00a01. Z ca\u0142ego serca dzi\u0119kuj\u0119 wszystkim, kt\u00f3rzy wzi\u0119li udzia\u0142 w rekolekcjach wielkopostnych oraz za &hellip;<\/p>\n","protected":false},"author":2,"featured_media":253,"comment_status":"closed","ping_status":"","sticky":false,"template":"","format":"standard","meta":{"footnotes":""},"categories":[5],"tags":[],"class_list":["post-2048","post","type-post","status-publish","format-standard","has-post-thumbnail","hentry","category-ogloszenia"],"_links":{"self":[{"href":"https:\/\/parafiaparchowo.pl\/index.php?rest_route=\/wp\/v2\/posts\/2048","targetHints":{"allow":["GET"]}}],"collection":[{"href":"https:\/\/parafiaparchowo.pl\/index.php?rest_route=\/wp\/v2\/posts"}],"about":[{"href":"https:\/\/parafiaparchowo.pl\/index.php?rest_route=\/wp\/v2\/types\/post"}],"author":[{"embeddable":true,"href":"https:\/\/parafiaparchowo.pl\/index.php?rest_route=\/wp\/v2\/users\/2"}],"replies":[{"embeddable":true,"href":"https:\/\/parafiaparchowo.pl\/index.php?rest_route=%2Fwp%2Fv2%2Fcomments&post=2048"}],"version-history":[{"count":3,"href":"https:\/\/parafiaparchowo.pl\/index.php?rest_route=\/wp\/v2\/posts\/2048\/revisions"}],"predecessor-version":[{"id":2051,"href":"https:\/\/parafiaparchowo.pl\/index.php?rest_route=\/wp\/v2\/posts\/2048\/revisions\/2051"}],"wp:featuredmedia":[{"embeddable":true,"href":"https:\/\/parafiaparchowo.pl\/index.php?rest_route=\/wp\/v2\/media\/253"}],"wp:attachment":[{"href":"https:\/\/parafiaparchowo.pl\/index.php?rest_route=%2Fwp%2Fv2%2Fmedia&parent=2048"}],"wp:term":[{"taxonomy":"category","embeddable":true,"href":"https:\/\/parafiaparchowo.pl\/index.php?rest_route=%2Fwp%2Fv2%2Fcategories&post=2048"},{"taxonomy":"post_tag","embeddable":true,"href":"https:\/\/parafiaparchowo.pl\/index.php?rest_route=%2Fwp%2Fv2%2Ftags&post=2048"}],"curies":[{"name":"wp","href":"https:\/\/api.w.org\/{rel}","templated":true}]}}