{"id":2045,"date":"2026-03-14T19:11:23","date_gmt":"2026-03-14T18:11:23","guid":{"rendered":"https:\/\/parafiaparchowo.pl\/?p=2045"},"modified":"2026-03-14T19:11:23","modified_gmt":"2026-03-14T18:11:23","slug":"rekolekcje-wielkopostne-19-21-03-2026r","status":"publish","type":"post","link":"https:\/\/parafiaparchowo.pl\/?p=2045","title":{"rendered":"REKOLEKCJE WIELKOPOSTNE &#8211; 19-21.03.2026r."},"content":{"rendered":"\n<figure class=\"wp-block-table\"><table><tbody><tr><td class=\"has-text-align-center\" data-align=\"center\" colspan=\"2\"><strong>Rekolekcje Wielkopostne &#8211; Parafia \u015bw. Miko\u0142aja w Parchowie<\/strong> <strong>19 &#8211; 21 marca 2026r.<\/strong><strong><\/strong><\/td><\/tr><tr><td class=\"has-text-align-center\" data-align=\"center\" colspan=\"2\"><strong>\u00a0 Czwartek \u00a0&#8211; 19.03.2026r. \u00a0<\/strong><\/td><\/tr><tr><td class=\"has-text-align-center\" data-align=\"center\"><strong>Godz. 7:00<\/strong> <strong>&nbsp;<\/strong><\/td><td>Msza \u015bw. z nauk\u0105 rekolekcyjn\u0105 &nbsp;<\/td><\/tr><tr><td class=\"has-text-align-center\" data-align=\"center\"><strong>Godz. 9:00<\/strong><\/td><td>Msza \u015bw. dla dzieci i m\u0142odzie\u017cy Szko\u0142y Podstawowej &nbsp;<\/td><\/tr><tr><td class=\"has-text-align-center\" data-align=\"center\"><strong>Godz. 11:00<\/strong> <strong>&nbsp;<\/strong><\/td><td>SUMA ODPUSTOWA KU CZCI \u015aW. J\u00d3ZEFA Msza \u015bw. z nauk\u0105 rekolekcyjn\u0105 <strong>&nbsp;<\/strong><\/td><\/tr><tr><td class=\"has-text-align-center\" data-align=\"center\"><strong>Godz. 16:00<\/strong> <strong>&nbsp;<\/strong><\/td><td>ADORACJA NAJ\u015aWI\u0118TSZEGO SAKRAMENTU<\/td><\/tr><tr><td class=\"has-text-align-center\" data-align=\"center\"><strong>Godz. 17:00<\/strong> <strong>&nbsp;<\/strong><\/td><td>Msza \u015bw. z nauk\u0105 rekolekcyjn\u0105 &nbsp;<\/td><\/tr><tr><td class=\"has-text-align-center\" data-align=\"center\" colspan=\"2\"><strong>&nbsp;<\/strong> <strong>Pi\u0105tek &nbsp;\u2013 20.03.2026r.<\/strong> <strong>&nbsp;<\/strong><\/td><\/tr><tr><td class=\"has-text-align-center\" data-align=\"center\"><strong>Godz. 7:00<\/strong> <strong>&nbsp;<\/strong><\/td><td>Msza \u015bw. z nauk\u0105 rekolekcyjn\u0105 &nbsp;<\/td><\/tr><tr><td class=\"has-text-align-center\" data-align=\"center\"><strong>Godz. 9:00<\/strong> <strong>&nbsp;<\/strong><\/td><td>Msza \u015bw. dla dzieci i m\u0142odzie\u017cy Szko\u0142y Podstawowej &nbsp;<\/td><\/tr><tr><td class=\"has-text-align-center\" data-align=\"center\"><strong>Godz. 11:00<\/strong> <strong>&nbsp;<\/strong><\/td><td>Droga Krzy\u017cowa<\/td><\/tr><tr><td class=\"has-text-align-center\" data-align=\"center\"><strong>Godz. 11:30<\/strong> <strong>&nbsp;<\/strong><\/td><td>Msza \u015bw. z nauk\u0105 rekolekcyjn\u0105<\/td><\/tr><tr><td class=\"has-text-align-center\" data-align=\"center\"><strong>Godz. 17:00<\/strong> <strong>&nbsp;<\/strong><\/td><td>Droga Krzy\u017cowa &nbsp;<\/td><\/tr><tr><td class=\"has-text-align-center\" data-align=\"center\"><strong>Godz. 17:30<\/strong><\/td><td>Msza \u015bw. z nauk\u0105 rekolekcyjn\u0105 &nbsp;<\/td><\/tr><tr><td class=\"has-text-align-center\" data-align=\"center\" colspan=\"2\"><strong>&nbsp;<\/strong> <strong>Sobota \u2013 21.03.2026r.<\/strong><strong><\/strong> <strong>&nbsp;<\/strong><\/td><\/tr><tr><td class=\"has-text-align-center\" data-align=\"center\"><strong>Godz. 7:00<\/strong> <strong>&nbsp;<\/strong><\/td><td>Msza \u015bw. z nauk\u0105 rekolekcyjn\u0105 &nbsp;<\/td><\/tr><tr><td class=\"has-text-align-center\" data-align=\"center\"><strong>Godz. 9:00<\/strong> <strong>&nbsp;<\/strong><\/td><td>Msza \u015bw. dla dzieci i m\u0142odzie\u017cy Szko\u0142y Podstawowej &nbsp;<\/td><\/tr><tr><td class=\"has-text-align-center\" data-align=\"center\"><strong>Godz. 11:00<\/strong> <strong>&nbsp;<\/strong><\/td><td>Msza \u015bw. z nauk\u0105 rekolekcyjn\u0105 &nbsp;<\/td><\/tr><tr><td class=\"has-text-align-center\" data-align=\"center\"><strong>Godz. 16:00<\/strong><\/td><td>ADORACJA NAJ\u015aWI\u0118TSZEGO SAKRAMENTU &nbsp;<\/td><\/tr><tr><td class=\"has-text-align-center\" data-align=\"center\"><strong>Godz. 17:00<\/strong><\/td><td>Msza \u015bw. z nauk\u0105 rekolekcyjn\u0105 &nbsp;<\/td><\/tr><\/tbody><\/table><\/figure>\n","protected":false},"excerpt":{"rendered":"<p>Rekolekcje Wielkopostne &#8211; Parafia \u015bw. Miko\u0142aja w Parchowie 19 &#8211; 21 marca 2026r. \u00a0 Czwartek \u00a0&#8211; 19.03.2026r. \u00a0 Godz. 7:00 &nbsp; Msza \u015bw. z &hellip;<\/p>\n","protected":false},"author":2,"featured_media":1868,"comment_status":"closed","ping_status":"closed","sticky":false,"template":"","format":"standard","meta":{"footnotes":""},"categories":[4],"tags":[],"class_list":["post-2045","post","type-post","status-publish","format-standard","has-post-thumbnail","hentry","category-aktualnosci"],"_links":{"self":[{"href":"https:\/\/parafiaparchowo.pl\/index.php?rest_route=\/wp\/v2\/posts\/2045","targetHints":{"allow":["GET"]}}],"collection":[{"href":"https:\/\/parafiaparchowo.pl\/index.php?rest_route=\/wp\/v2\/posts"}],"about":[{"href":"https:\/\/parafiaparchowo.pl\/index.php?rest_route=\/wp\/v2\/types\/post"}],"author":[{"embeddable":true,"href":"https:\/\/parafiaparchowo.pl\/index.php?rest_route=\/wp\/v2\/users\/2"}],"replies":[{"embeddable":true,"href":"https:\/\/parafiaparchowo.pl\/index.php?rest_route=%2Fwp%2Fv2%2Fcomments&post=2045"}],"version-history":[{"count":1,"href":"https:\/\/parafiaparchowo.pl\/index.php?rest_route=\/wp\/v2\/posts\/2045\/revisions"}],"predecessor-version":[{"id":2046,"href":"https:\/\/parafiaparchowo.pl\/index.php?rest_route=\/wp\/v2\/posts\/2045\/revisions\/2046"}],"wp:featuredmedia":[{"embeddable":true,"href":"https:\/\/parafiaparchowo.pl\/index.php?rest_route=\/wp\/v2\/media\/1868"}],"wp:attachment":[{"href":"https:\/\/parafiaparchowo.pl\/index.php?rest_route=%2Fwp%2Fv2%2Fmedia&parent=2045"}],"wp:term":[{"taxonomy":"category","embeddable":true,"href":"https:\/\/parafiaparchowo.pl\/index.php?rest_route=%2Fwp%2Fv2%2Fcategories&post=2045"},{"taxonomy":"post_tag","embeddable":true,"href":"https:\/\/parafiaparchowo.pl\/index.php?rest_route=%2Fwp%2Fv2%2Ftags&post=2045"}],"curies":[{"name":"wp","href":"https:\/\/api.w.org\/{rel}","templated":true}]}}