{"id":2040,"date":"2026-03-07T15:35:18","date_gmt":"2026-03-07T14:35:18","guid":{"rendered":"https:\/\/parafiaparchowo.pl\/?p=2040"},"modified":"2026-03-07T15:35:18","modified_gmt":"2026-03-07T14:35:18","slug":"ogloszenia-parafialne-iii-niedziela-wielkiego-postu-8-03-2026r","status":"publish","type":"post","link":"https:\/\/parafiaparchowo.pl\/?p=2040","title":{"rendered":"Og\u0142oszenia parafialne &#8211; III Niedziela Wielkiego Postu 8.03.2026r."},"content":{"rendered":"\n<figure class=\"wp-block-table\"><table><tbody><tr><td class=\"has-text-align-center\" data-align=\"center\" colspan=\"2\">&nbsp; <strong>III Niedziela Wielkiego Postu &nbsp;\u2013 8 marca 2026r.<\/strong> &nbsp;<\/td><\/tr><tr><td class=\"has-text-align-center\" data-align=\"center\">1.\u00a0<\/td><td>B\u00f3g zap\u0142a\u0107 za ofiary z\u0142o\u017cone tydzie\u0144 temu na polskich misjonarzy, oraz za ofiary z\u0142o\u017cone dzisiaj na inwestycje w naszej parafii. W styczniu zebrali\u015bmy 3770 z\u0142, a w lutym 4750 z\u0142. &nbsp;<\/td><\/tr><tr><td class=\"has-text-align-center\" data-align=\"center\">\u00a02.<\/td><td>Adoracja Naj\u015bwi\u0119tszego Sakramentu w \u015brod\u0119 od 17:30 do 20:00, oraz w czwartek od godz. 16:00 w intencji powo\u0142a\u0144 kap\u0142a\u0144skich, zakonnych<br>i misyjnych. \u00a0<\/td><\/tr><tr><td class=\"has-text-align-center\" data-align=\"center\">\u00a03.<\/td><td>W Wielkim Po\u015bcie zapraszam na nabo\u017ce\u0144stwa:<br><strong>Droga Krzy\u017cowa w pi\u0105tek o godz. 17:00<\/strong><br><strong>Gorzkie \u017bale w niedziel\u0119 o godz. 16:00<\/strong> &nbsp;<\/td><\/tr><tr><td class=\"has-text-align-center\" data-align=\"center\">\u00a04.<\/td><td>W pi\u0105tek 13.03. po Mszy \u015bw. spotkanie dla m\u0142odzie\u017cy przygotowuj\u0105cej si\u0119 do bierzmowania. Zapraszam obydwa roczniki. &nbsp;<\/td><\/tr><tr><td class=\"has-text-align-center\" data-align=\"center\">\u00a05.<\/td><td>W sobot\u0119 14.03. na godz. 9:00 zapraszam na spotkanie do salki parafialnej dzieci z klasy 3B, a na godz. 10:00 dzieci z klasy 3A. &nbsp;<\/td><\/tr><\/tbody><\/table><\/figure>\n\n\n\n<figure class=\"wp-block-table\"><table><tbody><tr><td class=\"has-text-align-left\" data-align=\"left\" colspan=\"3\"><strong>&nbsp;<\/strong> <strong><u>Intencje mszalne &#8211; Parafia \u015bw. Miko\u0142aja w Parchowie<\/u><\/strong> <strong>&nbsp;<\/strong><\/td><\/tr><tr><td class=\"has-text-align-left\" data-align=\"left\" rowspan=\"2\"><strong><u><br>Poniedzia\u0142ek<\/u><\/strong> <br>9.03.2026<\/td><td><strong>7:00<\/strong><\/td><td><strong>Kaplica si\u00f3str: <\/strong>&#8211;&nbsp; int. Si\u00f3str<\/td><\/tr><tr><td class=\"has-text-align-left\" data-align=\"left\"><strong>17:00<\/strong><\/td><td>+ Helena i J\u00f3zef Kreft w r. \u015bm. ojca &nbsp;&nbsp;<\/td><\/tr><tr><td class=\"has-text-align-left\" data-align=\"left\" rowspan=\"2\"><strong><u>Wtorek<\/u><\/strong> <br>10.03.2026<\/td><td><strong>7:00<\/strong><\/td><td><strong>Kaplica si\u00f3str: <\/strong>&#8211;&nbsp; int. Si\u00f3str<\/td><\/tr><tr><td class=\"has-text-align-left\" data-align=\"left\"><strong>17:00<\/strong><\/td><td>+ Bo\u017cena, Jan, Irena, Maria Szyca &nbsp;<\/td><\/tr><tr><td class=\"has-text-align-left\" data-align=\"left\" rowspan=\"3\"><strong><u>\u015aroda<\/u><\/strong> <br>11.03.2026<\/td><td><strong>7:00<\/strong><\/td><td><strong>Kaplica si\u00f3str: <\/strong>+ Tadeusz Kreft w 2 r. \u015bm., Irena Kreft<\/td><\/tr><tr><td class=\"has-text-align-left\" data-align=\"left\"><strong>17:00<\/strong><\/td><td>+ Agnieszka Wa\u0142dowska, zm. z rodziny Wa\u0142dowskich, Jakubek i Pyrcha<\/td><\/tr><tr><td class=\"has-text-align-left\" data-align=\"left\"><strong>17:30<\/strong><\/td><td><strong>Adoracja Naj\u015bwi\u0119tszego Sakramentu<\/strong><\/td><\/tr><tr><td class=\"has-text-align-left\" data-align=\"left\" rowspan=\"3\"><strong><u>Czwartek<\/u><\/strong> <br>12.03.2026<\/td><td><strong>7:00<\/strong><\/td><td><strong>Kaplica si\u00f3str: <\/strong>&#8211;&nbsp; int. Si\u00f3str<\/td><\/tr><tr><td class=\"has-text-align-left\" data-align=\"left\"><strong>16:00<\/strong><\/td><td><strong>Adoracja Naj\u015bwi\u0119tszego Sakramentu<\/strong><\/td><\/tr><tr><td class=\"has-text-align-left\" data-align=\"left\"><strong>17:00<\/strong><\/td><td>&#8211; o b\u0142. Bo\u017ce, op. NMP dla kap\u0142an\u00f3w, o nowe, \u015bwi\u0119te powo\u0142ania kap\u0142a\u0144skie i zakonne z naszej parafii \u2013 int. rodziny Wenta<\/td><\/tr><tr><td class=\"has-text-align-left\" data-align=\"left\" rowspan=\"3\"><strong><u>Pi\u0105tek<\/u><\/strong> <br>13.03.2026<\/td><td><strong>7:00<\/strong><\/td><td><strong>Kaplica si\u00f3str: <\/strong>&#8211;&nbsp; int. Si\u00f3str<\/td><\/tr><tr><td class=\"has-text-align-left\" data-align=\"left\"><strong>17:00<\/strong><\/td><td><strong>Droga Krzy\u017cowa<\/strong><strong><\/strong><\/td><\/tr><tr><td class=\"has-text-align-left\" data-align=\"left\"><strong>17:30<\/strong><\/td><td>&#8211; o b\u0142. Bo\u017ce, op. NMP dla rodziny Sygidus i Tomaszewskich<\/td><\/tr><tr><td class=\"has-text-align-left\" data-align=\"left\" rowspan=\"2\"><strong><u>Sobota<\/u><\/strong> <br>14.03.2026<\/td><td><strong>7:00<\/strong><\/td><td><strong>Kaplica si\u00f3str: <\/strong>&#8211; w podz. za otrzymane \u0142aski z pro\u015bb\u0105 o b\u0142. Bo\u017ce, op. NMP dla Gertrudy z ok. 80 ur.<\/td><\/tr><tr><td class=\"has-text-align-left\" data-align=\"left\"><strong>17:00<\/strong><\/td><td>+ Jerzy Pa\u0142ubicki &nbsp;<\/td><\/tr><tr><td class=\"has-text-align-left\" data-align=\"left\" rowspan=\"4\"><strong><u>Niedziela<\/u><\/strong> <br>15.03.2026<\/td><td><strong>7:00<\/strong><\/td><td>+ Jan Cichosz w 4 r. \u015bm., zm. z rodz. Cichosz i Borzestowskich \u2013 int. Ewy z dzie\u0107mi \u00a0\u00a0\u00a0\u00a0<\/td><\/tr><tr><td class=\"has-text-align-left\" data-align=\"left\"><strong>09:30<\/strong><\/td><td>+ Anna Hendrych z ok. 1 r. \u015bm. i Stanis\u0142aw oraz dusze w czy\u015b\u0107cu<\/td><\/tr><tr><td class=\"has-text-align-left\" data-align=\"left\"><strong>11:30<\/strong><\/td><td>&#8211; w podz. za otrzymane \u0142aski z pro\u015bb\u0105 o zdrowie, b\u0142. Bo\u017ce, op. NMP dla mamy Anny z k. 80 ur. \u2013 int. dzieci<\/td><\/tr><tr><td class=\"has-text-align-left\" data-align=\"left\"><strong>16:00<\/strong><\/td><td><strong>Gorzkie \u017bale <\/strong><strong><\/strong><\/td><\/tr><\/tbody><\/table><\/figure>\n","protected":false},"excerpt":{"rendered":"<p>&nbsp; III Niedziela Wielkiego Postu &nbsp;\u2013 8 marca 2026r. &nbsp; 1.\u00a0 B\u00f3g zap\u0142a\u0107 za ofiary z\u0142o\u017cone tydzie\u0144 temu na polskich misjonarzy, oraz za ofiary &hellip;<\/p>\n","protected":false},"author":2,"featured_media":1863,"comment_status":"closed","ping_status":"","sticky":false,"template":"","format":"standard","meta":{"footnotes":""},"categories":[5],"tags":[],"class_list":["post-2040","post","type-post","status-publish","format-standard","has-post-thumbnail","hentry","category-ogloszenia"],"_links":{"self":[{"href":"https:\/\/parafiaparchowo.pl\/index.php?rest_route=\/wp\/v2\/posts\/2040","targetHints":{"allow":["GET"]}}],"collection":[{"href":"https:\/\/parafiaparchowo.pl\/index.php?rest_route=\/wp\/v2\/posts"}],"about":[{"href":"https:\/\/parafiaparchowo.pl\/index.php?rest_route=\/wp\/v2\/types\/post"}],"author":[{"embeddable":true,"href":"https:\/\/parafiaparchowo.pl\/index.php?rest_route=\/wp\/v2\/users\/2"}],"replies":[{"embeddable":true,"href":"https:\/\/parafiaparchowo.pl\/index.php?rest_route=%2Fwp%2Fv2%2Fcomments&post=2040"}],"version-history":[{"count":1,"href":"https:\/\/parafiaparchowo.pl\/index.php?rest_route=\/wp\/v2\/posts\/2040\/revisions"}],"predecessor-version":[{"id":2041,"href":"https:\/\/parafiaparchowo.pl\/index.php?rest_route=\/wp\/v2\/posts\/2040\/revisions\/2041"}],"wp:featuredmedia":[{"embeddable":true,"href":"https:\/\/parafiaparchowo.pl\/index.php?rest_route=\/wp\/v2\/media\/1863"}],"wp:attachment":[{"href":"https:\/\/parafiaparchowo.pl\/index.php?rest_route=%2Fwp%2Fv2%2Fmedia&parent=2040"}],"wp:term":[{"taxonomy":"category","embeddable":true,"href":"https:\/\/parafiaparchowo.pl\/index.php?rest_route=%2Fwp%2Fv2%2Fcategories&post=2040"},{"taxonomy":"post_tag","embeddable":true,"href":"https:\/\/parafiaparchowo.pl\/index.php?rest_route=%2Fwp%2Fv2%2Ftags&post=2040"}],"curies":[{"name":"wp","href":"https:\/\/api.w.org\/{rel}","templated":true}]}}