{"id":1677,"date":"2026-03-14T19:04:45","date_gmt":"2026-03-14T18:04:45","guid":{"rendered":"https:\/\/parafiaparchowo.pl\/?p=1677"},"modified":"2026-03-14T19:04:45","modified_gmt":"2026-03-14T18:04:45","slug":"ogloszenia-parafialne-iv-niedziela-wielkiego-postu-15-03-2026r","status":"publish","type":"post","link":"https:\/\/parafiaparchowo.pl\/?p=1677","title":{"rendered":"Og\u0142oszenia parafialne \u2013\u00a0 IV Niedziela\u00a0 Wielkiego Postu \u00a0 \u2013 15.03.2026r."},"content":{"rendered":"\n<figure class=\"wp-block-table\"><table><tbody><tr><td class=\"has-text-align-center\" data-align=\"center\" colspan=\"2\">&nbsp; <strong>IV Niedziela Wielkiego Postu &nbsp;\u2013 15 marca 2026r.<\/strong> &nbsp;<\/td><\/tr><tr><td class=\"has-text-align-center\" data-align=\"center\">1.\u00a0<\/td><td>W tym tygodniu prze\u017cywa\u0107 b\u0119dziemy Rekolekcje Wielkopostne, kt\u00f3re rozpoczniemy 19 marca w Uroczysto\u015b\u0107 \u015bw. J\u00f3zefa i potrwaj\u0105 do soboty 21 marca. Rekolekcje poprowadzi ks. Jacek Karwasz \u2013 proboszcz parafii Sasino. Zach\u0119cam do udzia\u0142u w rekolekcjach. Plan jest dost\u0119pny w gablocie i na stronie internetowej. &nbsp;<\/td><\/tr><tr><td class=\"has-text-align-center\" data-align=\"center\">\u00a02.<\/td><td>Adoracja Naj\u015bwi\u0119tszego Sakramentu w \u015brod\u0119 od godz. 17:30 do 20:00, oraz w czwartek od godz. 16:00 w intencji powo\u0142a\u0144 kap\u0142a\u0144skich, zakonnych i misyjnych. &nbsp;<\/td><\/tr><tr><td class=\"has-text-align-center\" data-align=\"center\">\u00a03.<\/td><td>18 marca nasza parafia w\u0142\u0105cza si\u0119 w inicjatyw\u0119 \u201dMost modlitewny\u201d. To dzie\u0144 w kt\u00f3rym klerycy Wy\u017cszego Seminarium Duchownego w Pelplinie modl\u0105 si\u0119 za nasz\u0105 parafi\u0119, w tym dniu chcemy \u0142\u0105czy\u0107 si\u0119 duchowo z naszym seminarium modl\u0105c si\u0119 za moderator\u00f3w i kleryk\u00f3w WSD oraz o nowe \u015bwi\u0119te powo\u0142ania kap\u0142a\u0144skie.<\/td><\/tr><tr><td class=\"has-text-align-center\" data-align=\"center\">\u00a04.<\/td><td>W Wielkim Po\u015bcie zapraszam na nabo\u017ce\u0144stwa:<br><strong>Droga Krzy\u017cowa w pi\u0105tek o godz. 11:00 i 17:00<\/strong><br><strong>Gorzkie \u017bale w niedziel\u0119 o godz. 16:00<\/strong><\/td><\/tr><tr><td class=\"has-text-align-center\" data-align=\"center\">\u00a05.<\/td><td>29 marca w Niedziel\u0119 Palmow\u0105 tradycyjnie odbywa\u0107 si\u0119 b\u0119dzie \u015awiatowy Dzie\u0144 M\u0142odzie\u017cy w Ko\u015bcierzynie. Dla m\u0142odzie\u017cy przygotowuj\u0105cej si\u0119 do bierzmowania jest to wyjazd obowi\u0105zkowy, zach\u0119cam jednak m\u0142odzie\u017c m\u0142odsz\u0105 i starsz\u0105 do udzia\u0142u w tym wydarzeniu. Zapisy w zakrystii lub w biurze parafialnym. Koszt 20 z\u0142., Wyjazd o godz. 12:30, powr\u00f3t ok. godz. 17:30. &nbsp;<\/td><\/tr><tr><td class=\"has-text-align-center\" data-align=\"center\">\u00a06.<\/td><td>W pi\u0105tek po Mszy \u015bw. spotkanie dla m\u0142odzie\u017cy przygotowuj\u0105cej si\u0119 do bierzmowania. Zapraszam m\u0142odzie\u017c 2 roku formacji, kt\u00f3ra w tym roku przyjmie sakrament bierzmowania. &nbsp;<\/td><\/tr><tr><td class=\"has-text-align-center\" data-align=\"center\">\u00a07.<\/td><td>W niedziel\u0119 22 marca po Mszy \u015bw. o godz. 11:30, spotkanie dla dzieci klas 3. &nbsp;<\/td><\/tr><tr><td class=\"has-text-align-center\" data-align=\"center\">\u00a08.<\/td><td>Zapowiedzi przed\u015blubne<br>&#8211; Robert Krefft, zam. w Go\u0142czewie<br>&#8211; Wiktoria Borzyszkowska, par. Ko\u0142czyg\u0142owy &nbsp;<\/td><\/tr><\/tbody><\/table><\/figure>\n\n\n\n<figure class=\"wp-block-table\"><table><tbody><tr><td class=\"has-text-align-center\" data-align=\"center\" colspan=\"3\"><strong><u>Intencje mszalne &#8211; Parafia \u015bw. Miko\u0142aja w Parchowie<\/u><\/strong><\/td><\/tr><tr><td class=\"has-text-align-center\" data-align=\"center\" rowspan=\"2\"><strong><u><br>Poniedzia\u0142ek<\/u><\/strong> 16.03.2026<\/td><td><strong>7:00<\/strong><\/td><td><strong>Kaplica si\u00f3str:<\/strong> + Waleska i J\u00f3zef Jereczek, Adam Domaszk, Stanis\u0142aw i Honorata Majkowscy, zm. z rodziny<\/td><\/tr><tr><td class=\"has-text-align-center\" data-align=\"center\"><strong>17:00<\/strong><\/td><td>+ Helena i Franciszek, Janina Garscy &nbsp;&nbsp;&nbsp;<\/td><\/tr><tr><td class=\"has-text-align-center\" data-align=\"center\" rowspan=\"2\"><strong><u>Wtorek<\/u><\/strong> <br>17.03.2026<\/td><td><strong>7:00<\/strong><\/td><td><strong>Kaplica si\u00f3str: <\/strong>+ Adam Domaszk, Waleska i J\u00f3zef<\/td><\/tr><tr><td class=\"has-text-align-center\" data-align=\"center\"><strong>17:00<\/strong><\/td><td>+ Agnieszka Lewna z ok. 4 r. \u015bm. &nbsp;&nbsp;<\/td><\/tr><tr><td class=\"has-text-align-center\" data-align=\"center\" rowspan=\"3\"><strong><u>\u015aroda<\/u><\/strong> <br>18.03.2026<\/td><td><strong>7:00<\/strong><\/td><td><strong>Kaplica si\u00f3str: <\/strong>+ Edyta Kasper \u2013 int. prac. DPS &nbsp;<\/td><\/tr><tr><td class=\"has-text-align-center\" data-align=\"center\"><strong>17:00<\/strong><\/td><td>+ zm. z rodziny Bednarek i Dziemi\u0144skich &nbsp;<\/td><\/tr><tr><td class=\"has-text-align-center\" data-align=\"center\"><strong>17:30<\/strong><\/td><td><strong>Adoracja Naj\u015bwi\u0119tszego Sakramentu<\/strong><\/td><\/tr><tr><td class=\"has-text-align-center\" data-align=\"center\" rowspan=\"5\"><strong><u>Czwartek<\/u><\/strong> <br>19.03.2026<\/td><td><strong>7:00<\/strong><\/td><td><strong>Kaplica si\u00f3str: <\/strong>&#8211;&nbsp; int. Si\u00f3str<\/td><\/tr><tr><td class=\"has-text-align-center\" data-align=\"center\"><strong>9:00<\/strong><\/td><td>+ Franciszek Wro\u0144ski, Maria i Jan Gawin, Urszula i Zygmunt Stenzel w 37 r. \u015bm., rodzice chrz.<\/td><\/tr><tr><td class=\"has-text-align-center\" data-align=\"center\"><strong>11:00<\/strong><\/td><td><strong>Suma Odpustowa w int. Parafian<\/strong> <br>&#8211; o b\u0142. Bo\u017ce, op.\u00a0 NMP i \u015bw. J\u00f3zefa dla cz\u0142. \u017bywego R\u00f3\u017ca\u0144ca i naszej Ojczyzny, za dusze w czy\u015b\u0107cu \u2013 int. R\u00f3\u017cy \u015bw. J\u00f3zefa <br>+ J\u00f3zef i J\u00f3zefa Majer<\/td><\/tr><tr><td class=\"has-text-align-center\" data-align=\"center\"><strong>16:00<\/strong><\/td><td><strong>Adoracja Naj\u015bwi\u0119tszego Sakramentu<\/strong><\/td><\/tr><tr><td class=\"has-text-align-center\" data-align=\"center\"><strong>17:00<\/strong><\/td><td>+ J\u00f3zef W\u0119sierski, rodz. Helena i J\u00f3zef<\/td><\/tr><tr><td class=\"has-text-align-center\" data-align=\"center\" rowspan=\"6\"><strong><u>Pi\u0105tek<\/u><\/strong> <br>20.03.2026<\/td><td><strong>7:00<\/strong><\/td><td><strong>Kaplica si\u00f3str: <\/strong>&#8211;&nbsp; int. Si\u00f3str<\/td><\/tr><tr><td class=\"has-text-align-center\" data-align=\"center\"><strong>9:00<\/strong><\/td><td>+ Ludwik Czapiewski<\/td><\/tr><tr><td class=\"has-text-align-center\" data-align=\"center\"><strong>11:00<\/strong><\/td><td><strong>Droga Krzy\u017cowa<\/strong><strong><\/strong><\/td><\/tr><tr><td class=\"has-text-align-center\" data-align=\"center\"><strong>11:30<\/strong><\/td><td>+ Wojciech Wera w r. \u015bm., Balbina i Maksymilian Wera<\/td><\/tr><tr><td class=\"has-text-align-center\" data-align=\"center\"><strong>17:00<\/strong><\/td><td><strong>Droga Krzy\u017cowa<\/strong><strong><\/strong><\/td><\/tr><tr><td class=\"has-text-align-center\" data-align=\"center\"><strong>17:30<\/strong><\/td><td>&#8211; w podz. za \u0142aski, z pro\u015bb\u0105 o b\u0142. Bo\u017ce, op. NMP dla rodziny <br>+ Magdalena Jerszewska z ok. 14 r. \u015bm.<\/td><\/tr><tr><td class=\"has-text-align-center\" data-align=\"center\" rowspan=\"5\"><strong><u>Sobota<\/u><\/strong> <br>21.03.2026<\/td><td><strong>7:00<\/strong><\/td><td><strong>Kaplica si\u00f3str: <\/strong>&#8211;&nbsp; int. Si\u00f3str<\/td><\/tr><tr><td class=\"has-text-align-center\" data-align=\"center\"><strong>9:00<\/strong><\/td><td>+ Klemens Bukowski \u2013 int. ucz. pogrzebu<\/td><\/tr><tr><td class=\"has-text-align-center\" data-align=\"center\"><strong>11:00<\/strong><\/td><td>+ Danuta Bronk, Edmund i Anna Malek, dusze w czy\u015b\u0107cu<\/td><\/tr><tr><td class=\"has-text-align-center\" data-align=\"center\"><strong>16:00<\/strong><\/td><td><strong>Adoracja Naj\u015bwi\u0119tszego Sakramentu<\/strong><\/td><\/tr><tr><td class=\"has-text-align-center\" data-align=\"center\"><strong>17:00<\/strong><\/td><td>+ Kazimierz i Genowefa w d. ur., Anna Du\u0142ak, zm. z rodziny <br>+ Waldemar Jereczek \u2013 int. ucz. pogrzebu<\/td><\/tr><tr><td class=\"has-text-align-center\" data-align=\"center\" rowspan=\"4\"><strong><u>Niedziela<\/u><\/strong> <br>22.03.2026<\/td><td><strong>7:00<\/strong><\/td><td>+ Teresa, Tadeusz, Andrzej Weso\u0142owscy, Maria i Stanis\u0142aw Cichosz, dusze w czy\u015b\u0107cu &nbsp;&nbsp;&nbsp;&nbsp;&nbsp;<\/td><\/tr><tr><td class=\"has-text-align-center\" data-align=\"center\"><strong>09:30<\/strong><\/td><td>+ Leon Mielewczyk, Stanis\u0142aw Wro\u0144ski, zm. z tych rodzin \u2013 int. r. Wro\u0144skich<\/td><\/tr><tr><td class=\"has-text-align-center\" data-align=\"center\"><strong>11:30<\/strong><\/td><td>+ Zygmunt Bronk, Gertruda, J\u00f3zef Bronk, Jan i Helena Figurscy<\/td><\/tr><tr><td class=\"has-text-align-center\" data-align=\"center\"><strong>16:00<\/strong><\/td><td><strong>Gorzkie \u017bale <\/strong><strong><\/strong><\/td><\/tr><\/tbody><\/table><\/figure>\n\n\n\n<figure class=\"wp-block-table\"><table><tbody><tr><td class=\"has-text-align-center\" data-align=\"center\" colspan=\"2\"><strong>Rekolekcje Wielkopostne &#8211; Parafia \u015bw. Miko\u0142aja w Parchowie<\/strong> <strong>19 &#8211; 21 marca 2026r.<\/strong><strong><\/strong><\/td><\/tr><tr><td class=\"has-text-align-center\" data-align=\"center\" colspan=\"2\"><strong>&nbsp;<\/strong> <strong>Czwartek &nbsp;&#8211; 19.03.2026r.<\/strong> <strong>&nbsp;<\/strong><\/td><\/tr><tr><td class=\"has-text-align-center\" data-align=\"center\"><strong>Godz. 7:00<\/strong> <strong>&nbsp;<\/strong><\/td><td>Msza \u015bw. z nauk\u0105 rekolekcyjn\u0105 &nbsp;<\/td><\/tr><tr><td class=\"has-text-align-center\" data-align=\"center\"><strong>Godz. 9:00<\/strong><\/td><td>Msza \u015bw. dla dzieci i m\u0142odzie\u017cy Szko\u0142y Podstawowej &nbsp;<\/td><\/tr><tr><td class=\"has-text-align-center\" data-align=\"center\"><strong>Godz. 11:00<\/strong> <strong>&nbsp;<\/strong><\/td><td>SUMA ODPUSTOWA KU CZCI \u015aW. J\u00d3ZEFA Msza \u015bw. z nauk\u0105 rekolekcyjn\u0105 <strong>&nbsp;<\/strong><\/td><\/tr><tr><td class=\"has-text-align-center\" data-align=\"center\"><strong>Godz. 16:00<\/strong> <strong>&nbsp;<\/strong><\/td><td>ADORACJA NAJ\u015aWI\u0118TSZEGO SAKRAMENTU<\/td><\/tr><tr><td class=\"has-text-align-center\" data-align=\"center\"><strong>Godz. 17:00<\/strong> <strong>&nbsp;<\/strong><\/td><td>Msza \u015bw. z nauk\u0105 rekolekcyjn\u0105 &nbsp;<\/td><\/tr><tr><td class=\"has-text-align-center\" data-align=\"center\" colspan=\"2\"><strong>&nbsp;<\/strong> <strong>Pi\u0105tek &nbsp;\u2013 20.03.2026r.<\/strong> <strong>&nbsp;<\/strong><\/td><\/tr><tr><td class=\"has-text-align-center\" data-align=\"center\"><strong>Godz. 7:00<\/strong> <strong>&nbsp;<\/strong><\/td><td>Msza \u015bw. z nauk\u0105 rekolekcyjn\u0105 &nbsp;<\/td><\/tr><tr><td class=\"has-text-align-center\" data-align=\"center\"><strong>Godz. 9:00<\/strong> <strong>&nbsp;<\/strong><\/td><td>Msza \u015bw. dla dzieci i m\u0142odzie\u017cy Szko\u0142y Podstawowej &nbsp;<\/td><\/tr><tr><td class=\"has-text-align-center\" data-align=\"center\"><strong>Godz. 11:00<\/strong> <strong>&nbsp;<\/strong><\/td><td>Droga Krzy\u017cowa<\/td><\/tr><tr><td class=\"has-text-align-center\" data-align=\"center\"><strong>Godz. 11:30<\/strong> <strong>&nbsp;<\/strong><\/td><td>Msza \u015bw. z nauk\u0105 rekolekcyjn\u0105<\/td><\/tr><tr><td class=\"has-text-align-center\" data-align=\"center\"><strong>Godz. 17:00<\/strong> <strong>&nbsp;<\/strong><\/td><td>Droga Krzy\u017cowa &nbsp;<\/td><\/tr><tr><td class=\"has-text-align-center\" data-align=\"center\"><strong>Godz. 17:30<\/strong><\/td><td>Msza \u015bw. z nauk\u0105 rekolekcyjn\u0105 &nbsp;<\/td><\/tr><tr><td class=\"has-text-align-center\" data-align=\"center\" colspan=\"2\"><strong>&nbsp;<\/strong> <strong>Sobota \u2013 21.03.2026r.<\/strong><strong><\/strong> <strong>&nbsp;<\/strong><\/td><\/tr><tr><td class=\"has-text-align-center\" data-align=\"center\"><strong>Godz. 7:00<\/strong> <strong>&nbsp;<\/strong><\/td><td>Msza \u015bw. z nauk\u0105 rekolekcyjn\u0105 &nbsp;<\/td><\/tr><tr><td class=\"has-text-align-center\" data-align=\"center\"><strong>Godz. 9:00<\/strong> <strong>&nbsp;<\/strong><\/td><td>Msza \u015bw. dla dzieci i m\u0142odzie\u017cy Szko\u0142y Podstawowej &nbsp;<\/td><\/tr><tr><td class=\"has-text-align-center\" data-align=\"center\"><strong>Godz. 11:00<\/strong> <strong>&nbsp;<\/strong><\/td><td>Msza \u015bw. z nauk\u0105 rekolekcyjn\u0105 &nbsp;<\/td><\/tr><tr><td class=\"has-text-align-center\" data-align=\"center\"><strong>Godz. 16:00<\/strong><\/td><td>ADORACJA NAJ\u015aWI\u0118TSZEGO SAKRAMENTU &nbsp;<\/td><\/tr><tr><td class=\"has-text-align-center\" data-align=\"center\"><strong>Godz. 17:00<\/strong><\/td><td>Msza \u015bw. z nauk\u0105 rekolekcyjn\u0105 &nbsp;<\/td><\/tr><\/tbody><\/table><\/figure>\n","protected":false},"excerpt":{"rendered":"<p>&nbsp; IV Niedziela Wielkiego Postu &nbsp;\u2013 15 marca 2026r. &nbsp; 1.\u00a0 W tym tygodniu prze\u017cywa\u0107 b\u0119dziemy Rekolekcje Wielkopostne, kt\u00f3re rozpoczniemy 19 marca w Uroczysto\u015b\u0107 &hellip;<\/p>\n","protected":false},"author":1,"featured_media":253,"comment_status":"closed","ping_status":"closed","sticky":false,"template":"","format":"standard","meta":{"footnotes":""},"categories":[5],"tags":[],"class_list":["post-1677","post","type-post","status-publish","format-standard","has-post-thumbnail","hentry","category-ogloszenia"],"_links":{"self":[{"href":"https:\/\/parafiaparchowo.pl\/index.php?rest_route=\/wp\/v2\/posts\/1677","targetHints":{"allow":["GET"]}}],"collection":[{"href":"https:\/\/parafiaparchowo.pl\/index.php?rest_route=\/wp\/v2\/posts"}],"about":[{"href":"https:\/\/parafiaparchowo.pl\/index.php?rest_route=\/wp\/v2\/types\/post"}],"author":[{"embeddable":true,"href":"https:\/\/parafiaparchowo.pl\/index.php?rest_route=\/wp\/v2\/users\/1"}],"replies":[{"embeddable":true,"href":"https:\/\/parafiaparchowo.pl\/index.php?rest_route=%2Fwp%2Fv2%2Fcomments&post=1677"}],"version-history":[{"count":1,"href":"https:\/\/parafiaparchowo.pl\/index.php?rest_route=\/wp\/v2\/posts\/1677\/revisions"}],"predecessor-version":[{"id":2044,"href":"https:\/\/parafiaparchowo.pl\/index.php?rest_route=\/wp\/v2\/posts\/1677\/revisions\/2044"}],"wp:featuredmedia":[{"embeddable":true,"href":"https:\/\/parafiaparchowo.pl\/index.php?rest_route=\/wp\/v2\/media\/253"}],"wp:attachment":[{"href":"https:\/\/parafiaparchowo.pl\/index.php?rest_route=%2Fwp%2Fv2%2Fmedia&parent=1677"}],"wp:term":[{"taxonomy":"category","embeddable":true,"href":"https:\/\/parafiaparchowo.pl\/index.php?rest_route=%2Fwp%2Fv2%2Fcategories&post=1677"},{"taxonomy":"post_tag","embeddable":true,"href":"https:\/\/parafiaparchowo.pl\/index.php?rest_route=%2Fwp%2Fv2%2Ftags&post=1677"}],"curies":[{"name":"wp","href":"https:\/\/api.w.org\/{rel}","templated":true}]}}