{"id":1676,"date":"2025-08-09T18:00:00","date_gmt":"2025-08-09T16:00:00","guid":{"rendered":"https:\/\/parafiaparchowo.pl\/?p=1676"},"modified":"2025-07-30T23:21:06","modified_gmt":"2025-07-30T21:21:06","slug":"ogloszenia-parafialne-xix-niedziela-10-08-2025r","status":"publish","type":"post","link":"https:\/\/parafiaparchowo.pl\/?p=1676","title":{"rendered":"Og\u0142oszenia parafialne \u2013 XIX Niedziela &#8211; 10.08.2025r."},"content":{"rendered":"\n<figure class=\"wp-block-table\"><table><tbody><tr><td class=\"has-text-align-center\" data-align=\"center\" colspan=\"2\">&nbsp; <strong>XIX Niedziela zwyk\u0142a \u2013 10 sierpnia 2025r.<\/strong> &nbsp;<\/td><\/tr><tr><td class=\"has-text-align-center\" data-align=\"center\">1. &nbsp;<\/td><td>B\u00f3g zap\u0142a\u0107 za ofiary z\u0142o\u017cone na inwestycje w naszej parafii. W zesz\u0142ym miesi\u0105cu zebrali\u015bmy 5170 z\u0142. &nbsp;<\/td><\/tr><tr><td class=\"has-text-align-center\" data-align=\"center\">&nbsp;2. <\/td><td>W pi\u0105tek Uroczysto\u015b\u0107 Wniebowzi\u0119cia NMP, nasz Odpust Parafialny. Suma odpustowa o godz. 11:30. Po Mszy \u015bw. procesja eucharystyczna wok\u00f3\u0142 ko\u015bcio\u0142a. W tym dniu na ka\u017cdej Mszy \u015bw. b\u0142ogos\u0142awie\u0144stwo k\u0142os\u00f3w zb\u00f3\u017c, zi\u00f3\u0142 i kwiat\u00f3w. &nbsp;<\/td><\/tr><tr><td class=\"has-text-align-center\" data-align=\"center\">3.&nbsp;<\/td><td>15 sierpnia w dzie\u0144 odpustu, bardzo serdecznie zapraszam na rodzinny piknik parafialny, kt\u00f3ry odb\u0119dzie si\u0119 w parafialnym ogrodzie w godz. od 15:00 do 18:00. Zapewniamy smaczne kie\u0142baski z grilla, dobr\u0105 kaw\u0119 i ciasto oraz mi\u0142e towarzystwo.<\/td><\/tr><tr><td class=\"has-text-align-center\" data-align=\"center\">4.&nbsp;<\/td><td><strong>W tym tygodniu w liturgii Ko\u015bcio\u0142a obchodzimy:<\/strong> <br>&#8211; w poniedzia\u0142ek 11.08. \u2013 \u015bw. Klary <br>&#8211; w czwartek 14.08. \u2013 \u015bw. Maksymiliana Kolbego <br>&#8211; w pi\u0105tek 15.08. \u2013 Uroczysto\u015b\u0107 Wniebowzi\u0119cia NMP &nbsp;<\/td><\/tr><tr><td class=\"has-text-align-center\" data-align=\"center\">&nbsp;5.<\/td><td>Adoracja Naj\u015bwi\u0119tszego Sakramentu w \u015brod\u0119 od godz. 18:30 i w czwartek od godz. 16:00 w intencji powo\u0142a\u0144. &nbsp;<\/td><\/tr><tr><td class=\"has-text-align-center\" data-align=\"center\">&nbsp;6.<\/td><td>Zapowiedzi przed\u015blubne: &nbsp; <br>&#8211; Robert Szyma\u0144ski z Bytowa <br>&#8211; Kinga Mielewczyk, par. Parchowo &nbsp; &nbsp;<\/td><\/tr><\/tbody><\/table><\/figure>\n\n\n\n<figure class=\"wp-block-table\"><table><tbody><tr><td class=\"has-text-align-center\" data-align=\"center\" colspan=\"3\"><strong>Intencje mszalne &#8211; Parafia \u015bw. Miko\u0142aja w Parchowie<\/strong><strong><\/strong><\/td><\/tr><tr><td class=\"has-text-align-center\" data-align=\"center\" rowspan=\"3\"><strong><u><br>Poniedzia\u0142ek&nbsp;<\/u><\/strong> 11.08.2025<\/td><td><strong>7:00<\/strong><\/td><td><strong>Kaplica si\u00f3str: <\/strong>&#8211; o b\u0142. Bo\u017ce, op. NMP dla ksi\u0119\u017cy i si\u00f3str zakonnych<\/td><\/tr><tr><td class=\"has-text-align-center\" data-align=\"center\"><strong>17:00<\/strong><\/td><td>+ Stefan Paszylk w d. ur. Helena i J\u00f3zef Grota, Mariusz Grzenkowski<\/td><\/tr><tr><td class=\"has-text-align-center\" data-align=\"center\"><strong>18:00<\/strong><\/td><td>+ Jerzy Makurat i zm. rodzice, Stanis\u0142aw Bandzmer &nbsp;<\/td><\/tr><tr><td class=\"has-text-align-center\" data-align=\"center\" rowspan=\"3\"><strong><u>Wtorek<\/u><\/strong> <br>12.08.2025<\/td><td><strong>7:00<\/strong><\/td><td><strong>Kaplica si\u00f3str: <\/strong>&#8211; o b\u0142. Bo\u017ce, op. NMP dla wszystkich Parafian<\/td><\/tr><tr><td class=\"has-text-align-center\" data-align=\"center\"><strong>17:00<\/strong><\/td><td>+ Helena W\u0119sierska w 17 r. \u015bm.<\/td><\/tr><tr><td class=\"has-text-align-center\" data-align=\"center\"><strong>18:00<\/strong><\/td><td>+ Maciej, Jadwiga i Franciszek Majkowscy &nbsp;<\/td><\/tr><tr><td class=\"has-text-align-center\" data-align=\"center\" rowspan=\"4\"><strong><u>\u015aroda<\/u><\/strong> <br>13.08.2025<\/td><td><strong>7:00<\/strong><\/td><td><strong>Kaplica si\u00f3str: <\/strong>&#8211; int. Si\u00f3str<strong><\/strong><\/td><\/tr><tr><td class=\"has-text-align-center\" data-align=\"center\"><strong>17:00<\/strong><\/td><td>+ Mariola i Andrzej Jakubek, mama Danuta Jakubek, Ryszard Brzeski &nbsp;<\/td><\/tr><tr><td class=\"has-text-align-center\" data-align=\"center\"><strong>18:00<\/strong><\/td><td>&#8211; w podz. MB fatimskiej, z pro\u015bba o dalsz\u0105 opiek\u0119 Maryi, b\u0142. Bo\u017ce dla ca\u0142ej Parafii \u2013 int. R\u00f3\u017c \u015bw. Barbary <br>i \u015bw. Stanis\u0142awa Biskupa<\/td><\/tr><tr><td class=\"has-text-align-center\" data-align=\"center\"><strong>18:30<\/strong><\/td><td><strong>Adoracja Naj\u015bwi\u0119tszego Sakramentu<\/strong><\/td><\/tr><tr><td class=\"has-text-align-center\" data-align=\"center\" rowspan=\"4\"><strong><u>Czwartek<\/u><\/strong> <br>14.08.2025<\/td><td><strong>7:00<\/strong><\/td><td><strong>Kaplica si\u00f3str: <\/strong>&#8211; o \u0142ask\u0119 zdrowia, b\u0142. Bo\u017ce, op. NMP dla Bartosza<\/td><\/tr><tr><td class=\"has-text-align-center\" data-align=\"center\"><strong>15:00<\/strong><\/td><td><strong>Msza \u015bw. \u015blubna: Wojciech i Klaudia<\/strong><\/td><\/tr><tr><td class=\"has-text-align-center\" data-align=\"center\"><strong>16:00<\/strong><\/td><td><strong>Adoracja Naj\u015bwi\u0119tszego Sakramentu<\/strong><\/td><\/tr><tr><td class=\"has-text-align-center\" data-align=\"center\"><strong>17:00<\/strong><\/td><td>+ Stanis\u0142aw Jereczek &#8211; int. Paw\u0142a<strong><\/strong><\/td><\/tr><tr><td class=\"has-text-align-center\" data-align=\"center\" rowspan=\"3\"><strong><u>Pi\u0105tek<\/u><\/strong> <br>15.08.2025<\/td><td><strong>7:00<\/strong><\/td><td>+ Marian Szyca, zm. z rodziny<\/td><\/tr><tr><td class=\"has-text-align-center\" data-align=\"center\"><strong>9:30<\/strong><\/td><td>+ zm. z rodziny Bejnerowicz i Ropela<\/td><\/tr><tr><td class=\"has-text-align-center\" data-align=\"center\"><strong>11:30<\/strong><\/td><td>SUMA ODPUSTOWA &#8211; o b\u0142. Bo\u017ce, op. NMP dla wszystkich Parafian i Go\u015bci<\/td><\/tr><tr><td class=\"has-text-align-center\" data-align=\"center\" rowspan=\"3\"><strong><u>Sobota<\/u><\/strong> <br>16.08.2025<\/td><td><strong>7:00<\/strong><\/td><td><strong>Kaplica si\u00f3str: <\/strong>&#8211; o potrzebne \u0142aski, b\u0142. Bo\u017ce, dary Ducha \u015awi\u0119tego dla chrze\u015bniak\u00f3w: Brygidy, Beaty, Bernadety, Magdaleny, Adama, Krzysztofa<\/td><\/tr><tr><td class=\"has-text-align-center\" data-align=\"center\"><strong>17:00<\/strong><\/td><td>+ Zofia i Antoni B\u0142aszkowscy, Jan, Pelagia, Stanis\u0142aw i Miros\u0142aw<\/td><\/tr><tr><td class=\"has-text-align-center\" data-align=\"center\"><strong>18:00<\/strong><\/td><td>&#8211; w podz. za otrzymane \u0142aski z pro\u015bb\u0105 o zdr., b\u0142. Bo\u017ce, op. NMP dla ojca Franciszka z ok. 80 ur. \u00a0<\/td><\/tr><tr><td class=\"has-text-align-center\" data-align=\"center\" rowspan=\"3\"><strong><u>Niedziela<\/u><\/strong> <br>17.08.2025<\/td><td><strong>7:00<\/strong><\/td><td>+ Stefania i Czes\u0142aw Kreft, Franciszka i Bazyli Piechowscy i zm. z rodziny Piechowskich<\/td><\/tr><tr><td class=\"has-text-align-center\" data-align=\"center\"><strong>09:30<\/strong><\/td><td>+ Helena Jakubek w 1 r. \u015bm.<\/td><\/tr><tr><td class=\"has-text-align-center\" data-align=\"center\"><strong>11:30<\/strong><\/td><td>+ Barbara Dalecka z ok. ur., Helena i Alfons Ciemi\u0144scy \u2013 int. p. Daleckich<\/td><\/tr><\/tbody><\/table><\/figure>\n\n\n\n<p><\/p>\n","protected":false},"excerpt":{"rendered":"<p>&nbsp; XIX Niedziela zwyk\u0142a \u2013 10 sierpnia 2025r. &nbsp; 1. &nbsp; B\u00f3g zap\u0142a\u0107 za ofiary z\u0142o\u017cone na inwestycje w naszej parafii. W zesz\u0142ym miesi\u0105cu &hellip;<\/p>\n","protected":false},"author":1,"featured_media":253,"comment_status":"closed","ping_status":"closed","sticky":false,"template":"","format":"standard","meta":{"footnotes":""},"categories":[5],"tags":[],"class_list":["post-1676","post","type-post","status-publish","format-standard","has-post-thumbnail","hentry","category-ogloszenia"],"_links":{"self":[{"href":"https:\/\/parafiaparchowo.pl\/index.php?rest_route=\/wp\/v2\/posts\/1676","targetHints":{"allow":["GET"]}}],"collection":[{"href":"https:\/\/parafiaparchowo.pl\/index.php?rest_route=\/wp\/v2\/posts"}],"about":[{"href":"https:\/\/parafiaparchowo.pl\/index.php?rest_route=\/wp\/v2\/types\/post"}],"author":[{"embeddable":true,"href":"https:\/\/parafiaparchowo.pl\/index.php?rest_route=\/wp\/v2\/users\/1"}],"replies":[{"embeddable":true,"href":"https:\/\/parafiaparchowo.pl\/index.php?rest_route=%2Fwp%2Fv2%2Fcomments&post=1676"}],"version-history":[{"count":2,"href":"https:\/\/parafiaparchowo.pl\/index.php?rest_route=\/wp\/v2\/posts\/1676\/revisions"}],"predecessor-version":[{"id":1743,"href":"https:\/\/parafiaparchowo.pl\/index.php?rest_route=\/wp\/v2\/posts\/1676\/revisions\/1743"}],"wp:featuredmedia":[{"embeddable":true,"href":"https:\/\/parafiaparchowo.pl\/index.php?rest_route=\/wp\/v2\/media\/253"}],"wp:attachment":[{"href":"https:\/\/parafiaparchowo.pl\/index.php?rest_route=%2Fwp%2Fv2%2Fmedia&parent=1676"}],"wp:term":[{"taxonomy":"category","embeddable":true,"href":"https:\/\/parafiaparchowo.pl\/index.php?rest_route=%2Fwp%2Fv2%2Fcategories&post=1676"},{"taxonomy":"post_tag","embeddable":true,"href":"https:\/\/parafiaparchowo.pl\/index.php?rest_route=%2Fwp%2Fv2%2Ftags&post=1676"}],"curies":[{"name":"wp","href":"https:\/\/api.w.org\/{rel}","templated":true}]}}