{"id":1674,"date":"2025-08-02T18:00:00","date_gmt":"2025-08-02T16:00:00","guid":{"rendered":"https:\/\/parafiaparchowo.pl\/?p=1674"},"modified":"2025-07-30T23:11:57","modified_gmt":"2025-07-30T21:11:57","slug":"ogloszenia-parafialne-xviii-niedziela-3-08-2025r","status":"publish","type":"post","link":"https:\/\/parafiaparchowo.pl\/?p=1674","title":{"rendered":"Og\u0142oszenia parafialne \u2013 XVIII Niedziela 3.08.2025r."},"content":{"rendered":"\n<figure class=\"wp-block-table\"><table><tbody><tr><td class=\"has-text-align-center\" data-align=\"center\" colspan=\"2\">&nbsp; <strong>XVIII Niedziela zwyk\u0142a \u2013 3 sierpnia 2025r.<\/strong> &nbsp;<\/td><\/tr><tr><td class=\"has-text-align-center\" data-align=\"center\">\u00a01. <\/td><td>Za tydzie\u0144 kolekta inwestycyjna. &nbsp;<\/td><\/tr><tr><td class=\"has-text-align-center\" data-align=\"center\">\u00a02.<\/td><td><strong>W tym tygodniu w liturgii Ko\u015bcio\u0142a obchodzimy:<\/strong> &#8211; w poniedzia\u0142ek 4.08. \u2013 \u015bw. Jana Marii Vianneya &#8211; w \u015brod\u0119 6.08. \u2013 \u015awi\u0119to Przemienienia Pa\u0144skiego &#8211; w &nbsp;pi\u0105tek 8.08 \u2013 \u015bw. Dominika &#8211; w sobot\u0119 9.08 \u2013 \u015bwi\u0119to \u015bw. Teresy Benedykty od Krzy\u017ca &nbsp;<\/td><\/tr><tr><td class=\"has-text-align-center\" data-align=\"center\">\u00a03.<\/td><td>Adoracja Naj\u015bwi\u0119tszego Sakramentu w \u015brod\u0119 od godz. 18:30, oraz w czwartek od godz. 16:00 w intencji powo\u0142a\u0144 do kap\u0142a\u0144stwa, s\u0142u\u017cby zakonnej i pracy misyjnej. &nbsp;<\/td><\/tr><tr><td class=\"has-text-align-center\" data-align=\"center\">\u00a04. <\/td><td>Zapowiedzi przed\u015blubne \u00a0 <br>&#8211; Wojciech Szyca, par. Parchowo <br>&#8211; Marta Furmanek, par. Niezabyszewo \u00a0 <br><br>&#8211; Robert Szyma\u0144ski z Bytowa <br>&#8211; Kinga Mielewczyk, par. Parchowo \u00a0 \u00a0<\/td><\/tr><\/tbody><\/table><\/figure>\n\n\n\n<figure class=\"wp-block-table\"><table><tbody><tr><td class=\"has-text-align-center\" data-align=\"center\" colspan=\"3\"><strong>Intencje mszalne &#8211; Parafia \u015bw. Miko\u0142aja w Parchowie<\/strong><strong><\/strong><\/td><\/tr><tr><td class=\"has-text-align-center\" data-align=\"center\" rowspan=\"3\"><strong><u><br>Poniedzia\u0142ek\u00a0<\/u><\/strong> <br>4.08.2025<\/td><td><strong>7:00<\/strong><\/td><td><strong>Kaplica si\u00f3str: <\/strong>+ Anna Hendrych \u2013 int. ucz. pogrzebu<\/td><\/tr><tr><td class=\"has-text-align-center\" data-align=\"center\"><strong>17:00<\/strong><\/td><td>+ Anna i Robert Klawikowscy, zm. z rodziny i dusze w czy\u015b\u0107cu &nbsp;<\/td><\/tr><tr><td class=\"has-text-align-center\" data-align=\"center\"><strong>18:00<\/strong><\/td><td>+ Mieczys\u0142aw i Anna W\u0119sierscy w 15 r. \u015bm. ojca \u2013 int. rodziny<\/td><\/tr><tr><td class=\"has-text-align-center\" data-align=\"center\" rowspan=\"3\"><strong><u>Wtorek<\/u><\/strong> <br>5.08.2025<\/td><td><strong>7:00<\/strong><\/td><td><strong>Kaplica si\u00f3str: <\/strong>+ J\u00f3zef Wrycz Rekowski<\/td><\/tr><tr><td class=\"has-text-align-center\" data-align=\"center\"><strong>17:00<\/strong><\/td><td>+ Bernard Jereczek w r. \u015bm. &nbsp;&nbsp;<\/td><\/tr><tr><td class=\"has-text-align-center\" data-align=\"center\"><strong>18:00<\/strong><\/td><td>+ Paulina Wi\u015bniewska<\/td><\/tr><tr><td class=\"has-text-align-center\" data-align=\"center\" rowspan=\"4\"><strong><u>\u015aroda<\/u><\/strong> <br>6.08.2025<\/td><td><strong>7:00<\/strong><\/td><td><strong>Kaplica si\u00f3str: <\/strong>&#8211; int. Si\u00f3str<\/td><\/tr><tr><td class=\"has-text-align-center\" data-align=\"center\"><strong>17:00<\/strong><\/td><td>+ te\u015bciowie Franciszka i Franciszek Wolscy, m\u0105\u017c Stanis\u0142aw &nbsp;<\/td><\/tr><tr><td class=\"has-text-align-center\" data-align=\"center\"><strong>18:00<\/strong><\/td><td>+ Stanis\u0142aw Majkowski w d. ur.<\/td><\/tr><tr><td class=\"has-text-align-center\" data-align=\"center\"><strong>18:30<\/strong><\/td><td><strong>Adoracja Naj\u015bwi\u0119tszego Sakramentu<\/strong><\/td><\/tr><tr><td class=\"has-text-align-center\" data-align=\"center\" rowspan=\"4\"><strong><u>Czwartek<\/u><\/strong> <br>7.08.2025<\/td><td><strong>7:00<\/strong><\/td><td><strong>Kaplica si\u00f3str: <\/strong>+ Stanis\u0142aw Majkowski \u2013 int. ucz. pogrzebu<\/td><\/tr><tr><td class=\"has-text-align-center\" data-align=\"center\"><strong>16:00<\/strong><\/td><td><strong>Adoracja Naj\u015bwi\u0119tszego Sakramentu<\/strong><\/td><\/tr><tr><td class=\"has-text-align-center\" data-align=\"center\"><strong>17:00<\/strong><\/td><td>+ Henryk i Teresa Cyrzon, Regina i Stanis\u0142aw Jereczek i zm. z rodziny &nbsp;<\/td><\/tr><tr><td class=\"has-text-align-center\" data-align=\"center\"><strong>18:00<\/strong><\/td><td>+ J\u00f3zef i Edeltruda Flis, Piotr Flis, Dominik Kozicki, Katarzyna Gro\u0144ska, Ruth Pol &nbsp;&nbsp;<strong><\/strong><\/td><\/tr><tr><td class=\"has-text-align-center\" data-align=\"center\" rowspan=\"3\"><strong><u>Pi\u0105tek<\/u><\/strong> <br>8.08.2025<\/td><td><strong>7:00<\/strong><\/td><td><strong>Kaplica si\u00f3str: <\/strong>+ Ryszard Stenka \u2013 int. ucz. pogrzebu<\/td><\/tr><tr><td class=\"has-text-align-center\" data-align=\"center\"><strong>17:00<\/strong><\/td><td>&#8211; w podz. za otrzymane \u0142aski z pro\u015bb\u0105 o b\u0142. Bo\u017ce, op. NMP dla rodziny &nbsp;&nbsp; Baumgard, Regli\u0144skich i Niklas &nbsp;<\/td><\/tr><tr><td class=\"has-text-align-center\" data-align=\"center\"><strong>18:00<\/strong><\/td><td>+ Teresa G\u0142odowska w 15 r. \u015bm. \u2013 int. m\u0119\u017ca<\/td><\/tr><tr><td class=\"has-text-align-center\" data-align=\"center\" rowspan=\"3\"><strong><u>Sobota<\/u><\/strong> <br>9.08.2025<\/td><td><strong>7:00<\/strong><\/td><td><strong>Kaplica si\u00f3str: <\/strong>+ Anastazja i Jan Kreft, Janina Szyca, Stanis\u0142aw Szyca, dusze w czy\u015b\u0107cu<\/td><\/tr><tr><td class=\"has-text-align-center\" data-align=\"center\"><strong>17:00<\/strong><\/td><td>+ Aniela, Stefania i J\u00f3zef Reszka i zm. rodze\u0144stwo \u2013 int. Stefanii Adamskiej -Senator<\/td><\/tr><tr><td class=\"has-text-align-center\" data-align=\"center\"><strong>18:00<\/strong><\/td><td>&#8211; w podz. za \u0142aski z pro\u015bb\u0105 o b\u0142. Bo\u017ce, op. NMP dla ma\u0142\u017c. Jaros\u0142awa i Bogumi\u0142y i ca\u0142ej rodziny z ok. 10 r. \u015blubu<\/td><\/tr><tr><td class=\"has-text-align-center\" data-align=\"center\" rowspan=\"3\"><strong><u>Niedziela<\/u><\/strong> <br>10.08.2025<\/td><td><strong>7:00<\/strong><\/td><td>+ Wojciech Wera z ok. ur.<\/td><\/tr><tr><td class=\"has-text-align-center\" data-align=\"center\"><strong>09:30<\/strong><\/td><td>+ Klara i Franciszek Pluto Pr\u0105dzy\u0144scy<\/td><\/tr><tr><td class=\"has-text-align-center\" data-align=\"center\"><strong>11:30<\/strong><\/td><td>&#8211; w podz. za otrzymane \u0142aski z pro\u015bb\u0105 o zdrowie, b\u0142. Bo\u017ce, op. NMP dla Henryka z ok. 70 ur. \u2013 int. rodziny<\/td><\/tr><\/tbody><\/table><\/figure>\n\n\n\n<p><\/p>\n\n\n\n<p><\/p>\n","protected":false},"excerpt":{"rendered":"<p>&nbsp; XVIII Niedziela zwyk\u0142a \u2013 3 sierpnia 2025r. &nbsp; \u00a01. Za tydzie\u0144 kolekta inwestycyjna. &nbsp; \u00a02. W tym tygodniu w liturgii Ko\u015bcio\u0142a obchodzimy: &#8211; &hellip;<\/p>\n","protected":false},"author":1,"featured_media":253,"comment_status":"closed","ping_status":"closed","sticky":false,"template":"","format":"standard","meta":{"footnotes":""},"categories":[5],"tags":[],"class_list":["post-1674","post","type-post","status-publish","format-standard","has-post-thumbnail","hentry","category-ogloszenia"],"_links":{"self":[{"href":"https:\/\/parafiaparchowo.pl\/index.php?rest_route=\/wp\/v2\/posts\/1674","targetHints":{"allow":["GET"]}}],"collection":[{"href":"https:\/\/parafiaparchowo.pl\/index.php?rest_route=\/wp\/v2\/posts"}],"about":[{"href":"https:\/\/parafiaparchowo.pl\/index.php?rest_route=\/wp\/v2\/types\/post"}],"author":[{"embeddable":true,"href":"https:\/\/parafiaparchowo.pl\/index.php?rest_route=\/wp\/v2\/users\/1"}],"replies":[{"embeddable":true,"href":"https:\/\/parafiaparchowo.pl\/index.php?rest_route=%2Fwp%2Fv2%2Fcomments&post=1674"}],"version-history":[{"count":1,"href":"https:\/\/parafiaparchowo.pl\/index.php?rest_route=\/wp\/v2\/posts\/1674\/revisions"}],"predecessor-version":[{"id":1738,"href":"https:\/\/parafiaparchowo.pl\/index.php?rest_route=\/wp\/v2\/posts\/1674\/revisions\/1738"}],"wp:featuredmedia":[{"embeddable":true,"href":"https:\/\/parafiaparchowo.pl\/index.php?rest_route=\/wp\/v2\/media\/253"}],"wp:attachment":[{"href":"https:\/\/parafiaparchowo.pl\/index.php?rest_route=%2Fwp%2Fv2%2Fmedia&parent=1674"}],"wp:term":[{"taxonomy":"category","embeddable":true,"href":"https:\/\/parafiaparchowo.pl\/index.php?rest_route=%2Fwp%2Fv2%2Fcategories&post=1674"},{"taxonomy":"post_tag","embeddable":true,"href":"https:\/\/parafiaparchowo.pl\/index.php?rest_route=%2Fwp%2Fv2%2Ftags&post=1674"}],"curies":[{"name":"wp","href":"https:\/\/api.w.org\/{rel}","templated":true}]}}