{"id":1666,"date":"2025-07-12T21:17:42","date_gmt":"2025-07-12T19:17:42","guid":{"rendered":"https:\/\/parafiaparchowo.pl\/?p=1666"},"modified":"2025-07-12T21:17:43","modified_gmt":"2025-07-12T19:17:43","slug":"ogloszenia-parafialne-xv-niedziela-zwykla-13-07-2025r","status":"publish","type":"post","link":"https:\/\/parafiaparchowo.pl\/?p=1666","title":{"rendered":"Og\u0142oszenia parafialne \u2013 XV Niedziela zwyk\u0142a 13.07.2025r."},"content":{"rendered":"\n<p>1. B\u00f3g zap\u0142a\u0107 za ofiary z\u0142o\u017cone na inwestycje w naszej parafii.<\/p>\n\n\n\n<ol class=\"wp-block-list\"><\/ol>\n\n\n\n<p>2. W tym tygodniu w liturgii Ko\u015bcio\u0142a obchodzimy:<\/p>\n\n\n\n<p>&#8211; we wtorek 15.07. \u2013 \u015bw. Bonawentury<\/p>\n\n\n\n<p>&#8211; w \u015brod\u0119 16.07. \u2013 NMP z G\u00f3ry Karmel<\/p>\n\n\n\n<p>3. Adoracja Naj\u015bwi\u0119tszego Sakramentu w \u015brod\u0119 od godz. 18:30 i w czwartek od godz. 16:00 w intencji powo\u0142a\u0144.<\/p>\n\n\n\n<p>4. W pi\u0105tek 18 lipca w naszej parafii b\u0119dziemy go\u015bci\u0107 pielgrzym\u00f3w z Miastka, kt\u00f3rzy pielgrzymuj\u0105 do Sanktuarium MB Kr\u00f3lowej Kaszub.<\/p>\n\n\n\n<p>5. W pi\u0105tek 18 lipca na godz. 18:30 zapraszam na spotkanie organizacyjne w sprawie pielgrzymki do Medjugorie. Prosz\u0119 r\u00f3wnie\u017c o uregulowanie \u00a0reszty wp\u0142at na wyjazd.<\/p>\n\n\n\n<p>6. 20 lipca w Sianowie rozpoczyna si\u0119 odpust ku czci Matki Bo\u017cej Kr\u00f3lowej Kaszub. W niedziel\u0119 o godz. 16:15 wyjazd do Sanktuarium MB Sianowskiej na modlitwy wieczorne i Apel Sianowski. Koszt wyjazdu 30 z\u0142. Zapisy<br>u ks. proboszcza.<\/p>\n\n\n\n<figure class=\"wp-block-table\"><table><tbody><tr><td rowspan=\"3\"><strong><u><br>Poniedzia\u0142ek\u00a0<\/u><\/strong> <br>14.07.2025<\/td><td><strong>7:00<\/strong><\/td><td><strong>Kaplica si\u00f3str: <\/strong>o b\u0142. Bo\u017ce, op. NMP dla wszystkich Parafian<\/td><\/tr><tr><td><strong>17:00<\/strong><\/td><td>&#8211; w podz. za \u0142aski z pro\u015bb\u0105 o b\u0142. Bo\u017ce, op. NMP dla rodziny Klasa i Hinc<\/td><\/tr><tr><td><strong>18:00<\/strong><\/td><td>+ Marian Szyca w 16 r. \u015bm.<\/td><\/tr><tr><td rowspan=\"3\"><strong><u>Wtorek<\/u><\/strong> <br>15.07.2025<\/td><td><strong>7:00<\/strong><\/td><td><strong>Kaplica si\u00f3str: <\/strong>&#8211; o zdrowie, b\u0142. Bo\u017ce, op. NMP dla si\u00f3str, mieszkanek DPS i ca\u0142ego personelu \u2013 int. J. Ga\u0142ek<\/td><\/tr><tr><td><strong>17:00<\/strong><\/td><td>+ Teresa i Czes\u0142aw Bronk<\/td><\/tr><tr><td><strong>18:00<\/strong><\/td><td>&#8211; o zdr., b\u0142. Bo\u017ce, op. NMP dla cz\u0142onki\u0144 R\u00f3\u017cy \u015bw. Marii Magdaleny i ich rodzin \u2013 int. R\u00f3\u017cy<\/td><\/tr><tr><td rowspan=\"4\"><strong><u>\u015aroda<\/u><\/strong> <br>16.07.2025<\/td><td><strong>7:00<\/strong><\/td><td><strong>Kaplica si\u00f3str: &#8211; <\/strong>int. Si\u00f3str<\/td><\/tr><tr><td><strong>17:00<\/strong><\/td><td>+ Czes\u0142aw Orlikowski<\/td><\/tr><tr><td><strong>18:00<\/strong><\/td><td>+ Teresa, Wac\u0142aw, Wies\u0142aw Chylewscy<\/td><\/tr><tr><td><strong>18:30<\/strong><\/td><td><strong>Adoracja Naj\u015bwi\u0119tszego Sakramentu<\/strong><\/td><\/tr><tr><td rowspan=\"4\"><strong><u>Czwartek<\/u><\/strong> <br>17.07.2025<\/td><td><strong>7:00<\/strong><\/td><td><strong>Kaplica si\u00f3str: <\/strong>+ Leokadia, J\u00f3zef i Ewa Lis<\/td><\/tr><tr><td><strong>16:00<\/strong><\/td><td><strong>Adoracja Naj\u015bwi\u0119tszego Sakramentu<\/strong><\/td><\/tr><tr><td><strong>17:00<\/strong><\/td><td>&#8211; w podz. za otrzymane \u0142aski z pro\u015bb\u0105 o zdr., b\u0142. Bo\u017ce, op. NMP dla &nbsp; Zdzis\u0142awa z ok. 80 ur. i ca\u0142ej rodziny<\/td><\/tr><tr><td><strong>18:00<\/strong><\/td><td>+ Andrzej i Franciszka Pepli\u0144scy w r. \u015bm. matki, Adam Kreft<strong><\/strong><\/td><\/tr><tr><td rowspan=\"3\"><strong><u>Pi\u0105tek<\/u><\/strong> <br>18.07.2025<\/td><td><strong>7:00<\/strong><\/td><td><strong>Kaplica si\u00f3str: <\/strong>+ dusze w czy\u015b\u0107cu &#8211; int. rodziny Wenta<\/td><\/tr><tr><td><strong>17:00<\/strong><\/td><td>&#8211; w podz. za \u0142aski z pro\u015bb\u0105 o b\u0142. Bo\u017ce, op. NMP dla rodziny Penkowskich<\/td><\/tr><tr><td><strong>18:00<\/strong><\/td><td>+ Edmund Piankowski \u2013 int. ucz. pogrzebu<\/td><\/tr><tr><td rowspan=\"3\"><strong><u>Sobota<\/u><\/strong> <br>19.07.2025<\/td><td><strong>7:00<\/strong><\/td><td>+ Anna i Robert Wenta<\/td><\/tr><tr><td><strong>17:00<\/strong><\/td><td>&#8211; w podz. za otrzymane \u0142aski z pro\u015bb\u0105 o b\u0142. Bo\u017ce, op. NMP dla ma\u0142\u017c. Jolanty i Kazimierza Wa\u0142dowskich i ca\u0142ej rodziny z ok. 43 r. \u015blubu<\/td><\/tr><tr><td><strong>18:00<\/strong><\/td><td>&#8211; w podz. za \u0142aski z pro\u015bb\u0105 o b\u0142. Bo\u017ce, op. NMP dla Aleksandry z ok. ur.<\/td><\/tr><tr><td rowspan=\"3\"><strong><u>Niedziela<\/u><\/strong> <br>20.07.2025<\/td><td><strong>7:00<\/strong><\/td><td>+ Edmund w r. \u015bm. i Gertruda Durawa, Piotr, Aniela, Stanis\u0142aw \u2013 int. rodziny<\/td><\/tr><tr><td><strong>09:30<\/strong><\/td><td>+ Tomasz Kulczak, Klara i Franciszek Pluto Pr\u0105dzy\u0144scy<\/td><\/tr><tr><td><strong>11:30<\/strong><\/td><td>+ Jan i R\u00f3\u017ca Majkowscy<\/td><\/tr><\/tbody><\/table><\/figure>\n\n\n\n<p><\/p>\n","protected":false},"excerpt":{"rendered":"<p>1. B\u00f3g zap\u0142a\u0107 za ofiary z\u0142o\u017cone na inwestycje w naszej parafii. 2. W tym tygodniu w liturgii Ko\u015bcio\u0142a obchodzimy: &#8211; we wtorek 15.07. \u2013 &hellip;<\/p>\n","protected":false},"author":1,"featured_media":253,"comment_status":"closed","ping_status":"closed","sticky":false,"template":"","format":"standard","meta":{"footnotes":""},"categories":[5],"tags":[],"class_list":["post-1666","post","type-post","status-publish","format-standard","has-post-thumbnail","hentry","category-ogloszenia"],"_links":{"self":[{"href":"https:\/\/parafiaparchowo.pl\/index.php?rest_route=\/wp\/v2\/posts\/1666","targetHints":{"allow":["GET"]}}],"collection":[{"href":"https:\/\/parafiaparchowo.pl\/index.php?rest_route=\/wp\/v2\/posts"}],"about":[{"href":"https:\/\/parafiaparchowo.pl\/index.php?rest_route=\/wp\/v2\/types\/post"}],"author":[{"embeddable":true,"href":"https:\/\/parafiaparchowo.pl\/index.php?rest_route=\/wp\/v2\/users\/1"}],"replies":[{"embeddable":true,"href":"https:\/\/parafiaparchowo.pl\/index.php?rest_route=%2Fwp%2Fv2%2Fcomments&post=1666"}],"version-history":[{"count":1,"href":"https:\/\/parafiaparchowo.pl\/index.php?rest_route=\/wp\/v2\/posts\/1666\/revisions"}],"predecessor-version":[{"id":1725,"href":"https:\/\/parafiaparchowo.pl\/index.php?rest_route=\/wp\/v2\/posts\/1666\/revisions\/1725"}],"wp:featuredmedia":[{"embeddable":true,"href":"https:\/\/parafiaparchowo.pl\/index.php?rest_route=\/wp\/v2\/media\/253"}],"wp:attachment":[{"href":"https:\/\/parafiaparchowo.pl\/index.php?rest_route=%2Fwp%2Fv2%2Fmedia&parent=1666"}],"wp:term":[{"taxonomy":"category","embeddable":true,"href":"https:\/\/parafiaparchowo.pl\/index.php?rest_route=%2Fwp%2Fv2%2Fcategories&post=1666"},{"taxonomy":"post_tag","embeddable":true,"href":"https:\/\/parafiaparchowo.pl\/index.php?rest_route=%2Fwp%2Fv2%2Ftags&post=1666"}],"curies":[{"name":"wp","href":"https:\/\/api.w.org\/{rel}","templated":true}]}}