{"id":1665,"date":"2025-07-26T20:24:22","date_gmt":"2025-07-26T18:24:22","guid":{"rendered":"https:\/\/parafiaparchowo.pl\/?p=1665"},"modified":"2025-07-26T20:24:23","modified_gmt":"2025-07-26T18:24:23","slug":"ogloszenia-parafialne-xvii-niedziela-zwykla-27-07-2025r","status":"publish","type":"post","link":"https:\/\/parafiaparchowo.pl\/?p=1665","title":{"rendered":"Og\u0142oszenia parafialne \u2013 XVII Niedziela zwyk\u0142a &#8211; 27.07.2025r."},"content":{"rendered":"\n<figure class=\"wp-block-table\"><table><tbody><tr><td class=\"has-text-align-center\" data-align=\"center\" colspan=\"2\">&nbsp; <strong>XVII Niedziela zwyk\u0142a \u2013 27 lipca 2025r.<\/strong> &nbsp;<\/td><\/tr><tr><td class=\"has-text-align-center\" data-align=\"center\">\u00a01.<\/td><td>W tym tygodniu rozpoczyna si\u0119 sierpie\u0144, miesi\u0105c trze\u017awo\u015bci. Pami\u0119tajmy o modlitwie w intencji trze\u017awo\u015bci w naszym Narodzie. &nbsp;<\/td><\/tr><tr><td class=\"has-text-align-center\" data-align=\"center\">\u00a02.<\/td><td>Dzisiaj po ka\u017cdej Mszy \u015bw. odb\u0119dzie si\u0119 \u015bwi\u0119cenie pojazd\u00f3w z ok. \u015bw. Krzysztofa \u2013 patrona kierowc\u00f3w. Przy tej okazji odbywa si\u0119 zbi\u00f3rka na rzecz MIVA Polska, zebrane \u015brodki przeznaczone b\u0119d\u0105 na zakup \u015brodk\u00f3w transportu dla polskich misjonarzy. \u00a0<\/td><\/tr><tr><td class=\"has-text-align-center\" data-align=\"center\">\u00a03.<\/td><td><strong>W tym tygodniu w liturgii Ko\u015bcio\u0142a obchodzimy:<\/strong> <br>&#8211; w poniedzia\u0142ek 28.07. \u2013 \u015bw. Szarbela <br>&#8211; we wtorek 29.07. &#8211; \u015bwi\u0119tych Marty, Marii i \u0141azarza <br>&#8211; w czwartek 31.07. \u00a0\u2013 \u015bw. Ignacego z Loyoli <br>&#8211; w pi\u0105tek 1.08. &#8211; \u015bw. Alfonsa Marii Liguoriego \u00a0<\/td><\/tr><tr><td class=\"has-text-align-center\" data-align=\"center\">\u00a04.<\/td><td>Adoracja Naj\u015bwi\u0119tszego Sakramentu w \u015brod\u0119 od 18:30, oraz w czwartek od godz. 16:00 w intencji powo\u0142a\u0144 kap\u0142a\u0144skich, zakonnych i misyjnych &nbsp;<\/td><\/tr><tr><td class=\"has-text-align-center\" data-align=\"center\">\u00a05.<\/td><td>W pierwszy pi\u0105tek miesi\u0105ca spowied\u017a od godz. 16:00. O godz. 18:30 Adoracja Naj\u015bwi\u0119tszego Sakramentu i R\u00f3\u017caniec prowadzony przez ro\u017ce r\u00f3\u017ca\u0144cowe. &nbsp;<\/td><\/tr><tr><td class=\"has-text-align-center\" data-align=\"center\">\u00a06.<\/td><td>W pierwsz\u0105 sobot\u0119 miesi\u0105ca o godz. 18:30 Adoracja Naj\u015bwi\u0119tszego Sakramentu i nabo\u017ce\u0144stwo wynagradzaj\u0105ce Niepokalanemu Sercu NMP. &nbsp;<\/td><\/tr><tr><td class=\"has-text-align-center\" data-align=\"center\">\u00a07.<\/td><td>15 sierpnia w dniu odpustu Wniebowzi\u0119cia NMP, od godz. 15:00 do 18:00, odb\u0119dzie si\u0119 piknik rodzinny w parafialnym ogrodzie. Serdecznie zapraszam. \u00a0<\/td><\/tr><tr><td class=\"has-text-align-center\" data-align=\"center\">\u00a08.<\/td><td>Duszpasterstwo Trze\u017awo\u015bci zaprasza na rekolekcje maryjne do sanktuarium w Skrzatuszu pod has\u0142em \u201eMatczyne \u0142zy \u2013 z Matk\u0105 Bolesn\u0105 uczymy si\u0119 ratowa\u0107 i m\u0105drze wspiera\u0107 ludzi zagubionych i uzale\u017cnionych\u201d. Odb\u0119d\u0105 si\u0119 one w dniach 4-6 sierpnia 2025 r. Koszt 320 z\u0142. Wi\u0119cej informacji na stronie: &nbsp;&nbsp;&nbsp;&nbsp;&nbsp;&nbsp;&nbsp;&nbsp; www.duszpasterstwotrzezwosci.peplin.opoka.org.pl &nbsp;<\/td><\/tr><tr><td class=\"has-text-align-center\" data-align=\"center\">\u00a09.<\/td><td><strong>Zapowiedzi przed\u015blubne: <\/strong>\u00a0 <br>&#8211; Dariusz Klaman, par. Parchowo <br>&#8211; Patrycja Wi\u0119czkowska, par. Niezabyszewo \u00a0 <br><br>&#8211; Pawe\u0142 Janta, par. Parchowo <br>&#8211; Kamila Szulfer, par. M\u0105drzechowo \u00a0 <br><br>&#8211; Wojciech Szyca, par. Parchowo <br>&#8211; Marta Furmanek, par. Niezabyszewo \u00a0 \u00a0<\/td><\/tr><\/tbody><\/table><\/figure>\n\n\n\n<p><\/p>\n\n\n\n<figure class=\"wp-block-table\"><table><tbody><tr><td class=\"has-text-align-center\" data-align=\"center\" colspan=\"3\"><strong>Intencje mszalne &#8211; Parafia \u015bw. Miko\u0142aja w Parchowie<\/strong><strong><\/strong><\/td><\/tr><tr><td class=\"has-text-align-center\" data-align=\"center\" rowspan=\"3\"><strong><u><br>Poniedzia\u0142ek\u00a0<\/u><\/strong> <br>28.07.2025<\/td><td><strong>7:00<\/strong><\/td><td><strong>Kaplica si\u00f3str: <\/strong>+ Jadwiga i Brunon Durawa i zm. z rodziny<\/td><\/tr><tr><td class=\"has-text-align-center\" data-align=\"center\"><strong>17:00<\/strong><\/td><td>+ Jan i Teodor, Bronis\u0142awa Kinowscy<\/td><\/tr><tr><td class=\"has-text-align-center\" data-align=\"center\"><strong>18:00<\/strong><\/td><td>+ Agnieszka w d. ur. i Wiktor Lewna, Bart\u0142omiej, Julia i J\u00f3zef &nbsp;<\/td><\/tr><tr><td class=\"has-text-align-center\" data-align=\"center\" rowspan=\"3\"><strong><u>Wtorek<\/u><\/strong> <br>29.07.2025<\/td><td><strong>7:00<\/strong><\/td><td><strong>Kaplica si\u00f3str: <\/strong>+ Genowefa Du\u0142ak \u2013 int. pracownik\u00f3w DPS i Si\u00f3str<\/td><\/tr><tr><td class=\"has-text-align-center\" data-align=\"center\"><strong>17:00<\/strong><\/td><td>+ Eugenia K\u0105kol \u2013 int. ucz. pogrzebu &nbsp;<\/td><\/tr><tr><td class=\"has-text-align-center\" data-align=\"center\"><strong>18:00<\/strong><\/td><td>&#8211; o b\u0142. Bo\u017ce, op. NMP dla wszystkich Parafian<\/td><\/tr><tr><td class=\"has-text-align-center\" data-align=\"center\" rowspan=\"4\"><strong><u>\u015aroda<\/u><\/strong> <br>30.07.2025<\/td><td><strong>7:00<\/strong><\/td><td><strong>Kaplica si\u00f3str: <\/strong>+ dusze w czy\u015b\u0107cu<\/td><\/tr><tr><td class=\"has-text-align-center\" data-align=\"center\"><strong>17:00<\/strong><\/td><td>+ Ryszard Stenka \u2013 int. rodziny Butowskich<\/td><\/tr><tr><td class=\"has-text-align-center\" data-align=\"center\"><strong>18:00<\/strong><\/td><td>+ rodz. Agnieszka i Antoni, dziadkowie z ob. str.<\/td><\/tr><tr><td class=\"has-text-align-center\" data-align=\"center\"><strong>18:30<\/strong><\/td><td><strong>Adoracja Naj\u015bwi\u0119tszego Sakramentu<\/strong><\/td><\/tr><tr><td class=\"has-text-align-center\" data-align=\"center\" rowspan=\"4\"><strong><u>Czwartek<\/u><\/strong> <br>31.07.2025<\/td><td><strong>7:00<\/strong><\/td><td><strong>Kaplica si\u00f3str: <\/strong>+ Irena Jakusz \u2013 int. ucz. pogrzebu<\/td><\/tr><tr><td class=\"has-text-align-center\" data-align=\"center\"><strong>16:00<\/strong><\/td><td><strong>Adoracja Naj\u015bwi\u0119tszego Sakramentu<\/strong><\/td><\/tr><tr><td class=\"has-text-align-center\" data-align=\"center\"><strong>17:00<\/strong><\/td><td>+ Ma\u0142gorzata, Franciszek, Piotr i Wac\u0142aw G\u0142\u00f3wczewscy<\/td><\/tr><tr><td class=\"has-text-align-center\" data-align=\"center\"><strong>18:00<\/strong><\/td><td>+ Edmund Piankowski \u2013 int. R\u00f3\u017cy \u015bw. J\u00f3zefa &nbsp;<strong><\/strong><\/td><\/tr><tr><td class=\"has-text-align-center\" data-align=\"center\" rowspan=\"4\"><strong><u>I Pi\u0105tek<\/u><\/strong> <br>1.08.2025<\/td><td><strong>7:00<\/strong><\/td><td><strong>Kaplica si\u00f3str: <\/strong>&#8211; int. Si\u00f3str<\/td><\/tr><tr><td class=\"has-text-align-center\" data-align=\"center\"><strong>16:00<\/strong><\/td><td><strong>Spowied\u017a<\/strong><\/td><\/tr><tr><td class=\"has-text-align-center\" data-align=\"center\"><strong>17:00<\/strong><\/td><td>+ Leon, \u0141ucja, Jan, J\u00f3zef \u0141\u0105ccy, Teresa Kreft, Waleria Cyman w r. \u015bm. ojca<\/td><\/tr><tr><td class=\"has-text-align-center\" data-align=\"center\"><strong>18:00<\/strong><\/td><td>+ Stanis\u0142aw Wilma w 17r. \u015bm., dziadkowie Wilma i B\u0142aszkowscy &nbsp;&nbsp;<\/td><\/tr><tr><td class=\"has-text-align-center\" data-align=\"center\">&nbsp;<\/td><td><strong>18:30<\/strong><\/td><td><strong>Adoracja Naj\u015bwi\u0119tszego Sakramentu i R\u00f3\u017caniec<\/strong><\/td><\/tr><tr><td class=\"has-text-align-center\" data-align=\"center\" rowspan=\"3\"><strong><u>I Sobota<\/u><\/strong> <br>2.08.2025<\/td><td><strong>7:00<\/strong><\/td><td><strong>Kaplica si\u00f3str: <\/strong>&nbsp;&#8211; int. Si\u00f3str<\/td><\/tr><tr><td class=\"has-text-align-center\" data-align=\"center\"><strong>16:00<\/strong><\/td><td>Msza \u015bw. \u015blubna: Adrian i Daria<\/td><\/tr><tr><td class=\"has-text-align-center\" data-align=\"center\"><strong>18:00<\/strong><\/td><td>+ ojciec Czes\u0142aw, J\u00f3zef i Stefania Strojk z ok. ur.<\/td><\/tr><tr><td class=\"has-text-align-center\" data-align=\"center\">&nbsp;<\/td><td><strong>18:30<\/strong><\/td><td><strong>Adoracja Naj\u015bwi\u0119tszego Sakramentu i nabo\u017ce\u0144stwo wynagradzaj\u0105ce Niepokalanemu Sercu NMP<\/strong><\/td><\/tr><tr><td class=\"has-text-align-center\" data-align=\"center\" rowspan=\"3\"><strong><u>Niedziela<\/u><\/strong> <br>3.08.2025<\/td><td><strong>7:00<\/strong><\/td><td>&#8211; o b\u0142. Bo\u017ce, op. NMP dla wszystkich Parafian<\/td><\/tr><tr><td class=\"has-text-align-center\" data-align=\"center\"><strong>09:30<\/strong><\/td><td>+ Jan i Monika Bronk, Marianna i Jan Las<\/td><\/tr><tr><td class=\"has-text-align-center\" data-align=\"center\"><strong>11:30<\/strong><\/td><td>+ Dorota, J\u00f3zef z ok. 11 r. \u015bm., Henryk Dziemi\u0144scy &nbsp;&nbsp;<\/td><\/tr><\/tbody><\/table><\/figure>\n\n\n\n<p><\/p>\n","protected":false},"excerpt":{"rendered":"<p>&nbsp; XVII Niedziela zwyk\u0142a \u2013 27 lipca 2025r. &nbsp; \u00a01. W tym tygodniu rozpoczyna si\u0119 sierpie\u0144, miesi\u0105c trze\u017awo\u015bci. Pami\u0119tajmy o modlitwie w intencji trze\u017awo\u015bci &hellip;<\/p>\n","protected":false},"author":1,"featured_media":253,"comment_status":"closed","ping_status":"closed","sticky":false,"template":"","format":"standard","meta":{"footnotes":""},"categories":[5],"tags":[],"class_list":["post-1665","post","type-post","status-publish","format-standard","has-post-thumbnail","hentry","category-ogloszenia"],"_links":{"self":[{"href":"https:\/\/parafiaparchowo.pl\/index.php?rest_route=\/wp\/v2\/posts\/1665","targetHints":{"allow":["GET"]}}],"collection":[{"href":"https:\/\/parafiaparchowo.pl\/index.php?rest_route=\/wp\/v2\/posts"}],"about":[{"href":"https:\/\/parafiaparchowo.pl\/index.php?rest_route=\/wp\/v2\/types\/post"}],"author":[{"embeddable":true,"href":"https:\/\/parafiaparchowo.pl\/index.php?rest_route=\/wp\/v2\/users\/1"}],"replies":[{"embeddable":true,"href":"https:\/\/parafiaparchowo.pl\/index.php?rest_route=%2Fwp%2Fv2%2Fcomments&post=1665"}],"version-history":[{"count":2,"href":"https:\/\/parafiaparchowo.pl\/index.php?rest_route=\/wp\/v2\/posts\/1665\/revisions"}],"predecessor-version":[{"id":1735,"href":"https:\/\/parafiaparchowo.pl\/index.php?rest_route=\/wp\/v2\/posts\/1665\/revisions\/1735"}],"wp:featuredmedia":[{"embeddable":true,"href":"https:\/\/parafiaparchowo.pl\/index.php?rest_route=\/wp\/v2\/media\/253"}],"wp:attachment":[{"href":"https:\/\/parafiaparchowo.pl\/index.php?rest_route=%2Fwp%2Fv2%2Fmedia&parent=1665"}],"wp:term":[{"taxonomy":"category","embeddable":true,"href":"https:\/\/parafiaparchowo.pl\/index.php?rest_route=%2Fwp%2Fv2%2Fcategories&post=1665"},{"taxonomy":"post_tag","embeddable":true,"href":"https:\/\/parafiaparchowo.pl\/index.php?rest_route=%2Fwp%2Fv2%2Ftags&post=1665"}],"curies":[{"name":"wp","href":"https:\/\/api.w.org\/{rel}","templated":true}]}}