{"id":1653,"date":"2026-02-28T19:11:13","date_gmt":"2026-02-28T18:11:13","guid":{"rendered":"https:\/\/parafiaparchowo.pl\/?p=1653"},"modified":"2026-02-28T19:11:14","modified_gmt":"2026-02-28T18:11:14","slug":"ogloszenia-parafialne-ii-niedziela-wielkiego-postu-1-03-2026","status":"publish","type":"post","link":"https:\/\/parafiaparchowo.pl\/?p=1653","title":{"rendered":"Og\u0142oszenia parafialne \u2013 II Niedziela Wielkiego Postu 1.03.2026."},"content":{"rendered":"\n<figure class=\"wp-block-table\"><table><tbody><tr><td class=\"has-text-align-center\" data-align=\"center\" colspan=\"2\">&nbsp; <strong>II Niedziela Wielkiego Postu &nbsp;\u2013 1 marca 2026r.<\/strong> &nbsp;<\/td><\/tr><tr><td class=\"has-text-align-center\" data-align=\"center\">\u00a01.<\/td><td>Dzi\u015b zbi\u00f3rka do puszek na polskich misjonarzy z okazji niedzieli \u201eAd gentes\u201d. B\u00f3g zap\u0142a\u0107 za z\u0142o\u017cone ofiary.<\/td><\/tr><tr><td class=\"has-text-align-center\" data-align=\"center\">\u00a02.<\/td><td>Za tydzie\u0144 kolekta na inwestycje w naszej parafii. &nbsp;<\/td><\/tr><tr><td class=\"has-text-align-center\" data-align=\"center\">\u00a03.<\/td><td>Adoracja Naj\u015bwi\u0119tszego Sakramentu w \u015brod\u0119 od 17:30 do 20:00, oraz w czwartek od godz. 16:00 w intencji powo\u0142a\u0144&nbsp; kap\u0142a\u0144skich, zakonnych i&nbsp; misyjnych. W czasie adoracji jest mo\u017cliwo\u015b\u0107 korzystania z sakramentu spowiedzi.<\/td><\/tr><tr><td class=\"has-text-align-center\" data-align=\"center\">\u00a04.<\/td><td>W pierwszy pi\u0105tek odwiedziny chorych z pos\u0142ug\u0105 sakramentaln\u0105 od godz. 8:30. Po po\u0142udniu od godz. 15:30 spowied\u017a. &nbsp;<\/td><\/tr><tr><td class=\"has-text-align-center\" data-align=\"center\">\u00a05.<\/td><td>W pi\u0105tek po Mszy \u015bw. Adoracja Naj\u015bwi\u0119tszego Sakramentu i r\u00f3\u017caniec prowadzony przez R\u00f3\u017ce r\u00f3\u017ca\u0144cowe.<\/td><\/tr><tr><td class=\"has-text-align-center\" data-align=\"center\">\u00a06.<\/td><td>W sobot\u0119 o godz. 17:30 Adoracja Naj\u015bwi\u0119tszego Sakramentu i Nabo\u017ce\u0144stwo Pierwszych Sob\u00f3t Miesi\u0105ca.<\/td><\/tr><tr><td class=\"has-text-align-center\" data-align=\"center\">\u00a07.<\/td><td>W Wielkim Po\u015bcie zapraszam na nabo\u017ce\u0144stwa:<br><strong>Droga Krzy\u017cowa w pi\u0105tek o godz. 17:00<\/strong><br><strong>Gorzkie \u017bale w niedziel\u0119, wyj\u0105tkowo o godz. 15:00<\/strong><\/td><\/tr><tr><td class=\"has-text-align-center\" data-align=\"center\">\u00a08.<\/td><td>W sobot\u0119 7 marca na godz. 19:00, zapraszamy na \u201eWiecz\u00f3r ma\u0142\u017ce\u0144ski\u201d do salki parafialnej. Odb\u0119dzie si\u0119 projekcja filmu i b\u0119dzie okazja wypi\u0107 kaw\u0119 lub herbat\u0119. Prosz\u0119 o zg\u0142oszenie ch\u0119ci udzia\u0142u.  Ilo\u015b\u0107 miejsc ograniczona.<\/td><\/tr><tr><td class=\"has-text-align-center\" data-align=\"center\">\u00a09.<\/td><td>Jest nowy numer \u201ePielgrzyma\u201d oraz \u201eRycerz Niepokalanej\u201d w cenie 3 z\u0142.<\/td><\/tr><tr><td class=\"has-text-align-center\" data-align=\"center\">\u00a010.<\/td><td>W dniach 2-9.10.2026 r. organizujemy pielgrzymk\u0119 do Fatimy i Santiago de Compostela. Koszt 6160 z\u0142. plus 180 euro. Zapisy u ks. proboszcza. Szczeg\u00f3\u0142y na plakacie.<\/td><\/tr><tr><td class=\"has-text-align-center\" data-align=\"center\">\u00a011.<\/td><td>Collegium Marianum Liceum Katolickie im. Jana Paw\u0142a II w Pelplinie zaprasza tegorocznych absolwent\u00f3w szko\u0142y podstawowej oraz inne osoby zainteresowane dzia\u0142alno\u015bci\u0105 szko\u0142y na dni otwarte. Odb\u0119d\u0105 si\u0119 one w soboty 7 marca i 18 kwietnia 2026 r. w godz. od 10.00 do 13.00. Collegium Marianum w tym roku obchodzi 190 rocznic\u0119 powstania, a od sze\u015bciu lat jest szko\u0142\u0105 koedukacyjn\u0105 z m\u0119skim internatem. Od lat cieszy si\u0119 nie tylko bogat\u0105 histori\u0105, ale wysokim poziomem nauczania i trosk\u0105 o \u017cycie duchowe swoich wychowank\u00f3w. Bli\u017csze informacje na temat dzia\u0142alno\u015bci szko\u0142y mo\u017cna znale\u017a\u0107 na stronie: www.collegiummarianum.pl.<\/td><\/tr><tr><td class=\"has-text-align-center\" data-align=\"center\">\u00a012.<\/td><td>Gminne Centrum Kultury w Parchowie, zaprasza 8 marca o godz. 16:00 na \u201eW\u0142oski Dzie\u0144 Kobiet z Andrea Lattari\u201d.<\/td><\/tr><\/tbody><\/table><\/figure>\n\n\n\n<figure class=\"wp-block-table\"><table><tbody><tr><td class=\"has-text-align-center\" data-align=\"center\" colspan=\"3\"><strong>&nbsp;<\/strong> <strong><u>Intencje mszalne &#8211; Parafia \u015bw. Miko\u0142aja w Parchowie<\/u><\/strong> <strong>&nbsp;<\/strong><\/td><\/tr><tr><td class=\"has-text-align-center\" data-align=\"center\" rowspan=\"2\"><strong><u><br>Poniedzia\u0142ek<\/u><\/strong> <br>2.03.2026<\/td><td><strong>7:00<\/strong><\/td><td>&nbsp;<\/td><\/tr><tr><td class=\"has-text-align-center\" data-align=\"center\"><strong>17:00<\/strong><\/td><td>+ Maria Cichosz \u2013 int. R\u00f3\u017cy \u015bw. Barbary &nbsp;<\/td><\/tr><tr><td class=\"has-text-align-center\" data-align=\"center\" rowspan=\"2\"><strong><u>Wtorek<\/u><\/strong> <br>3.03.2026<\/td><td><strong>7:00<\/strong><\/td><td><strong>Kaplica si\u00f3str: <\/strong>&#8211; o b\u0142. Bo\u017ce, op. NMP dla Wszystkich Parafian, o zdrowie dla Marii<\/td><\/tr><tr><td class=\"has-text-align-center\" data-align=\"center\"><strong>17:00<\/strong><\/td><td>+ rodz. Anna i Robert Klawikowscy, Sebastian Osowski, Gerard Stefa\u0144ski<\/td><\/tr><tr><td class=\"has-text-align-center\" data-align=\"center\" rowspan=\"3\"><strong><u>\u015aroda<\/u><\/strong> <br>4.03.2026<\/td><td><strong>7:00<\/strong><\/td><td><strong>Kaplica si\u00f3str: <\/strong>&#8211;&nbsp; int. Si\u00f3str<\/td><\/tr><tr><td class=\"has-text-align-center\" data-align=\"center\"><strong>17:00<\/strong><\/td><td>+ J\u00f3zef P\u0142otka z ok. 1 r. \u015bm. &nbsp;<\/td><\/tr><tr><td class=\"has-text-align-center\" data-align=\"center\"><strong>17:30<\/strong><\/td><td><strong>Adoracja Naj\u015bwi\u0119tszego Sakramentu<\/strong><\/td><\/tr><tr><td class=\"has-text-align-center\" data-align=\"center\" rowspan=\"3\"><strong><u>Czwartek<\/u><\/strong> <br>5.03.2026<\/td><td><strong>7:00<\/strong><\/td><td><strong>Kaplica si\u00f3str: <\/strong>+ Jadwiga i Franciszek, Maciej Majkowski, Piotr Klasa<\/td><\/tr><tr><td class=\"has-text-align-center\" data-align=\"center\"><strong>16:00<\/strong><\/td><td><strong>Adoracja Naj\u015bwi\u0119tszego Sakramentu<\/strong><\/td><\/tr><tr><td class=\"has-text-align-center\" data-align=\"center\"><strong>17:00<\/strong><\/td><td>+ Franciszek i Jadwiga Brzescy z ok. 5 r. \u015bm. matki<\/td><\/tr><tr><td class=\"has-text-align-center\" data-align=\"center\" rowspan=\"5\"><strong><u>Pi\u0105tek<\/u><\/strong> <br>6.03.2026<\/td><td><strong>7:00<\/strong><\/td><td><strong>Kaplica si\u00f3str: <\/strong>&#8211;&nbsp; int. Si\u00f3str<\/td><\/tr><tr><td class=\"has-text-align-center\" data-align=\"center\"><strong>15:30<\/strong><\/td><td><strong>SPOWIED\u0179<\/strong><strong><\/strong><\/td><\/tr><tr><td class=\"has-text-align-center\" data-align=\"center\"><strong>17:00<\/strong><\/td><td><strong>Droga Krzy\u017cowa<\/strong><strong><\/strong><\/td><\/tr><tr><td class=\"has-text-align-center\" data-align=\"center\"><strong>17:30<\/strong><\/td><td>+Stanis\u0142aw i Honorata Majkowscy, Helena i Mieczys\u0142aw Majkowscy -int. dzieci<\/td><\/tr><tr><td class=\"has-text-align-center\" data-align=\"center\"><strong>18:00<\/strong><\/td><td><strong>Adoracja Naj\u015bwi\u0119tszego Sakramentu i R\u00f3\u017caniec<\/strong><\/td><\/tr><tr><td class=\"has-text-align-center\" data-align=\"center\" rowspan=\"2\"><strong><u>Sobota<\/u><\/strong> <br>7.03.2026<\/td><td><strong>7:00<\/strong><\/td><td><strong>Kaplica si\u00f3str:<\/strong> &#8211;\u00a0 int. Si\u00f3str<\/td><\/tr><tr><td class=\"has-text-align-center\" data-align=\"center\"><strong>17:00<\/strong><\/td><td>+rodz. Anna i Robert Klawikowscy w r. \u015bm. ojca, dziadkowie i babcie z ob. str. &nbsp;<\/td><\/tr><tr><td class=\"has-text-align-center\" data-align=\"center\"><strong><u>&nbsp;<\/u><\/strong><\/td><td><strong>17:30<\/strong><\/td><td><strong>Adoracja Naj\u015bwi\u0119tszego Sakramentu i Nabo\u017ce\u0144stwo Wynagradzaj\u0105ce Niepokalanemu Sercu NMP<\/strong><\/td><\/tr><tr><td class=\"has-text-align-center\" data-align=\"center\" rowspan=\"4\"><strong><u>Niedziela<\/u><\/strong> <br>8.03.2026<\/td><td><strong>7:00<\/strong><\/td><td>+ Helena i Florian Strojk &nbsp;&nbsp;&nbsp;<\/td><\/tr><tr><td class=\"has-text-align-center\" data-align=\"center\"><strong>09:30<\/strong><\/td><td>&#8211; w podz. za otrzymane \u0142aski z pro\u015bb\u0105 o b\u0142. Bo\u017ce, op. NMP dla rodz. Jereczek<\/td><\/tr><tr><td class=\"has-text-align-center\" data-align=\"center\"><strong>11:30<\/strong><\/td><td>+ zm. z rodziny Marmo\u0142owskich, Ostrowskich, Stolc, Spierewka<\/td><\/tr><tr><td class=\"has-text-align-center\" data-align=\"center\"><strong>15:00<\/strong><\/td><td><strong>Gorzkie \u017bale <\/strong><strong><\/strong><\/td><\/tr><\/tbody><\/table><\/figure>\n\n\n\n<p><\/p>\n\n\n\n<p><\/p>\n","protected":false},"excerpt":{"rendered":"<p>&nbsp; II Niedziela Wielkiego Postu &nbsp;\u2013 1 marca 2026r. &nbsp; \u00a01. Dzi\u015b zbi\u00f3rka do puszek na polskich misjonarzy z okazji niedzieli \u201eAd gentes\u201d. B\u00f3g &hellip;<\/p>\n","protected":false},"author":1,"featured_media":253,"comment_status":"closed","ping_status":"closed","sticky":false,"template":"","format":"standard","meta":{"footnotes":""},"categories":[5],"tags":[],"class_list":["post-1653","post","type-post","status-publish","format-standard","has-post-thumbnail","hentry","category-ogloszenia"],"_links":{"self":[{"href":"https:\/\/parafiaparchowo.pl\/index.php?rest_route=\/wp\/v2\/posts\/1653","targetHints":{"allow":["GET"]}}],"collection":[{"href":"https:\/\/parafiaparchowo.pl\/index.php?rest_route=\/wp\/v2\/posts"}],"about":[{"href":"https:\/\/parafiaparchowo.pl\/index.php?rest_route=\/wp\/v2\/types\/post"}],"author":[{"embeddable":true,"href":"https:\/\/parafiaparchowo.pl\/index.php?rest_route=\/wp\/v2\/users\/1"}],"replies":[{"embeddable":true,"href":"https:\/\/parafiaparchowo.pl\/index.php?rest_route=%2Fwp%2Fv2%2Fcomments&post=1653"}],"version-history":[{"count":1,"href":"https:\/\/parafiaparchowo.pl\/index.php?rest_route=\/wp\/v2\/posts\/1653\/revisions"}],"predecessor-version":[{"id":2038,"href":"https:\/\/parafiaparchowo.pl\/index.php?rest_route=\/wp\/v2\/posts\/1653\/revisions\/2038"}],"wp:featuredmedia":[{"embeddable":true,"href":"https:\/\/parafiaparchowo.pl\/index.php?rest_route=\/wp\/v2\/media\/253"}],"wp:attachment":[{"href":"https:\/\/parafiaparchowo.pl\/index.php?rest_route=%2Fwp%2Fv2%2Fmedia&parent=1653"}],"wp:term":[{"taxonomy":"category","embeddable":true,"href":"https:\/\/parafiaparchowo.pl\/index.php?rest_route=%2Fwp%2Fv2%2Fcategories&post=1653"},{"taxonomy":"post_tag","embeddable":true,"href":"https:\/\/parafiaparchowo.pl\/index.php?rest_route=%2Fwp%2Fv2%2Ftags&post=1653"}],"curies":[{"name":"wp","href":"https:\/\/api.w.org\/{rel}","templated":true}]}}